{"id":26585,"date":"2026-03-23T17:41:00","date_gmt":"2026-03-23T20:41:00","guid":{"rendered":"https:\/\/www.ufsm.br\/pro-reitorias\/prograd\/?p=26585"},"modified":"2026-04-16T07:19:43","modified_gmt":"2026-04-16T10:19:43","slug":"pet-lelia-gonzalez-de-estudos-etnico-raciais-oferta-vagas-para-bolsistas-e-nao-bolsistas","status":"publish","type":"post","link":"https:\/\/www.ufsm.br\/pro-reitorias\/prograd\/2026\/03\/23\/pet-lelia-gonzalez-de-estudos-etnico-raciais-oferta-vagas-para-bolsistas-e-nao-bolsistas","title":{"rendered":"PET &#8220;L\u00e9lia Gonzalez&#8221; de Estudos \u00c9tnico-Raciais oferta vagas para bolsistas e n\u00e3o bolsistas"},"content":{"rendered":"\n<p>\u00a0<\/p>\n<p><a href=\"https:\/\/www.ufsm.br\/app\/uploads\/sites\/342\/2026\/03\/pet-lelia-card-mar2026.jpg\"><img fetchpriority=\"high\" decoding=\"async\" class=\"alignright wp-image-26588 size-full\" src=\"https:\/\/www.ufsm.br\/app\/uploads\/sites\/342\/2026\/03\/pet-lelia-card-mar2026.jpg\" alt=\"\" width=\"476\" height=\"591\" srcset=\"https:\/\/www.ufsm.br\/app\/uploads\/sites\/342\/2026\/03\/pet-lelia-card-mar2026.jpg 476w, https:\/\/www.ufsm.br\/app\/uploads\/sites\/342\/2026\/03\/pet-lelia-card-mar2026-242x300.jpg 242w\" sizes=\"(max-width: 476px) 100vw, 476px\" \/><\/a>O <strong>Programa de Educa\u00e7\u00e3o Tutorial (PET) &#8220;L\u00e9lia Gonzalez&#8221;<\/strong> de Estudos \u00c9tnico-Raciais da UFSM est\u00e1 com edital aberto para sele\u00e7\u00e3o de acad\u00eamicos(as) bolsistas e n\u00e3o bolsistas. A bolsa mensal, no valor de R$ 700,00, ser\u00e1 paga pelo Fundo Nacional de Desenvolvimento da Educa\u00e7\u00e3o.<\/p>\n<p>S\u00e3o ofertadas <strong>duas vagas<\/strong> para estudantes bolsistas e <strong>tr\u00eas vagas<\/strong> para estudantes n\u00e3o bolsistas.<\/p>\n<p>Em conformidade com o Edital MEC 04\/2024, o PET &#8220;L\u00e9lia Gonzalez&#8221; vincula-se \u00e0 <strong>Rede de Educa\u00e7\u00e3o Antirracista<\/strong>, destinando suas vagas prioritariamente a <strong>estudantes negros(as), ind\u00edgenas e quilombolas<\/strong>. Tamb\u00e9m s\u00e3o crit\u00e9rios de desempate ter ingressado na UFSM atrav\u00e9s de A\u00e7\u00f5es Afirmativas ou ter Benef\u00edcio Socioecon\u00f4mico (BSE) ativo.<\/p>\n<p>S\u00e3o <strong>requisitos<\/strong> para ser estudante bolsista ou n\u00e3o bolsista neste Grupo PET:<br \/><br \/>1) estar matriculado(a) na UFSM entre o 2\u00ba e o 6\u00ba semestre em cursos vinculados \u00e0 \u00c1rea Interdisciplinar<strong> Ci\u00eancias Sociais e Humanidades<\/strong>;<\/p>\n<p>2) ter disponibilidade para dedicar<strong> vinte horas semanais<\/strong> ao Programa de Educa\u00e7\u00e3o Tutorial, nas atividades de Ensino, Pesquisa e Extens\u00e3o, reuni\u00f5es e demais atividades do grupo;<\/p>\n<p>3)<strong> n\u00e3o ser bolsista de outro programa<\/strong> no momento de assumir a vaga como bolsista.<\/p>\n<p>As inscri\u00e7\u00f5es podem ser feitas at\u00e9 o <strong>dia 06 de abril<\/strong>. O <a href=\"https:\/\/www.ufsm.br\/pro-reitorias\/prograd\/editais\/002-2026-2\"><strong>Edital 002\/2026<\/strong><\/a>-PET L\u00e9lia Gonzalez\/ PROGRAD\/ UFSM, com o cronograma da sele\u00e7\u00e3o e instru\u00e7\u00f5es para inscri\u00e7\u00e3o, encontra-se no site da Pr\u00f3-Reitoria de Gradua\u00e7\u00e3o, no endere\u00e7o <a href=\"https:\/\/ufsm.br\/prograd\"><strong>ufsm.br\/prograd<\/strong><\/a>.\u00a0\u00a0<\/p>\n<p><strong>O Programa de Educa\u00e7\u00e3o Tutorial &#8211;<\/strong> O <a href=\"https:\/\/www.ufsm.br\/pro-reitorias\/pre\/observatorio-de-direitos-humanos\/neabi\/pet-lelia-gonzalez\"><strong>PET &#8220;L\u00e9lia Gonzalez&#8221; de Estudos \u00c9tnico-Raciais<\/strong><\/a> objetiva desenvolver estrat\u00e9gias de educa\u00e7\u00e3o antirracistas a partir dos espa\u00e7os de forma\u00e7\u00e3o dos cursos envolvidos, de forma interdisciplinar e em di\u00e1logo com os movimentos sociais negros, ind\u00edgenas e quilombolas. Sua proposta visa fortalecer o debate institucional sobre o tema, bem como acolher demandas e desenvolver a\u00e7\u00f5es junto \u00e0s institui\u00e7\u00f5es de educa\u00e7\u00e3o b\u00e1sica e organiza\u00e7\u00f5es da sociedade civil.<\/p>\n<p>Informa\u00e7\u00f5es adicionais podem ser solicitadas ao e-mail <a href=\"mailto:pet.lelia@ufsm.br\"><strong>pet.lelia@ufsm.br<\/strong><\/a>.<\/p>\n","protected":false},"excerpt":{"rendered":"<p>Podem concorrer estudantes de gradua\u00e7\u00e3o de cursos vinculados \u00e0 \u00c1rea de Ci\u00eancias Sociais e Humanidades<\/p>\n","protected":false},"author":95,"featured_media":0,"comment_status":"closed","ping_status":"closed","sticky":false,"template":"","format":"standard","meta":{"footnotes":""},"categories":[1],"tags":[343,57,130,931,49,1021,306,47],"class_list":["post-26585","post","type-post","status-publish","format-standard","hentry","category-sem-categoria","tag-bolsas","tag-graduacao","tag-pet","tag-pet-lelia-gonzalez-de-estudos-etnico-raciais","tag-prograd","tag-programa-de-educacao-tutorial","tag-relacoes-etnico-raciais","tag-ufsm"],"acf":[],"_links":{"self":[{"href":"https:\/\/www.ufsm.br\/pro-reitorias\/prograd\/wp-json\/wp\/v2\/posts\/26585","targetHints":{"allow":["GET"]}}],"collection":[{"href":"https:\/\/www.ufsm.br\/pro-reitorias\/prograd\/wp-json\/wp\/v2\/posts"}],"about":[{"href":"https:\/\/www.ufsm.br\/pro-reitorias\/prograd\/wp-json\/wp\/v2\/types\/post"}],"author":[{"embeddable":true,"href":"https:\/\/www.ufsm.br\/pro-reitorias\/prograd\/wp-json\/wp\/v2\/users\/95"}],"replies":[{"embeddable":true,"href":"https:\/\/www.ufsm.br\/pro-reitorias\/prograd\/wp-json\/wp\/v2\/comments?post=26585"}],"version-history":[{"count":0,"href":"https:\/\/www.ufsm.br\/pro-reitorias\/prograd\/wp-json\/wp\/v2\/posts\/26585\/revisions"}],"wp:attachment":[{"href":"https:\/\/www.ufsm.br\/pro-reitorias\/prograd\/wp-json\/wp\/v2\/media?parent=26585"}],"wp:term":[{"taxonomy":"category","embeddable":true,"href":"https:\/\/www.ufsm.br\/pro-reitorias\/prograd\/wp-json\/wp\/v2\/categories?post=26585"},{"taxonomy":"post_tag","embeddable":true,"href":"https:\/\/www.ufsm.br\/pro-reitorias\/prograd\/wp-json\/wp\/v2\/tags?post=26585"}],"curies":[{"name":"wp","href":"https:\/\/api.w.org\/{rel}","templated":true}]}}