{"id":26606,"date":"2026-04-02T06:11:35","date_gmt":"2026-04-02T09:11:35","guid":{"rendered":"https:\/\/www.ufsm.br\/pro-reitorias\/prograd\/?p=26606"},"modified":"2026-04-03T02:15:12","modified_gmt":"2026-04-03T05:15:12","slug":"grupo-terapeutico-experiencias-conectadas-proporciona-troca-de-experiencias-entre-estudantes-que-vieram-de-outras-cidades","status":"publish","type":"post","link":"https:\/\/www.ufsm.br\/pro-reitorias\/prograd\/2026\/04\/02\/grupo-terapeutico-experiencias-conectadas-proporciona-troca-de-experiencias-entre-estudantes-que-vieram-de-outras-cidades","title":{"rendered":"Grupo terap\u00eautico &#8220;Experi\u00eancias Conectadas&#8221; proporciona troca de viv\u00eancias entre estudantes que vieram de outras cidades"},"content":{"rendered":"\n<p>\u00a0<\/p>\n<p><a href=\"https:\/\/www.ufsm.br\/app\/uploads\/sites\/342\/2026\/04\/UFSM-PROGRAD-CAEd-Grupo-Estudantes-Vindos-de-Fora-de-Santa-Maria-card.jpg\"><img fetchpriority=\"high\" decoding=\"async\" class=\"alignright wp-image-26607\" src=\"https:\/\/www.ufsm.br\/app\/uploads\/sites\/342\/2026\/04\/UFSM-PROGRAD-CAEd-Grupo-Estudantes-Vindos-de-Fora-de-Santa-Maria-card-300x300.jpg\" alt=\"\" width=\"500\" height=\"500\" srcset=\"https:\/\/www.ufsm.br\/app\/uploads\/sites\/342\/2026\/04\/UFSM-PROGRAD-CAEd-Grupo-Estudantes-Vindos-de-Fora-de-Santa-Maria-card-300x300.jpg 300w, https:\/\/www.ufsm.br\/app\/uploads\/sites\/342\/2026\/04\/UFSM-PROGRAD-CAEd-Grupo-Estudantes-Vindos-de-Fora-de-Santa-Maria-card-1024x1024.jpg 1024w, https:\/\/www.ufsm.br\/app\/uploads\/sites\/342\/2026\/04\/UFSM-PROGRAD-CAEd-Grupo-Estudantes-Vindos-de-Fora-de-Santa-Maria-card-150x150.jpg 150w, https:\/\/www.ufsm.br\/app\/uploads\/sites\/342\/2026\/04\/UFSM-PROGRAD-CAEd-Grupo-Estudantes-Vindos-de-Fora-de-Santa-Maria-card-768x768.jpg 768w, https:\/\/www.ufsm.br\/app\/uploads\/sites\/342\/2026\/04\/UFSM-PROGRAD-CAEd-Grupo-Estudantes-Vindos-de-Fora-de-Santa-Maria-card.jpg 1080w\" sizes=\"(max-width: 500px) 100vw, 500px\" \/><\/a>Estudantes de gradua\u00e7\u00e3o que chegam ao<em> Campus<\/em> Sede da UFSM, provenientes de outras cidades e estados, muitas vezes vivenciam suas <strong>novas experi\u00eancias e desafios no ensino superior<\/strong> sem oportunidades de partilhar ang\u00fastias, dificuldades, d\u00favidas e solu\u00e7\u00f5es.<\/p>\n<p>Pensando em atender as necessidades emocionais de graduandos e graduandas da UFSM que vieram de fora de Santa Maria, a UFSM, por meio do <strong>grupo terap\u00eautico &#8220;Experi\u00eancias Conectadas&#8221;<\/strong>, oferece um espa\u00e7o de suporte para a elabora\u00e7\u00e3o e express\u00e3o destas viv\u00eancias e sentimentos.<\/p>\n<p>O p\u00fablico-alvo priorit\u00e1rio do grupo s\u00e3o <strong>estudantes de gradua\u00e7\u00e3o da UFSM vindos(as) de outros munic\u00edpios, matriculados(as) no primeiro ou no segundo semestre<\/strong>.<\/p>\n<p>O grupo aceita novos participantes toda semana, mediante inscri\u00e7\u00e3o pr\u00e9via. Os encontros ser\u00e3o semanais, realizados nas <strong>segundas-feiras, das 14h \u00e0s 15h30<\/strong>, na Coordenadoria de A\u00e7\u00f5es Educacionais (CAEd, no <a href=\"https:\/\/www.google.com\/maps\/place\/Pr\u00e9dio+67+-+N\u00facleo+de+Acessibilidade+e+N\u00facleo+de+Apoio+\u00e0+Aprendizagem+na+Educa\u00e7\u00e3o\/@-29.7167378,-53.727651,1339m\/data=!3m1!1e3!4m10!1m2!2m1!1scaed+ufsm!3m6!1s0x9503b5e1a566a37f:0x9f31d787811ed1b4!8m2!3d-29.7167378!4d-53.7186388!15sCgljYWVkIHVmc20iA4gBAZIBFXVuaXZlcnNpdHlfZGVwYXJ0bWVudOABAA!16s%2Fg%2F11g6xpn78g?entry=ttu&amp;g_ep=EgoyMDI2MDMzMC4wIKXMDSoASAFQAw%3D%3D\"><strong>Pr\u00e9dio 67<\/strong><\/a>, pr\u00f3ximo ao Pr\u00e9dio 21). O in\u00edcio das atividades est\u00e1 previsto para o dia 06\/04\/2026.<\/p>\n<p>As inscri\u00e7\u00f5es devem ser feitas por meio do <strong>formul\u00e1rio dispon\u00edvel em<\/strong> <a href=\"https:\/\/bit.ly\/conecta-ufsm\"><strong>bit.ly\/conecta-ufsm<\/strong><\/a><\/p>\n<p>As pessoas inscritas devem acompanhar diariamente seu email, \u00e0 espera da confirma\u00e7\u00e3o de participa\u00e7\u00e3o no grupo.<\/p>\n<p>A coordena\u00e7\u00e3o do grupo terap\u00eautico \u00e9 da psic\u00f3loga <strong>Bianca Rodrigues Strom<\/strong> e da assistente social <strong>Mara Londero<\/strong>.<\/p>\n<p>A realiza\u00e7\u00e3o \u00e9 da <strong><a href=\"https:\/\/www.ufsm.br\/pro-reitorias\/prograd\/caed\">Coordenadoria de A\u00e7\u00f5es Educacionais<\/a> da Pr\u00f3-Reitoria de Gradua\u00e7\u00e3o <\/strong>(CAEd\/Prograd).<\/p>\n<p>Outras informa\u00e7\u00f5es podem ser solicitadas ao email <a href=\"mailto:caed@ufsm.br\"><strong>caed@ufsm.br<\/strong><\/a>.<\/p>\n<p>\u00a0<\/p>\n","protected":false},"excerpt":{"rendered":"<p>A iniciativa aceita novos participantes toda semana, mediante inscri\u00e7\u00e3o pr\u00e9via<\/p>\n","protected":false},"author":95,"featured_media":26608,"comment_status":"closed","ping_status":"closed","sticky":false,"template":"","format":"standard","meta":{"footnotes":""},"categories":[1],"tags":[304,896,57,986,49,294,47],"class_list":["post-26606","post","type-post","status-publish","format-standard","has-post-thumbnail","hentry","category-sem-categoria","tag-caed","tag-coordenadoria-prograd","tag-graduacao","tag-grupo-terapeutico","tag-prograd","tag-saude-mental","tag-ufsm"],"acf":[],"_links":{"self":[{"href":"https:\/\/www.ufsm.br\/pro-reitorias\/prograd\/wp-json\/wp\/v2\/posts\/26606","targetHints":{"allow":["GET"]}}],"collection":[{"href":"https:\/\/www.ufsm.br\/pro-reitorias\/prograd\/wp-json\/wp\/v2\/posts"}],"about":[{"href":"https:\/\/www.ufsm.br\/pro-reitorias\/prograd\/wp-json\/wp\/v2\/types\/post"}],"author":[{"embeddable":true,"href":"https:\/\/www.ufsm.br\/pro-reitorias\/prograd\/wp-json\/wp\/v2\/users\/95"}],"replies":[{"embeddable":true,"href":"https:\/\/www.ufsm.br\/pro-reitorias\/prograd\/wp-json\/wp\/v2\/comments?post=26606"}],"version-history":[{"count":0,"href":"https:\/\/www.ufsm.br\/pro-reitorias\/prograd\/wp-json\/wp\/v2\/posts\/26606\/revisions"}],"wp:featuredmedia":[{"embeddable":true,"href":"https:\/\/www.ufsm.br\/pro-reitorias\/prograd\/wp-json\/wp\/v2\/media\/26608"}],"wp:attachment":[{"href":"https:\/\/www.ufsm.br\/pro-reitorias\/prograd\/wp-json\/wp\/v2\/media?parent=26606"}],"wp:term":[{"taxonomy":"category","embeddable":true,"href":"https:\/\/www.ufsm.br\/pro-reitorias\/prograd\/wp-json\/wp\/v2\/categories?post=26606"},{"taxonomy":"post_tag","embeddable":true,"href":"https:\/\/www.ufsm.br\/pro-reitorias\/prograd\/wp-json\/wp\/v2\/tags?post=26606"}],"curies":[{"name":"wp","href":"https:\/\/api.w.org\/{rel}","templated":true}]}}