{"id":27571,"date":"2026-08-31T14:37:14","date_gmt":"2026-08-31T17:37:14","guid":{"rendered":"https:\/\/www.ufsm.br\/pro-reitorias\/prograd\/?p=27571"},"modified":"2026-08-31T14:55:17","modified_gmt":"2026-08-31T17:55:17","slug":"imersao-nos-predios-dos-cursos-e-a-novidade-do-descubra-ufsm-2026","status":"publish","type":"post","link":"https:\/\/www.ufsm.br\/pro-reitorias\/prograd\/2026\/08\/31\/imersao-nos-predios-dos-cursos-e-a-novidade-do-descubra-ufsm-2026","title":{"rendered":"Imers\u00e3o nos pr\u00e9dios dos cursos \u00e9 a novidade do Descubra UFSM 2026"},"content":{"rendered":"\n<p>\u00a0<\/p>\n<p><a href=\"https:\/\/www.ufsm.br\/app\/uploads\/sites\/342\/2026\/08\/Descubra_UFSM_2026_card.jpeg\"><img fetchpriority=\"high\" decoding=\"async\" class=\"alignright wp-image-27502\" src=\"https:\/\/www.ufsm.br\/app\/uploads\/sites\/342\/2026\/08\/Descubra_UFSM_2026_card-240x300.jpeg\" alt=\"\" width=\"500\" height=\"625\" srcset=\"https:\/\/www.ufsm.br\/app\/uploads\/sites\/342\/2026\/08\/Descubra_UFSM_2026_card-240x300.jpeg 240w, https:\/\/www.ufsm.br\/app\/uploads\/sites\/342\/2026\/08\/Descubra_UFSM_2026_card-819x1024.jpeg 819w, https:\/\/www.ufsm.br\/app\/uploads\/sites\/342\/2026\/08\/Descubra_UFSM_2026_card-768x960.jpeg 768w, https:\/\/www.ufsm.br\/app\/uploads\/sites\/342\/2026\/08\/Descubra_UFSM_2026_card.jpeg 1080w\" sizes=\"(max-width: 500px) 100vw, 500px\" \/><\/a>O <a href=\"https:\/\/ufsm.br\/descubra\"><strong>Descubra UFSM<\/strong><\/a>, tradicional mostra dos cursos e oportunidades que a Universidade Federal de Santa Maria oferta ao p\u00fablico estudantil, trar\u00e1 novidades para este ano.<\/p>\n<p>O evento, em 2026, vai apresentar um <strong>novo formato de visita\u00e7\u00e3o<\/strong>, pensado para proporcionar aos estudantes uma experi\u00eancia ainda mais pr\u00f3xima da realidade universit\u00e1ria. A proposta \u00e9 levar os visitantes para conhecer n\u00e3o apenas os estandes dos cursos, mas tamb\u00e9m<strong> os espa\u00e7os onde a forma\u00e7\u00e3o acontece no dia a dia<\/strong>.<\/p>\n<p>A estrutura central do evento, este ano, estar\u00e1 localizada no <strong>Largo do Planet\u00e1rio<\/strong>, funcionando como um ponto de acolhimento e orienta\u00e7\u00e3o, onde os estudantes poder\u00e3o conversar com representantes dos cursos, esclarecer d\u00favidas sobre as gradua\u00e7\u00f5es e conhecer as diferentes possibilidades de forma\u00e7\u00e3o oferecidas pela UFSM.<\/p>\n<p>A grande novidade desta edi\u00e7\u00e3o ser\u00e1 <strong>a visita\u00e7\u00e3o aos pr\u00e9dios e espa\u00e7os onde as aulas s\u00e3o ministradas<\/strong>. Os estudantes poder\u00e3o <strong>circular pelos locais onde acontecem as aulas e atividades acad\u00eamicas<\/strong>, conhecendo mais de perto a rotina universit\u00e1ria.<\/p>\n<p>Nos<em> halls<\/em> e demais espa\u00e7os das unidades de ensino, ser\u00e3o realizadas <strong>demonstra\u00e7\u00f5es, experimentos, exposi\u00e7\u00f5es de equipamentos e outras atividades interativas, al\u00e9m da tradicional visita\u00e7\u00e3o a laborat\u00f3rios, ateli\u00eas e espa\u00e7os espec\u00edficos.<\/strong><\/p>\n<p>A fim de facilitar o deslocamento entre os diferentes pontos de visita\u00e7\u00e3o, haver\u00e1 <strong>\u00f4nibus circular interno do evento<\/strong> \u00e0 disposi\u00e7\u00e3o dos participantes pelo <em>Campus<\/em>.<\/p>\n<p>Para auxiliar na organiza\u00e7\u00e3o da visita, ser\u00e1 disponibilizado tamb\u00e9m um <strong>mapa dos locais de visita\u00e7\u00e3o e um cronograma das atividades<\/strong>, permitindo que visitantes e cada escola organizem seu percurso de acordo com seus interesses.<\/p>\n<p>Haver\u00e1 tamb\u00e9m uma <strong>pra\u00e7a de alimenta\u00e7\u00e3o<\/strong> \u00e0 disposi\u00e7\u00e3o do p\u00fablico. O transporte externo e a alimenta\u00e7\u00e3o s\u00e3o de responsabilidade das escolas e pessoas visitantes.<\/p>\n<p><strong><span style=\"background-color: #ffff00\">O Descubra UFSM 2026 acontecer\u00e1 nos dias 12 e 13 de novembro (quinta e sexta-feira), das 09 \u00e0s 17 horas, sem fechar ao meio-dia, no <em>Campus<\/em> Sede da UFSM, no bairro Camobi, em Santa Maria.<\/span><\/strong><\/p>\n<p>A visita\u00e7\u00e3o \u00e9 <strong>gratuita e aberta \u00e0 comunidade em geral.<\/strong> Para melhor recep\u00e7\u00e3o de <strong>caravanas de escolas<\/strong>, os respons\u00e1veis escolares j\u00e1 podem <strong>agendar sua visita\u00e7\u00e3o<\/strong>, preenchendo o formul\u00e1rio dispon\u00edvel no link <a href=\"https:\/\/bit.ly\/descubra2026\"><strong>bit.ly\/descubra2026<\/strong><\/a><\/p>\n<p>Outras orienta\u00e7\u00f5es estar\u00e3o dispon\u00edveis em breve no site <a href=\"https:\/\/ufsm.br\/descubra\"><strong>ufsm.br\/descubra<\/strong><\/a>. Informa\u00e7\u00f5es podem ser solicitadas \u00e0 Pr\u00f3-Reitoria de Gradua\u00e7\u00e3o, pelo email <a href=\"mailto:prograd@ufsm.br\"><strong>prograd@ufsm.br<\/strong><\/a>.\u00a0<\/p>\n<p>\u00a0<\/p>\n\n\n\n\n\n\n\n\n\n\n\n\n\n\n\n\n\n\n\n\n\n\n\n\n\n\n\n\n\n\n\n\n\n\n\n\n\n\n\n\n\n\n\n\n\n\n\n\n\n\n","protected":false},"excerpt":{"rendered":"<p>Evento acontecer\u00e1 nos dias 12 e 13 de novembro; caravanas de escolas j\u00e1 podem agendar visitas<\/p>\n","protected":false},"author":95,"featured_media":27504,"comment_status":"closed","ping_status":"closed","sticky":false,"template":"","format":"standard","meta":{"footnotes":""},"categories":[1],"tags":[61,1062,57,49,47],"class_list":["post-27571","post","type-post","status-publish","format-standard","has-post-thumbnail","hentry","category-sem-categoria","tag-descubra","tag-descubra-2026","tag-graduacao","tag-prograd","tag-ufsm"],"acf":[],"_links":{"self":[{"href":"https:\/\/www.ufsm.br\/pro-reitorias\/prograd\/wp-json\/wp\/v2\/posts\/27571","targetHints":{"allow":["GET"]}}],"collection":[{"href":"https:\/\/www.ufsm.br\/pro-reitorias\/prograd\/wp-json\/wp\/v2\/posts"}],"about":[{"href":"https:\/\/www.ufsm.br\/pro-reitorias\/prograd\/wp-json\/wp\/v2\/types\/post"}],"author":[{"embeddable":true,"href":"https:\/\/www.ufsm.br\/pro-reitorias\/prograd\/wp-json\/wp\/v2\/users\/95"}],"replies":[{"embeddable":true,"href":"https:\/\/www.ufsm.br\/pro-reitorias\/prograd\/wp-json\/wp\/v2\/comments?post=27571"}],"version-history":[{"count":0,"href":"https:\/\/www.ufsm.br\/pro-reitorias\/prograd\/wp-json\/wp\/v2\/posts\/27571\/revisions"}],"wp:featuredmedia":[{"embeddable":true,"href":"https:\/\/www.ufsm.br\/pro-reitorias\/prograd\/wp-json\/wp\/v2\/media\/27504"}],"wp:attachment":[{"href":"https:\/\/www.ufsm.br\/pro-reitorias\/prograd\/wp-json\/wp\/v2\/media?parent=27571"}],"wp:term":[{"taxonomy":"category","embeddable":true,"href":"https:\/\/www.ufsm.br\/pro-reitorias\/prograd\/wp-json\/wp\/v2\/categories?post=27571"},{"taxonomy":"post_tag","embeddable":true,"href":"https:\/\/www.ufsm.br\/pro-reitorias\/prograd\/wp-json\/wp\/v2\/tags?post=27571"}],"curies":[{"name":"wp","href":"https:\/\/api.w.org\/{rel}","templated":true}]}}