{"id":27576,"date":"2026-09-02T15:47:05","date_gmt":"2026-09-02T18:47:05","guid":{"rendered":"https:\/\/www.ufsm.br\/pro-reitorias\/prograd\/?p=27576"},"modified":"2026-09-02T17:13:46","modified_gmt":"2026-09-02T20:13:46","slug":"curso-mbya-guarani-educacao-intercultural-indigena-seleciona-professoresas-formadoresas-e-formadoresas-convidadosas","status":"publish","type":"post","link":"https:\/\/www.ufsm.br\/pro-reitorias\/prograd\/2026\/09\/02\/curso-mbya-guarani-educacao-intercultural-indigena-seleciona-professoresas-formadoresas-e-formadoresas-convidadosas","title":{"rendered":"Curso Mbya Guarani Educa\u00e7\u00e3o Intercultural Ind\u00edgena seleciona Professores(as) formadores(as) e Formadores(as) convidados(as)"},"content":{"rendered":"\n<p>\u00a0<\/p>\n<p>A Universidade Federal de Santa Maria, por meio da Pr\u00f3-Reitoria de Gradua\u00e7\u00e3o, est\u00e1 com inscri\u00e7\u00f5es abertas \u00e0 <a href=\"https:\/\/www.ufsm.br\/pro-reitorias\/prograd\/editais\/051-2026\"><strong>sele\u00e7\u00e3o de Professores(as) formadores(as) e Formadores(as) convidados(as)<\/strong><\/a>, para atua\u00e7\u00e3o no <strong>Curso Mbya Guarani Educa\u00e7\u00e3o Intercultural Ind\u00edgena<\/strong>, localizado no <em>Campus<\/em> Sede da UFSM. O curso \u00e9 ofertado a partir do Programa Nacional de Fomento \u00e0 Equidade na Forma\u00e7\u00e3o de Professores da Educa\u00e7\u00e3o B\u00e1sica, o <strong>Parfor Equidade<\/strong>.<\/p>\n<p>As bolsas CAPES ser\u00e3o pagas para as modalidades Formador(a) convidado(a), Professor(a) Formador(a) I e Professor(a) Formador(a) II. A convoca\u00e7\u00e3o das pessoas selecionadas ser\u00e1 feita de acordo com a necessidade do curso e da UFSM. O processo seletivo ter\u00e1 validade de at\u00e9 dois anos, prorrog\u00e1veis por igual per\u00edodo.<\/p>\n<p><span style=\"background-color: #ffff00\"><strong>FORMADOR(A) CONVIDADO(A) &#8211;<\/strong> <\/span>A bolsa mensal para Formador(a) Convidado(a) \u00e9 de <strong>R$ 1.550,00<\/strong>, correspondente a uma cota para cada formador(a) a cada 15 horas de componente curricular ministrado a cada grupo de at\u00e9 40 alunos(as), limitando-se a 06 mensalidades por componente curricular.<\/p>\n<p>S\u00e3o requisitos para se candidatar \u00e0 vaga de Formador(a) Convidado(a), entre outros itens, ser <strong>mestre(a) tradicional por not\u00f3rio saber<\/strong> ou ser reconhecido(a) por organiza\u00e7\u00e3o ind\u00edgena, quilombola ou das popula\u00e7\u00f5es do campo ou segmento dos povos e comunidades tradicionais, no \u00e2mbito de sua respectiva comunidade, grupo social ou por t\u00edtulos obtidos junto a alguma institui\u00e7\u00e3o de ensino superior.<\/p>\n<p>O(a) Formador(a) Convidado(a) ir\u00e1 atuar na <strong>\u00e1rea de Saberes Guarani<\/strong>, em disciplinas como L\u00edngua Mbya Guarani, Arte Ind\u00edgena, Literatura Mbya Guarani, Tempo e Espa\u00e7o Mbya Guarani, Valores Culturais, Ci\u00eancia e Saberes Mbya Guarani e Produ\u00e7\u00e3o de Material Did\u00e1tico Mbya Guarani.<\/p>\n<p><span style=\"background-color: #ffff00\"><strong>PROFESSOR(A) FORMADOR(A) I &#8211;<\/strong><\/span> A bolsa mensal para Professor(a) Formador(a) I \u00e9 de <strong>R$ 1.850,00<\/strong>, correspondente a uma cota para cada formador(a) a cada 15 horas de componente curricular ministrado a cada grupo de at\u00e9 40 alunos(as), limitando-se a 06 mensalidades por componente curricular.<\/p>\n<p>S\u00e3o requisitos para se candidatar \u00e0 vaga de Professor(a) Formador(a) I, entre outros itens, pertencer ao <strong>Quadro Permanente do Magist\u00e9rio Superior da UFSM como docente de licenciatura<\/strong> ou pertencer ao quadro efetivo de <strong>Secretaria de Educa\u00e7\u00e3o.<\/strong><\/p>\n<p><span style=\"background-color: #ffff00\"><strong>PROFESSOR(A) FORMADOR(A) II &#8211;<\/strong><\/span> A bolsa mensal para Professor(a) Formador(a) II \u00e9 de <strong>R$ 1.550,00<\/strong>, correspondente a uma cota para cada formador(a) a cada 15 horas de componente curricular ministrado a cada grupo de at\u00e9 40 alunos(as), limitando-se a 06 mensalidades por componente curricular.<\/p>\n<p>S\u00e3o requisitos para se candidatar \u00e0 vaga de Professor(a) Formador(a) II, entre outros itens, ter f<strong>orma\u00e7\u00e3o em n\u00edvel de p\u00f3s-gradua\u00e7\u00e3o <em>lato sensu<\/em> ou <em>stricto sensu<\/em><\/strong>, al\u00e9m de possuir forma\u00e7\u00e3o, em n\u00edvel de gradua\u00e7\u00e3o ou p\u00f3s-gradua\u00e7\u00e3o, na \u00e1rea da disciplina que ir\u00e1 ministrar, respeitando-se o Perfil M\u00ednimo Desejado descrito no Anexo I do Edital.<\/p>\n<p>As \u00e1reas contempladas pelo Edital e o perfil m\u00ednimo desejado para Professor(a) Formador(a) I ou II s\u00e3o:<\/p>\n<p><strong>1) ARTE IND\u00cdGENA:<\/strong> Licenciatura em Artes Visuais ou Artes C\u00eanicas ou Dan\u00e7a ou M\u00fasica ou Licenciatura em Educa\u00e7\u00e3o Intercultural Ind\u00edgena. Mestrado em Artes Visuais ou Artes C\u00eanicas ou Dan\u00e7a ou M\u00fasica ou Educa\u00e7\u00e3o. Experi\u00eancia comprovada na forma\u00e7\u00e3o de professores(as) conforme item 6 do edital;<\/p>\n<p><strong>2) L\u00cdNGUA GUARANI MBYA:<\/strong> Licenciatura em Educa\u00e7\u00e3o Intercultural Ind\u00edgena. Mestrado em Educa\u00e7\u00e3o ou Estudos da Linguagem. Experi\u00eancia comprovada na forma\u00e7\u00e3o de professores(as) conforme item 6 do edital;<\/p>\n<p><strong>3) L\u00cdNGUA PORTUGUESA:<\/strong> Licenciatura em Letras \u2013 L\u00edngua Portuguesa. Mestrado em Estudos da Linguagem ou Educa\u00e7\u00e3o. Experi\u00eancia comprovada na forma\u00e7\u00e3o de professores(as) conforme item 6 do edital;<\/p>\n<p><strong>4) ENSINO DE L\u00cdNGUAS EM CONTEXTO BIL\u00cdNGUE INTERCULTURAL:<\/strong> Licenciatura intercultural ind\u00edgena; Licenciatura em Pedagogia ou Licenciatura em Letras. Mestrado em Estudos da Linguagem ou Educa\u00e7\u00e3o. Experi\u00eancia comprovada na forma\u00e7\u00e3o de professores\/as conforme item 6 do edital;<\/p>\n<p><strong>5) GEST\u00c3O E SUPERVIS\u00c3O ESCOLAR:<\/strong> Licenciatura intercultural ind\u00edgena ou Licenciatura em Pedagogia. Mestrado em Educa\u00e7\u00e3o. Experi\u00eancia comprovada na forma\u00e7\u00e3o de professores(as)\u00a0conforme item 6 do edital;<\/p>\n<p><strong>6) ANTROPOLOGIA<\/strong>: Licenciatura em Ci\u00eancias Sociais ou Licenciatura Intercultural Ind\u00edgena, ou Licenciatura em Pedagogia. Mestrado em Ci\u00eancias Sociais ou Antropologia ou Educa\u00e7\u00e3o. Experi\u00eancia comprovada na forma\u00e7\u00e3o de professores(as) conforme item 6 do edital;<\/p>\n<p><strong>7) ETNOMATEM\u00c1TICA:<\/strong> Licenciatura em Matem\u00e1tica ou Licenciatura intercultural ind\u00edgena. Mestrado em Educa\u00e7\u00e3o. Experi\u00eancia comprovada na forma\u00e7\u00e3o de professores(as) conforme item 6 do edital;<\/p>\n<p><strong>8) PR\u00c1TICAS PEDAG\u00d3GICAS:<\/strong> Licenciatura em Pedagogia ou Licenciatura Intercultural Ind\u00edgena. Mestrado em Educa\u00e7\u00e3o. Experi\u00eancia comprovada na forma\u00e7\u00e3o de professores(as) conforme item 6 do edital.<\/p>\n<p><span style=\"background-color: #ffff00\"><strong>As inscri\u00e7\u00f5es seguem at\u00e9 o dia 06 de outubro.<\/strong><\/span> A sele\u00e7\u00e3o ser\u00e1 composta por entrevista e avalia\u00e7\u00e3o da documenta\u00e7\u00e3o pela comiss\u00e3o examinadora.\u00a0O <a href=\"https:\/\/www.ufsm.br\/pro-reitorias\/prograd\/editais\/051-2026\"><strong>Edital 051\/2026<\/strong><\/a> pode ser acessado no site <a href=\"https:\/\/ufsm.br\/prograd\/editais\"><strong>ufsm.br\/prograd\/editais<\/strong><\/a>.\u00a0\u00a0<\/p>\n<p>Outras informa\u00e7\u00f5es podem ser solicitadas ao email <a href=\"mailto:parfor.equidade@ufsm.br\"><strong>parfor.equidade@ufsm.br<\/strong><\/a>, indicando-se, impreterivelmente, no campo \u201cASSUNTO\u201d, o EDITAL N\u00ba 051\/2026 \u2013 PARFOR\/UFSM\/PROGRAD.<\/p>\n\n\n\n\n\n\n\n\n\n\n\n\n\n\n\n\n\n\n\n\n\n\n\n\n\n\n\n\n\n\n\n\n\n\n\n\n\n\n\n\n\n\n\n\n","protected":false},"excerpt":{"rendered":"<p>As inscri\u00e7\u00f5es podem ser feitas at\u00e9 o dia 06 de outubro<\/p>\n","protected":false},"author":95,"featured_media":26639,"comment_status":"closed","ping_status":"closed","sticky":false,"template":"","format":"standard","meta":{"footnotes":""},"categories":[1],"tags":[1007,57,99,872,49,47],"class_list":["post-27576","post","type-post","status-publish","format-standard","has-post-thumbnail","hentry","category-sem-categoria","tag-educacao-intercultural-indigena","tag-graduacao","tag-indigenas","tag-parfor-equidade","tag-prograd","tag-ufsm"],"acf":[],"_links":{"self":[{"href":"https:\/\/www.ufsm.br\/pro-reitorias\/prograd\/wp-json\/wp\/v2\/posts\/27576","targetHints":{"allow":["GET"]}}],"collection":[{"href":"https:\/\/www.ufsm.br\/pro-reitorias\/prograd\/wp-json\/wp\/v2\/posts"}],"about":[{"href":"https:\/\/www.ufsm.br\/pro-reitorias\/prograd\/wp-json\/wp\/v2\/types\/post"}],"author":[{"embeddable":true,"href":"https:\/\/www.ufsm.br\/pro-reitorias\/prograd\/wp-json\/wp\/v2\/users\/95"}],"replies":[{"embeddable":true,"href":"https:\/\/www.ufsm.br\/pro-reitorias\/prograd\/wp-json\/wp\/v2\/comments?post=27576"}],"version-history":[{"count":0,"href":"https:\/\/www.ufsm.br\/pro-reitorias\/prograd\/wp-json\/wp\/v2\/posts\/27576\/revisions"}],"wp:featuredmedia":[{"embeddable":true,"href":"https:\/\/www.ufsm.br\/pro-reitorias\/prograd\/wp-json\/wp\/v2\/media\/26639"}],"wp:attachment":[{"href":"https:\/\/www.ufsm.br\/pro-reitorias\/prograd\/wp-json\/wp\/v2\/media?parent=27576"}],"wp:term":[{"taxonomy":"category","embeddable":true,"href":"https:\/\/www.ufsm.br\/pro-reitorias\/prograd\/wp-json\/wp\/v2\/categories?post=27576"},{"taxonomy":"post_tag","embeddable":true,"href":"https:\/\/www.ufsm.br\/pro-reitorias\/prograd\/wp-json\/wp\/v2\/tags?post=27576"}],"curies":[{"name":"wp","href":"https:\/\/api.w.org\/{rel}","templated":true}]}}