{"id":27577,"date":"2026-09-02T16:22:51","date_gmt":"2026-09-02T19:22:51","guid":{"rendered":"https:\/\/www.ufsm.br\/pro-reitorias\/prograd\/?p=27577"},"modified":"2026-09-02T16:22:53","modified_gmt":"2026-09-02T19:22:53","slug":"caed-prorroga-prazo-de-inscricoes-para-bolsas-e-cadastro-reserva-destinados-a-estudantes-de-pos-graduacao-da-ufsm","status":"publish","type":"post","link":"https:\/\/www.ufsm.br\/pro-reitorias\/prograd\/2026\/09\/02\/caed-prorroga-prazo-de-inscricoes-para-bolsas-e-cadastro-reserva-destinados-a-estudantes-de-pos-graduacao-da-ufsm","title":{"rendered":"CAEd prorroga prazo de inscri\u00e7\u00f5es para bolsas e cadastro reserva destinados a estudantes de p\u00f3s-gradua\u00e7\u00e3o da UFSM"},"content":{"rendered":"\n<p>A Universidade Federal de Santa Maria, por meio da Coordenadoria de Educa\u00e7\u00e3o Especial (CAEd\/Prograd), prorrogou o prazo para inscri\u00e7\u00f5es no<a href=\"https:\/\/www.ufsm.br\/pro-reitorias\/prograd\/caed\/editais\/021-2026\"><strong> Edital 021\/2026<\/strong><\/a>, destinado a pessoas p\u00f3s-graduandas da UFSM com forma\u00e7\u00e3o inicial em <strong>Terapia Ocupacional, Psicologia, Educa\u00e7\u00e3o Especial e Fonoaudiologia.<\/strong> Tamb\u00e9m h\u00e1 vaga para estudante p\u00f3s-graduando\/a negro\/a (preto\/a ou pardo\/a) com forma\u00e7\u00e3o em <strong>Hist\u00f3ria, Pedagogia, Psicologia ou Educa\u00e7\u00e3o Especial.<\/strong><\/p>\n<p>As inscri\u00e7\u00f5es para bolsas ou cadastro reserva seguem at\u00e9 o dia <strong>20 de setembro<\/strong>. O <a href=\"https:\/\/www.ufsm.br\/pro-reitorias\/prograd\/caed\/editais\/021-2026\"><strong>Edital 021\/2026<\/strong><\/a> pode ser acessado em <a href=\"https:\/\/ufsm.br\/caed\"><strong>ufsm.br\/caed<\/strong><\/a>.\u00a0\u00a0<\/p>\n<p>Outras informa\u00e7\u00f5es podem ser solicitadas ao email <a href=\"mailto:caed@ufsm.br\"><strong>caed@ufsm.br<\/strong><\/a>.<\/p>\n\n\n","protected":false},"excerpt":{"rendered":"<p>A Universidade Federal de Santa Maria, por meio da Coordenadoria de Educa\u00e7\u00e3o Especial (CAEd\/Prograd), prorrogou o prazo para inscri\u00e7\u00f5es no Edital 021\/2026, destinado a pessoas p\u00f3s-graduandas da UFSM com forma\u00e7\u00e3o inicial em Terapia Ocupacional, Psicologia, Educa\u00e7\u00e3o Especial e Fonoaudiologia. Tamb\u00e9m h\u00e1 vaga para estudante p\u00f3s-graduando\/a negro\/a (preto\/a ou pardo\/a) com forma\u00e7\u00e3o em Hist\u00f3ria, Pedagogia, Psicologia [&hellip;]<\/p>\n","protected":false},"author":95,"featured_media":0,"comment_status":"closed","ping_status":"closed","sticky":false,"template":"","format":"standard","meta":{"footnotes":""},"categories":[1],"tags":[343,304,896,57,478,49,47],"class_list":["post-27577","post","type-post","status-publish","format-standard","hentry","category-sem-categoria","tag-bolsas","tag-caed","tag-coordenadoria-prograd","tag-graduacao","tag-pos-graduacao","tag-prograd","tag-ufsm"],"acf":[],"_links":{"self":[{"href":"https:\/\/www.ufsm.br\/pro-reitorias\/prograd\/wp-json\/wp\/v2\/posts\/27577","targetHints":{"allow":["GET"]}}],"collection":[{"href":"https:\/\/www.ufsm.br\/pro-reitorias\/prograd\/wp-json\/wp\/v2\/posts"}],"about":[{"href":"https:\/\/www.ufsm.br\/pro-reitorias\/prograd\/wp-json\/wp\/v2\/types\/post"}],"author":[{"embeddable":true,"href":"https:\/\/www.ufsm.br\/pro-reitorias\/prograd\/wp-json\/wp\/v2\/users\/95"}],"replies":[{"embeddable":true,"href":"https:\/\/www.ufsm.br\/pro-reitorias\/prograd\/wp-json\/wp\/v2\/comments?post=27577"}],"version-history":[{"count":0,"href":"https:\/\/www.ufsm.br\/pro-reitorias\/prograd\/wp-json\/wp\/v2\/posts\/27577\/revisions"}],"wp:attachment":[{"href":"https:\/\/www.ufsm.br\/pro-reitorias\/prograd\/wp-json\/wp\/v2\/media?parent=27577"}],"wp:term":[{"taxonomy":"category","embeddable":true,"href":"https:\/\/www.ufsm.br\/pro-reitorias\/prograd\/wp-json\/wp\/v2\/categories?post=27577"},{"taxonomy":"post_tag","embeddable":true,"href":"https:\/\/www.ufsm.br\/pro-reitorias\/prograd\/wp-json\/wp\/v2\/tags?post=27577"}],"curies":[{"name":"wp","href":"https:\/\/api.w.org\/{rel}","templated":true}]}}