{"id":27581,"date":"2026-08-18T08:52:00","date_gmt":"2026-08-18T11:52:00","guid":{"rendered":"https:\/\/www.ufsm.br\/pro-reitorias\/prograd\/?p=27581"},"modified":"2026-09-04T10:29:16","modified_gmt":"2026-09-04T13:29:16","slug":"pet-odonto-seleciona-estudantes-nao-bolsistas","status":"publish","type":"post","link":"https:\/\/www.ufsm.br\/pro-reitorias\/prograd\/2026\/08\/18\/pet-odonto-seleciona-estudantes-nao-bolsistas","title":{"rendered":"PET Odonto seleciona estudantes n\u00e3o bolsistas"},"content":{"rendered":"\n<p>\u00a0<\/p>\n<p>O Programa de Educa\u00e7\u00e3o Tutorial (PET) vinculado ao Curso de Odontologia da Universidade Federal de Santa Maria est\u00e1 com inscri\u00e7\u00f5es abertas \u00e0 <strong>sele\u00e7\u00e3o de acad\u00eamicos(as) n\u00e3o bolsistas<\/strong>.<\/p>\n<p>As inscri\u00e7\u00f5es podem ser feitas at\u00e9 o <span style=\"background-color: #ffff00\"><strong>dia 06 de setembro, ao meio-dia<\/strong><\/span>.<\/p>\n<p>As etapas do processo seletivo est\u00e3o previstas para os dias 17, 18 e 19 de setembro.<\/p>\n<p>O Edital, com os requisitos e cronograma da sele\u00e7\u00e3o, est\u00e1 dispon\u00edvel no site <a href=\"https:\/\/www.ufsm.br\/pet\/odontologia\/editais\/001-2026\"><strong>www.ufsm.br\/pet\/odontologia\/editais\/001-2026<\/strong><\/a><\/p>\n<p>Informa\u00e7\u00f5es adicionais poder\u00e3o ser obtidas pelo e-mail <a href=\"mailto:selecao2026petodontologiaufsm@gmail.com\"><strong>selecao2026petodontologiaufsm@gmail.com<\/strong><\/a>.<\/p>\n<p>\u00a0<\/p>\n\n\n\n\n\n\n","protected":false},"excerpt":{"rendered":"<p>\u00a0 O Programa de Educa\u00e7\u00e3o Tutorial (PET) vinculado ao Curso de Odontologia da Universidade Federal de Santa Maria est\u00e1 com inscri\u00e7\u00f5es abertas \u00e0 sele\u00e7\u00e3o de acad\u00eamicos(as) n\u00e3o bolsistas. As inscri\u00e7\u00f5es podem ser feitas at\u00e9 o dia 06 de setembro, ao meio-dia. As etapas do processo seletivo est\u00e3o previstas para os dias 17, 18 e 19 [&hellip;]<\/p>\n","protected":false},"author":95,"featured_media":0,"comment_status":"closed","ping_status":"closed","sticky":false,"template":"","format":"standard","meta":{"footnotes":""},"categories":[1],"tags":[896,57,130,49,47],"class_list":["post-27581","post","type-post","status-publish","format-standard","hentry","category-sem-categoria","tag-coordenadoria-prograd","tag-graduacao","tag-pet","tag-prograd","tag-ufsm"],"acf":[],"_links":{"self":[{"href":"https:\/\/www.ufsm.br\/pro-reitorias\/prograd\/wp-json\/wp\/v2\/posts\/27581","targetHints":{"allow":["GET"]}}],"collection":[{"href":"https:\/\/www.ufsm.br\/pro-reitorias\/prograd\/wp-json\/wp\/v2\/posts"}],"about":[{"href":"https:\/\/www.ufsm.br\/pro-reitorias\/prograd\/wp-json\/wp\/v2\/types\/post"}],"author":[{"embeddable":true,"href":"https:\/\/www.ufsm.br\/pro-reitorias\/prograd\/wp-json\/wp\/v2\/users\/95"}],"replies":[{"embeddable":true,"href":"https:\/\/www.ufsm.br\/pro-reitorias\/prograd\/wp-json\/wp\/v2\/comments?post=27581"}],"version-history":[{"count":0,"href":"https:\/\/www.ufsm.br\/pro-reitorias\/prograd\/wp-json\/wp\/v2\/posts\/27581\/revisions"}],"wp:attachment":[{"href":"https:\/\/www.ufsm.br\/pro-reitorias\/prograd\/wp-json\/wp\/v2\/media?parent=27581"}],"wp:term":[{"taxonomy":"category","embeddable":true,"href":"https:\/\/www.ufsm.br\/pro-reitorias\/prograd\/wp-json\/wp\/v2\/categories?post=27581"},{"taxonomy":"post_tag","embeddable":true,"href":"https:\/\/www.ufsm.br\/pro-reitorias\/prograd\/wp-json\/wp\/v2\/tags?post=27581"}],"curies":[{"name":"wp","href":"https:\/\/api.w.org\/{rel}","templated":true}]}}