{"id":471,"date":"2019-08-30T17:08:50","date_gmt":"2019-08-30T20:08:50","guid":{"rendered":"https:\/\/www.ufsm.br\/pro-reitorias\/proinfra\/uma\/?p=471"},"modified":"2019-09-02T16:02:30","modified_gmt":"2019-09-02T19:02:30","slug":"esclarecimento-sobre-coleta-de-residuos-na-ufsm","status":"publish","type":"post","link":"https:\/\/www.ufsm.br\/pro-reitorias\/proinfra\/uma\/2019\/08\/30\/esclarecimento-sobre-coleta-de-residuos-na-ufsm","title":{"rendered":"Esclarecimento sobre coleta de res\u00edduos na UFSM"},"content":{"rendered":"\n<p class=\"wp-block-paragraph\"> Est\u00e1 circulando nas m\u00eddias sociais informa\u00e7\u00f5es sobre onde descartar lixo (res\u00edduos recicl\u00e1veis) em Santa Maria, incluindo a UFSM como um dos pontos de coleta. Apesar de estar assinado com o e-mail&nbsp;<a rel=\"noreferrer noopener\" href=\"mailto:comissaoambiental.ufsm@gmail.com\" target=\"_blank\">comissaoambiental.ufsm@gmail.com<\/a>, estes materiais n\u00e3o foram divulgados pela Comiss\u00e3o de Planejamento Ambiental da UFSM e os dados est\u00e3o desatualizados.&nbsp;A UFSM apenas disponibiliza pontos de coleta de materiais recicl\u00e1veis (papel, lona, vidro, pl\u00e1stico) e de res\u00edduos eletr\u00f4nicos descartados pela comunidade. Os pontos de coleta de \u00f3leo de cozinha est\u00e3o sendo reavaliados. <br>Quanto a l\u00e2mpadas e pilhas, a Universidade apenas se responsabiliza pela destina\u00e7\u00e3o de materiais de uso institucional (comprados pela institui\u00e7\u00e3o e utilizados no local de trabalho).&nbsp;<br>Os canais oficiais de comunicados sobre sustentabilidade e coleta seletiva na UFSM s\u00e3o:&nbsp;<br><a rel=\"noreferrer noopener\" href=\"mailto:uma@ufsm.br\" target=\"_blank\">uma@ufsm.br<\/a><br><a rel=\"noreferrer noopener\" href=\"http:\/\/ufsm.br\/uma\" target=\"_blank\">ufsm.br\/uma<\/a><br><a href=\"https:\/\/www.facebook.com\/UMAUFSM\/\">Facebook\/UMAUFSM<\/a>&nbsp;&nbsp;<br><a href=\"https:\/\/www.instagram.com\/umaufsm\/?hl=pt-br\">@umaufsm<\/a> <\/p>\n","protected":false},"excerpt":{"rendered":"<p>Est\u00e1 circulando nas m\u00eddias sociais informa\u00e7\u00f5es sobre onde descartar lixo (res\u00edduos recicl\u00e1veis) em Santa Maria, incluindo a UFSM como um dos pontos de coleta. Apesar de estar assinado com o e-mail&nbsp;comissaoambiental.ufsm@gmail.com, estes materiais n\u00e3o foram divulgados pela Comiss\u00e3o de Planejamento Ambiental da UFSM e os dados est\u00e3o desatualizados.&nbsp;A UFSM apenas disponibiliza pontos de coleta de [&hellip;]<\/p>\n","protected":false},"author":80,"featured_media":0,"comment_status":"closed","ping_status":"closed","sticky":false,"template":"","format":"standard","meta":{"footnotes":""},"categories":[2],"tags":[],"class_list":["post-471","post","type-post","status-publish","format-standard","hentry","category-noticias"],"acf":[],"_links":{"self":[{"href":"https:\/\/www.ufsm.br\/pro-reitorias\/proinfra\/uma\/wp-json\/wp\/v2\/posts\/471","targetHints":{"allow":["GET"]}}],"collection":[{"href":"https:\/\/www.ufsm.br\/pro-reitorias\/proinfra\/uma\/wp-json\/wp\/v2\/posts"}],"about":[{"href":"https:\/\/www.ufsm.br\/pro-reitorias\/proinfra\/uma\/wp-json\/wp\/v2\/types\/post"}],"author":[{"embeddable":true,"href":"https:\/\/www.ufsm.br\/pro-reitorias\/proinfra\/uma\/wp-json\/wp\/v2\/users\/80"}],"replies":[{"embeddable":true,"href":"https:\/\/www.ufsm.br\/pro-reitorias\/proinfra\/uma\/wp-json\/wp\/v2\/comments?post=471"}],"version-history":[{"count":0,"href":"https:\/\/www.ufsm.br\/pro-reitorias\/proinfra\/uma\/wp-json\/wp\/v2\/posts\/471\/revisions"}],"wp:attachment":[{"href":"https:\/\/www.ufsm.br\/pro-reitorias\/proinfra\/uma\/wp-json\/wp\/v2\/media?parent=471"}],"wp:term":[{"taxonomy":"category","embeddable":true,"href":"https:\/\/www.ufsm.br\/pro-reitorias\/proinfra\/uma\/wp-json\/wp\/v2\/categories?post=471"},{"taxonomy":"post_tag","embeddable":true,"href":"https:\/\/www.ufsm.br\/pro-reitorias\/proinfra\/uma\/wp-json\/wp\/v2\/tags?post=471"}],"curies":[{"name":"wp","href":"https:\/\/api.w.org\/{rel}","templated":true}]}}