{"id":1106,"date":"2022-10-25T14:01:00","date_gmt":"2022-10-25T17:01:00","guid":{"rendered":"https:\/\/www.ufsm.br\/pro-reitorias\/proinfra\/?p=1106"},"modified":"2022-10-25T14:06:04","modified_gmt":"2022-10-25T17:06:04","slug":"voce-sabe-como-funciona-o-nucleo-de-transportes-da-ufsm","status":"publish","type":"post","link":"https:\/\/www.ufsm.br\/pro-reitorias\/proinfra\/2022\/10\/25\/voce-sabe-como-funciona-o-nucleo-de-transportes-da-ufsm","title":{"rendered":"Voc\u00ea sabe como funciona o N\u00facleo de Transportes da UFSM?"},"content":{"rendered":"\t\t<div data-elementor-type=\"wp-post\" data-elementor-id=\"1106\" class=\"elementor elementor-1106\">\n\t\t\t\t\t\t<section class=\"elementor-section elementor-top-section elementor-element elementor-element-9c5fbe5 elementor-section-boxed elementor-section-height-default elementor-section-height-default\" data-id=\"9c5fbe5\" data-element_type=\"section\">\n\t\t\t\t\t\t<div class=\"elementor-container elementor-column-gap-default\">\n\t\t\t\t\t<div class=\"elementor-column elementor-col-100 elementor-top-column elementor-element elementor-element-7c2b124\" data-id=\"7c2b124\" data-element_type=\"column\">\n\t\t\t<div class=\"elementor-widget-wrap elementor-element-populated\">\n\t\t\t\t\t\t<div class=\"elementor-element elementor-element-cc82d0e elementor-widget elementor-widget-text-editor\" data-id=\"cc82d0e\" data-element_type=\"widget\" data-widget_type=\"text-editor.default\">\n\t\t\t\t<div class=\"elementor-widget-container\">\n\t\t\t\t\t\t\t<p><span style=\"font-weight: 400\">Com cerca de 30 profissionais atuando no setor &#8211; 13 servidores e 17 terceirizados &#8211; o N\u00facleo de Transporte atende as solicita\u00e7\u00f5es de todos os campi da UFSM. Al\u00e9m disso, \u00e9 o respons\u00e1vel pelo gerenciamento de manuten\u00e7\u00e3o e abastecimento dos ve\u00edculos. Atualmente o campus sede da Universidade, em Santa Maria, possui 60 ve\u00edculos em sua frota &#8211; entre \u00f4nibus, vans, carros e caminhonetes.\u00a0<\/span><\/p><p><span style=\"font-weight: 400\">Segundo os t\u00e9cnicos Lucas Dotto Righi e Ricardo Neves Cabral, ap\u00f3s o retorno das atividades presenciais na institui\u00e7\u00e3o e dos projetos de pesquisa, ensino e extens\u00e3o, a maior demanda vem das solicita\u00e7\u00f5es para uso de \u00f4nibus. O ve\u00edculo \u00e9 usado, principalmente, para o transporte de alunos e professores para eventos acad\u00eamicos fora do campus, como palestras e visitas t\u00e9cnicas.\u00a0<\/span><\/p><p><span style=\"font-weight: 400\">Al\u00e9m de fornecer transporte e motorista para as viagens de estudo, o setor possui um carro adaptado para cadeirante e, por meio da Pr\u00f3-Reitoria de Assuntos Estudantis (PRAE), recebe solicita\u00e7\u00f5es para transporte de alunos que precisam de algum atendimento m\u00e9dico fora das depend\u00eancias da UFSM.\u00a0<\/span><\/p><p><span style=\"font-weight: 400\">Dentre as fun\u00e7\u00f5es do N\u00facleo de Transporte est\u00e1 a coordena\u00e7\u00e3o e execu\u00e7\u00e3o dos servi\u00e7os de <\/span><span style=\"font-weight: 400\">abastecimento, lavagem, lubrifica\u00e7\u00e3o e manuten\u00e7\u00e3o de ve\u00edculos oficiais da UFSM, m\u00e1quinas e equipamentos, gest\u00e3o de contratos de motoristas terceirizados e <\/span><span style=\"font-weight: 400\">controle financeiro dos centros quanto aos custos de deslocamento e valores de di\u00e1rias.\u00a0<\/span><\/p><p><b>Processo de leil\u00e3o de ve\u00edculos<\/b><\/p><p><span style=\"font-weight: 400\">Recentemente foi dado entrada em um processo administrativo para que possa ser realizado um leil\u00e3o com os ve\u00edculos que n\u00e3o s\u00e3o de interesse da institui\u00e7\u00e3o. Cerca de 12 a 15 autom\u00f3veis, entre carros, vans e duas motos, est\u00e3o nesse processo. Os autom\u00f3veis considerados fora do interesse da Universidade s\u00e3o aqueles economicamente invi\u00e1veis &#8211; muitas vezes por conta do alto valor de manuten\u00e7\u00e3o &#8211; visto que anualmente \u00e9 estipulada uma cota de gastos com ve\u00edculos oficiais, que n\u00e3o pode ser ultrapassada.<\/span><\/p><p><b>Solicita\u00e7\u00e3o de transporte<\/b><\/p><p><span style=\"font-weight: 400\">Todas as solicita\u00e7\u00f5es de transporte s\u00e3o feitas atrav\u00e9s do <a href=\"https:\/\/frotaufsm.web.app\/\">site<\/a><\/span><span style=\"font-weight: 400\">,<\/span><span style=\"font-weight: 400\"> que permite a realiza\u00e7\u00e3o do agendamento e a checagem da disponibilidade do ve\u00edculo desejado. Para que o usu\u00e1rio possa acessar a p\u00e1gina ele precisa realizar um cadastro, que ser\u00e1 enviado para an\u00e1lise feita pelo N\u00facleo de Transporte. Tendo o acesso autorizado, \u00e9 de extrema import\u00e2ncia que, ao solicitar o ve\u00edculo, informa\u00e7\u00f5es como o local de sa\u00edda, a lista completa de passageiros e os desvios de rotas (paradas), estejam presentes e com as informa\u00e7\u00f5es corretas.\u00a0<\/span><\/p><p><span style=\"font-weight: 400\">Vale ressaltar que os ve\u00edculos est\u00e3o dispon\u00edveis para fins acad\u00eamicos, portanto, caso seja de interesse do aluno checar a disponibilidade do servi\u00e7o, ele deve solicitar a viagem ao seu Centro. Sendo assim, o Secret\u00e1rio ou Diretor do Centro ir\u00e1 verificar a possibilidade da realiza\u00e7\u00e3o do deslocamento, e se aprovado, realizar o agendamento. <\/span><\/p><p><span style=\"font-weight: 400\">O N\u00facleo de Transporte funciona das 8h \u00e0s 12h e das 13h \u00e0s 17h, de segunda \u00e0 sexta. D\u00favidas podem ser tiradas atrav\u00e9s do e-mail <\/span><a href=\"mailto:transporte@ufsm.br\"><span style=\"font-weight: 400\">transporte@ufsm.br<\/span><\/a><span style=\"font-weight: 400\"> ou pelo ramal 8380.<\/span><\/p><p>\u00a0<\/p><p>Texto: Maria Carolina Dias, estudante de Jornalismo e bolsista de Comunica\u00e7\u00e3o na PROINFRA<\/p>\t\t\t\t\t\t<\/div>\n\t\t\t\t<\/div>\n\t\t\t\t\t<\/div>\n\t\t<\/div>\n\t\t\t\t\t<\/div>\n\t\t<\/section>\n\t\t\t\t<\/div>\n\t\t","protected":false},"excerpt":{"rendered":"<p>Setor \u00e9 vinculado a Coordenadoria de Servi\u00e7os Gerais (CSG)<\/p>\n","protected":false},"author":5839,"featured_media":0,"comment_status":"closed","ping_status":"closed","sticky":false,"template":"","format":"standard","meta":{"footnotes":""},"categories":[1],"tags":[46],"class_list":["post-1106","post","type-post","status-publish","format-standard","hentry","category-sem-categoria","tag-proinfra"],"acf":[],"_links":{"self":[{"href":"https:\/\/www.ufsm.br\/pro-reitorias\/proinfra\/wp-json\/wp\/v2\/posts\/1106","targetHints":{"allow":["GET"]}}],"collection":[{"href":"https:\/\/www.ufsm.br\/pro-reitorias\/proinfra\/wp-json\/wp\/v2\/posts"}],"about":[{"href":"https:\/\/www.ufsm.br\/pro-reitorias\/proinfra\/wp-json\/wp\/v2\/types\/post"}],"author":[{"embeddable":true,"href":"https:\/\/www.ufsm.br\/pro-reitorias\/proinfra\/wp-json\/wp\/v2\/users\/5839"}],"replies":[{"embeddable":true,"href":"https:\/\/www.ufsm.br\/pro-reitorias\/proinfra\/wp-json\/wp\/v2\/comments?post=1106"}],"version-history":[{"count":0,"href":"https:\/\/www.ufsm.br\/pro-reitorias\/proinfra\/wp-json\/wp\/v2\/posts\/1106\/revisions"}],"wp:attachment":[{"href":"https:\/\/www.ufsm.br\/pro-reitorias\/proinfra\/wp-json\/wp\/v2\/media?parent=1106"}],"wp:term":[{"taxonomy":"category","embeddable":true,"href":"https:\/\/www.ufsm.br\/pro-reitorias\/proinfra\/wp-json\/wp\/v2\/categories?post=1106"},{"taxonomy":"post_tag","embeddable":true,"href":"https:\/\/www.ufsm.br\/pro-reitorias\/proinfra\/wp-json\/wp\/v2\/tags?post=1106"}],"curies":[{"name":"wp","href":"https:\/\/api.w.org\/{rel}","templated":true}]}}