{"id":1154,"date":"2019-08-08T11:21:34","date_gmt":"2019-08-08T14:21:34","guid":{"rendered":"https:\/\/www.ufsm.br\/orgaos-executivos\/agittec\/?p=1154"},"modified":"2019-08-09T15:29:59","modified_gmt":"2019-08-09T18:29:59","slug":"agittec-promovera-workshop-para-alavancar-projetos-de-pdi","status":"publish","type":"post","link":"https:\/\/www.ufsm.br\/pro-reitorias\/proinova\/2019\/08\/08\/agittec-promovera-workshop-para-alavancar-projetos-de-pdi","title":{"rendered":"AGITTEC promover\u00e1 workshop para alavancar projetos de P&amp;DI"},"content":{"rendered":"\t\t<div data-elementor-type=\"wp-post\" data-elementor-id=\"1154\" class=\"elementor elementor-1154\">\n\t\t\t\t\t\t<section class=\"elementor-section elementor-top-section elementor-element elementor-element-1e4f0261 elementor-section-boxed elementor-section-height-default elementor-section-height-default\" data-id=\"1e4f0261\" data-element_type=\"section\">\n\t\t\t\t\t\t<div class=\"elementor-container elementor-column-gap-default\">\n\t\t\t\t\t<div class=\"elementor-column elementor-col-100 elementor-top-column elementor-element elementor-element-689e40e2\" data-id=\"689e40e2\" data-element_type=\"column\">\n\t\t\t<div class=\"elementor-widget-wrap elementor-element-populated\">\n\t\t\t\t\t\t<div class=\"elementor-element elementor-element-39245c16 elementor-widget elementor-widget-text-editor\" data-id=\"39245c16\" data-element_type=\"widget\" data-widget_type=\"text-editor.default\">\n\t\t\t\t<div class=\"elementor-widget-container\">\n\t\t\t\t\t\t\t<!-- wp:tadv\/classic-paragraph -->\n<p style=\"text-align: left\"><span style=\"font-weight: 400\">\u201cUso estrat\u00e9gico de propriedade intelectual e ferramentas de informa\u00e7\u00e3o tecnol\u00f3gica para alavancar projetos de pesquisa, desenvolvimento e inova\u00e7\u00e3o&#8221; \u00e9 o tema do workshop que a Ag\u00eancia de Inova\u00e7\u00e3o de Transfer\u00eancia de Tecnologia (AGITTEC) promover\u00e1 em setembro na UFSM.<\/span><\/p>\n<p style=\"text-align: left\"><span style=\"font-weight: 400\">O evento vai capacitar e atualizar pesquisadores, empreendedores e alunos sobre as principais estrat\u00e9gias e abordagens de uso da propriedade intelectual a fim de auxiliar em seus projetos de pesquisa, desenvolvimento e inova\u00e7\u00e3o.\u00a0<\/span><\/p>\n<p style=\"text-align: left\"><span style=\"font-weight: 400\">O objetivo do workshop \u00e9 que os participantes saibam como reconhecer e tomar decis\u00f5es estrat\u00e9gicas que possam acrescer valor comercial e econ\u00f4mico aos respectivos projetos e \u00e0s institui\u00e7\u00f5es e empresas envolvidas.\u00a0<\/span><\/p>\n<p style=\"text-align: left\"><span style=\"font-weight: 400\">Ele ser\u00e1 ministrado pelos s\u00f3cios <\/span><span style=\"font-weight: 400\">Ricardo Amaral Remer e Rodolfo Guimar\u00e3es Covre<\/span><span style=\"font-weight: 400\"> da Remer Villa\u00e7a &amp; Nogueira Propriedade Intelectual, escrit\u00f3rio que realiza assessoria de propriedade intelectual para a UFSM.<\/span><\/p>\n<p style=\"text-align: left\"><span style=\"font-weight: 400\">O evento ser\u00e1 no dia 11 de setembro, a partir das 09 horas, no Audit\u00f3rio do Pr\u00e9dio 74C (CCSH). As inscri\u00e7\u00f5es s\u00e3o gratuitas e podem ser realizadas no link <a href=\"http:\/\/bit.ly\/2Matwn5\">http:\/\/bit.ly\/2Matwn5 <\/a><\/span><\/p>\n<!-- \/wp:tadv\/classic-paragraph -->\t\t\t\t\t\t<\/div>\n\t\t\t\t<\/div>\n\t\t\t\t\t<\/div>\n\t\t<\/div>\n\t\t\t\t\t<\/div>\n\t\t<\/section>\n\t\t\t\t<\/div>\n\t\t","protected":false},"excerpt":{"rendered":"<p>O evento ser\u00e1 no dia 11 de setembro, a partir das 09 horas, no Audit\u00f3rio do Pr\u00e9dio 74C (CCSH)<\/p>\n","protected":false},"author":650,"featured_media":0,"comment_status":"closed","ping_status":"closed","sticky":false,"template":"","format":"standard","meta":{"episode_type":"","audio_file":"","cover_image":"","cover_image_id":"","duration":"","filesize":"","date_recorded":"","explicit":"","block":"","filesize_raw":"","footnotes":""},"categories":[6,1],"tags":[],"class_list":["post-1154","post","type-post","status-publish","format-standard","hentry","category-noticias","category-sem-categoria"],"acf":[],"_links":{"self":[{"href":"https:\/\/www.ufsm.br\/pro-reitorias\/proinova\/wp-json\/wp\/v2\/posts\/1154","targetHints":{"allow":["GET"]}}],"collection":[{"href":"https:\/\/www.ufsm.br\/pro-reitorias\/proinova\/wp-json\/wp\/v2\/posts"}],"about":[{"href":"https:\/\/www.ufsm.br\/pro-reitorias\/proinova\/wp-json\/wp\/v2\/types\/post"}],"author":[{"embeddable":true,"href":"https:\/\/www.ufsm.br\/pro-reitorias\/proinova\/wp-json\/wp\/v2\/users\/650"}],"replies":[{"embeddable":true,"href":"https:\/\/www.ufsm.br\/pro-reitorias\/proinova\/wp-json\/wp\/v2\/comments?post=1154"}],"version-history":[{"count":0,"href":"https:\/\/www.ufsm.br\/pro-reitorias\/proinova\/wp-json\/wp\/v2\/posts\/1154\/revisions"}],"wp:attachment":[{"href":"https:\/\/www.ufsm.br\/pro-reitorias\/proinova\/wp-json\/wp\/v2\/media?parent=1154"}],"wp:term":[{"taxonomy":"category","embeddable":true,"href":"https:\/\/www.ufsm.br\/pro-reitorias\/proinova\/wp-json\/wp\/v2\/categories?post=1154"},{"taxonomy":"post_tag","embeddable":true,"href":"https:\/\/www.ufsm.br\/pro-reitorias\/proinova\/wp-json\/wp\/v2\/tags?post=1154"}],"curies":[{"name":"wp","href":"https:\/\/api.w.org\/{rel}","templated":true}]}}