{"id":1429,"date":"2020-03-03T16:41:45","date_gmt":"2020-03-03T19:41:45","guid":{"rendered":"https:\/\/www.ufsm.br\/orgaos-executivos\/agittec\/?p=1429"},"modified":"2020-03-03T16:56:03","modified_gmt":"2020-03-03T19:56:03","slug":"interacao-entre-ufsm-e-empresa-licenciamento-de-tecnologia-gera-emprego-no-estado","status":"publish","type":"post","link":"https:\/\/www.ufsm.br\/pro-reitorias\/proinova\/2020\/03\/03\/interacao-entre-ufsm-e-empresa-licenciamento-de-tecnologia-gera-emprego-no-estado","title":{"rendered":"Intera\u00e7\u00e3o entre UFSM e empresa: licenciamento de tecnologia gera emprego no estado"},"content":{"rendered":"\n<p><i><span style=\"font-weight: 400\">O licenciamento permite o uso das tecnologias desenvolvidas na UFSM pelas empresas<\/span><\/i><\/p>\n\n\n\n<figure class=\"wp-block-image size-large\"><img fetchpriority=\"high\" decoding=\"async\" width=\"955\" height=\"496\" src=\"https:\/\/www.ufsm.br\/orgaos-executivos\/agittec\/wp-content\/uploads\/sites\/399\/2020\/03\/Foto-principal-1.jpg\" alt=\"\" class=\"wp-image-1433\" srcset=\"https:\/\/www.ufsm.br\/app\/uploads\/sites\/399\/2020\/03\/Foto-principal-1.jpg 955w, https:\/\/www.ufsm.br\/app\/uploads\/sites\/399\/2020\/03\/Foto-principal-1-300x156.jpg 300w, https:\/\/www.ufsm.br\/app\/uploads\/sites\/399\/2020\/03\/Foto-principal-1-768x399.jpg 768w\" sizes=\"(max-width: 955px) 100vw, 955px\" \/><\/figure>\n\n\n\n<p><span style=\"font-weight: 400\">A UFSM assinou mais um contrato de licenciamento, dessa vez a empresa contemplada \u00e9 a <\/span><a href=\"http:\/\/www.sommaiorpro.com.br\/\"><span style=\"font-weight: 400\">Som Maior PRO<\/span><\/a><span style=\"font-weight: 400\">, localizada em Frederico Westphalen &#8211; RS. A empresa desenvolveu em conjunto com a UFSM um <\/span><a href=\"https:\/\/drive.google.com\/file\/d\/1gBB4H7K3ObC6TmMRwiiJjpmqdZL_I1TV\/view\"><span style=\"font-weight: 400\">dispositivo e m\u00e9todo de an\u00e1lise <\/span><\/a><span style=\"font-weight: 400\">do protocolo de comunica\u00e7\u00e3o digital DMX, que s\u00e3o redes de comunica\u00e7\u00e3o entre equipamentos de ilumina\u00e7\u00e3o profissional. Segundo o propriet\u00e1rio da empresa, Luiz Miritz, ser\u00e1 contratada m\u00e3o de obra para a montagem das interfaces dentro da empresa.<\/span><\/p>\n<p><span style=\"font-weight: 400\">A tecnologia implementada na empresa \u00e9 resultado de uma pesquisa realizada entre o empres\u00e1rio Luiz Miritz, ex-aluno do curso de Sistemas de Informa\u00e7\u00e3o da UFSM (campus <\/span><span style=\"font-weight: 400\">Frederico Westphalen)<\/span><span style=\"font-weight: 400\">, e o professor do <\/span><span style=\"font-weight: 400\">Departamento de Tecnologia da Informa\u00e7\u00e3o da UFSM,<\/span><span style=\"font-weight: 400\"> Cristiano Bertolini. <\/span><span style=\"font-weight: 400\">O <\/span><a href=\"https:\/\/www.ufsm.br\/orgaos-executivos\/agittec\/instrumentos-de-interacao-ufsm-empresa\/\"><span style=\"font-weight: 400\">Licenciamento de Tecnologia<\/span><\/a><span style=\"font-weight: 400\"> \u00e9 um documento jur\u00eddico que permite o uso das tecnologias desenvolvidas na UFSM nas empresas. O processo foi intermediado pela <\/span><a href=\"https:\/\/www.ufsm.br\/orgaos-executivos\/agittec\/coordenadoria-de-transferencia-de-tecnologia\/\"><span style=\"font-weight: 400\">Coordenadoria de Transfer\u00eancia de Tecnologia da Agittec<\/span><\/a><span style=\"font-weight: 400\"> em conjunto com a <\/span><a href=\"https:\/\/www.ufsm.br\/orgaos-executivos\/agittec\/propriedade-intelectual\/\"><span style=\"font-weight: 400\">Coordenadoria de Propriedade Intelectual<\/span><\/a><span style=\"font-weight: 400\">, respons\u00e1vel pelo acompanhamento do pedido de patente junto ao<\/span><a href=\"http:\/\/www.inpe.br\/\"><span style=\"font-weight: 400\"> Instituto Nacional da Propriedade Industrial (INPE)<\/span><\/a><span style=\"font-weight: 400\">.&nbsp;<\/span><\/p>\n\n\n\n<p><strong>Sobre a tecnologia<\/strong><\/p>\n\n\n\n<div class=\"wp-block-columns is-layout-flex wp-container-core-columns-is-layout-9d6595d7 wp-block-columns-is-layout-flex\">\n<div class=\"wp-block-column is-layout-flow wp-block-column-is-layout-flow\">\n<p><span style=\"font-weight: 400\">As redes DMX s\u00e3o utilizadas em shows musicais, teatros, decora\u00e7\u00e3o de pr\u00e9dios e eventos. Com o dispositivo \u00e9 poss\u00edvel realizar assist\u00eancia t\u00e9cnica como ferramenta de teste de equipamentos. Al\u00e9m disso, os operadores dessas redes poder\u00e3o visualizar a comunica\u00e7\u00e3o entre os equipamentos, contando com um sistema de an\u00e1lise em tempo real para diagnosticar e identificar os erros.<\/span><\/p>\n<p><span style=\"font-weight: 400\">O empres\u00e1rio explica que passou por dificuldade na empresa, no que tange ao teste destes equipamentos DMX por n\u00e3o ter algo espec\u00edfico para este fim, \u201cassim veio a ideia de estudar uma alternativa em conjunto com a empresa e universidade, resultando num produto e logo depois na patente dele\u201d.\u00a0<\/span><\/p>\n<p><span style=\"font-weight: 400\">Em rela\u00e7\u00e3o \u00e0 gera\u00e7\u00e3o de emprego que a tecnologia trar\u00e1, Luiz afirma que ser\u00e1 contratada m\u00e3o de obra para a montagem das interfaces dentro da empresa, \u201cvamos precisar de mais funcion\u00e1rios, sem falar nas partes que ser\u00e3o terceirizadas, como o gabinete met\u00e1lico e as placas de circuito impresso, que ser\u00e3o confeccionados em outras empresas\u201d, destaca.<\/span><\/p>\n<p>\u00a0<\/p>\n<\/div>\n\n\n\n<div class=\"wp-block-column is-layout-flow wp-block-column-is-layout-flow\">\n<figure class=\"wp-block-image size-large\"><img decoding=\"async\" width=\"1024\" height=\"637\" src=\"https:\/\/www.ufsm.br\/orgaos-executivos\/agittec\/wp-content\/uploads\/sites\/399\/2020\/03\/som-pro-11Software-do-Sistema-de-Diagn\u00f3stico-DMX-3-1024x637.jpeg\" alt=\"\" class=\"wp-image-1430\" srcset=\"https:\/\/www.ufsm.br\/app\/uploads\/sites\/399\/2020\/03\/som-pro-11Software-do-Sistema-de-Diagn\u00f3stico-DMX-3-1024x637.jpeg 1024w, https:\/\/www.ufsm.br\/app\/uploads\/sites\/399\/2020\/03\/som-pro-11Software-do-Sistema-de-Diagn\u00f3stico-DMX-3-300x187.jpeg 300w, https:\/\/www.ufsm.br\/app\/uploads\/sites\/399\/2020\/03\/som-pro-11Software-do-Sistema-de-Diagn\u00f3stico-DMX-3-768x478.jpeg 768w, https:\/\/www.ufsm.br\/app\/uploads\/sites\/399\/2020\/03\/som-pro-11Software-do-Sistema-de-Diagn\u00f3stico-DMX-3.jpeg 1280w\" sizes=\"(max-width: 1024px) 100vw, 1024px\" \/><figcaption>Software do Sistema de Diagn\u00f3stico DMX<\/figcaption><\/figure>\n\n\n\n<figure class=\"wp-block-image size-large\"><img decoding=\"async\" width=\"1024\" height=\"576\" src=\"https:\/\/www.ufsm.br\/orgaos-executivos\/agittec\/wp-content\/uploads\/sites\/399\/2020\/03\/som-pro-12-Hardware-do-Sistema-de-Diagn\u00f3stico-DMX-1024x576.jpeg\" alt=\"\" class=\"wp-image-1431\" srcset=\"https:\/\/www.ufsm.br\/app\/uploads\/sites\/399\/2020\/03\/som-pro-12-Hardware-do-Sistema-de-Diagn\u00f3stico-DMX-1024x576.jpeg 1024w, https:\/\/www.ufsm.br\/app\/uploads\/sites\/399\/2020\/03\/som-pro-12-Hardware-do-Sistema-de-Diagn\u00f3stico-DMX-300x169.jpeg 300w, https:\/\/www.ufsm.br\/app\/uploads\/sites\/399\/2020\/03\/som-pro-12-Hardware-do-Sistema-de-Diagn\u00f3stico-DMX-768x432.jpeg 768w, https:\/\/www.ufsm.br\/app\/uploads\/sites\/399\/2020\/03\/som-pro-12-Hardware-do-Sistema-de-Diagn\u00f3stico-DMX.jpeg 1280w\" sizes=\"(max-width: 1024px) 100vw, 1024px\" \/><figcaption>Hardware do Sistema de Diagn\u00f3stico DMX<\/figcaption><\/figure>\n\n\n<\/div>\n<\/div>\n\n\n\n<p><span style=\"font-weight: 400\">Saiba mais sobre o processo das licita\u00e7\u00f5es e intera\u00e7\u00e3o entre UFSM e empresa <\/span><a href=\"https:\/\/bit.ly\/2UrHHYB\"><span style=\"font-weight: 400\">aqui<\/span><\/a><span style=\"font-weight: 400\">.&nbsp;<\/span><\/p>\n<p><i><span style=\"font-weight: 400\">Texto: <\/span><\/i><i><span style=\"font-weight: 400\">&nbsp;Luana Giazzon, acad\u00eamica de Jornalismo, bolsista da Ag\u00eancia de Inova\u00e7\u00e3o e Transfer\u00eancia de Tecnologia (Agittec)&nbsp;<\/span><\/i><\/p>\n<p><i><span style=\"font-weight: 400\">Fotos: Divulga\u00e7\u00e3o Som Maior PRO<\/span><\/i><\/p>\n","protected":false},"excerpt":{"rendered":"<p>O licenciamento permite o uso das tecnologias desenvolvidas na UFSM pelas empresas A UFSM assinou mais um contrato de licenciamento, dessa vez a empresa contemplada \u00e9 a Som Maior PRO, localizada em Frederico Westphalen &#8211; RS. A empresa desenvolveu em conjunto com a UFSM um dispositivo e m\u00e9todo de an\u00e1lise do protocolo de comunica\u00e7\u00e3o digital [&hellip;]<\/p>\n","protected":false},"author":2323,"featured_media":1433,"comment_status":"closed","ping_status":"closed","sticky":true,"template":"","format":"standard","meta":{"episode_type":"","audio_file":"","cover_image":"","cover_image_id":"","duration":"","filesize":"","date_recorded":"","explicit":"","block":"","filesize_raw":"","footnotes":""},"categories":[6],"tags":[145,148,147],"class_list":["post-1429","post","type-post","status-publish","format-standard","has-post-thumbnail","hentry","category-noticias","tag-agittec","tag-propriedade-intelectual","tag-transferencia-de-tecnologia"],"acf":[],"_links":{"self":[{"href":"https:\/\/www.ufsm.br\/pro-reitorias\/proinova\/wp-json\/wp\/v2\/posts\/1429","targetHints":{"allow":["GET"]}}],"collection":[{"href":"https:\/\/www.ufsm.br\/pro-reitorias\/proinova\/wp-json\/wp\/v2\/posts"}],"about":[{"href":"https:\/\/www.ufsm.br\/pro-reitorias\/proinova\/wp-json\/wp\/v2\/types\/post"}],"author":[{"embeddable":true,"href":"https:\/\/www.ufsm.br\/pro-reitorias\/proinova\/wp-json\/wp\/v2\/users\/2323"}],"replies":[{"embeddable":true,"href":"https:\/\/www.ufsm.br\/pro-reitorias\/proinova\/wp-json\/wp\/v2\/comments?post=1429"}],"version-history":[{"count":0,"href":"https:\/\/www.ufsm.br\/pro-reitorias\/proinova\/wp-json\/wp\/v2\/posts\/1429\/revisions"}],"wp:featuredmedia":[{"embeddable":true,"href":"https:\/\/www.ufsm.br\/pro-reitorias\/proinova\/wp-json\/wp\/v2\/media\/1433"}],"wp:attachment":[{"href":"https:\/\/www.ufsm.br\/pro-reitorias\/proinova\/wp-json\/wp\/v2\/media?parent=1429"}],"wp:term":[{"taxonomy":"category","embeddable":true,"href":"https:\/\/www.ufsm.br\/pro-reitorias\/proinova\/wp-json\/wp\/v2\/categories?post=1429"},{"taxonomy":"post_tag","embeddable":true,"href":"https:\/\/www.ufsm.br\/pro-reitorias\/proinova\/wp-json\/wp\/v2\/tags?post=1429"}],"curies":[{"name":"wp","href":"https:\/\/api.w.org\/{rel}","templated":true}]}}