{"id":198,"date":"2016-03-07T19:33:09","date_gmt":"2016-03-07T22:33:09","guid":{"rendered":"https:\/\/www.ufsm.br\/orgaos-executivos\/agittec\/2016\/03\/07\/pulsar-incubadora-da-ufsm-lanca-edital-para-incubacao-de-empresas\/"},"modified":"2016-03-07T19:33:09","modified_gmt":"2016-03-07T22:33:09","slug":"pulsar-incubadora-da-ufsm-lanca-edital-para-incubacao-de-empresas","status":"publish","type":"post","link":"https:\/\/www.ufsm.br\/pro-reitorias\/proinova\/2016\/03\/07\/pulsar-incubadora-da-ufsm-lanca-edital-para-incubacao-de-empresas","title":{"rendered":"Pulsar &#8211; Incubadora da UFSM lan\u00e7a edital para incuba\u00e7\u00e3o de empresas"},"content":{"rendered":"<p style=\"text-align: justify;\">A Universidade Federal de Santa Maria (UFSM), atrav\u00e9s da Ag\u00eancia de Inova\u00e7\u00e3o e Transfer\u00eancia de Tecnologia (AGITTEC), lan\u00e7a hoje, dia 07 de mar\u00e7o, o edital para sele\u00e7\u00e3o de empreendimentos tecnol\u00f3gicos para a PULSAR INCUBADORA DA UFSM.<\/p>\n<p style=\"text-align: justify;\">Essa iniciativa tem como objetivos: criar novos neg\u00f3cios baseados em tecnologias inovadoras; identificar empreendedores na UFSM, na cidade e na regi\u00e3o; estimular a cria\u00e7\u00e3o e a consolida\u00e7\u00e3o de empresas de base tecnol\u00f3gica; estimular o associativismo entre empresas, grupos de pesquisa da UFSM e os parceiros externos que apoiem a Incubadora da UFSM.<\/p>\n<p>As propostas para incuba\u00e7\u00e3o podem ser apresentadas por pessoas f\u00edsicas ou jur\u00eddicas, que possuam capacidade t\u00e9cnica necess\u00e1ria ao desenvolvimento de um produto ou servi\u00e7o inovador sob o ponto de vista tecnol\u00f3gico. N\u00e3o \u00e9 necess\u00e1rio que a empresa esteja formalmente constitu\u00edda no momento da apresenta\u00e7\u00e3o do projeto. Tamb\u00e9m podem apresentar propostas empresas constitu\u00eddas que queiram incubar um setor ou projeto espec\u00edfico de Pesquisa, Desenvolvimento e Inova\u00e7\u00e3o (P,D&amp;I).<\/p>\n<p style=\"text-align: justify;\"><a href=\"index.php\/editais\/editais-internos\">Confira o edital aqui<\/a>. <br \/>O per\u00edodo de submiss\u00e3o de propostas vai de 14 de mar\u00e7o a oito de abril.<\/p>\n","protected":false},"excerpt":{"rendered":"<p>A Universidade Federal de Santa Maria (UFSM), atrav\u00e9s da Ag\u00eancia de Inova\u00e7\u00e3o e Transfer\u00eancia de Tecnologia (AGITTEC), lan\u00e7a hoje, dia 07 de mar\u00e7o, o edital para sele\u00e7\u00e3o de empreendimentos tecnol\u00f3gicos para a PULSAR INCUBADORA DA UFSM. Essa iniciativa tem como objetivos: criar novos neg\u00f3cios baseados em tecnologias inovadoras; identificar empreendedores na UFSM, na cidade e [&hellip;]<\/p>\n","protected":false},"author":8,"featured_media":0,"comment_status":"closed","ping_status":"closed","sticky":false,"template":"","format":"standard","meta":{"episode_type":"","audio_file":"","cover_image":"","cover_image_id":"","duration":"","filesize":"","date_recorded":"","explicit":"","block":"","filesize_raw":"","footnotes":""},"categories":[1],"tags":[],"class_list":["post-198","post","type-post","status-publish","format-standard","hentry","category-sem-categoria"],"acf":[],"_links":{"self":[{"href":"https:\/\/www.ufsm.br\/pro-reitorias\/proinova\/wp-json\/wp\/v2\/posts\/198","targetHints":{"allow":["GET"]}}],"collection":[{"href":"https:\/\/www.ufsm.br\/pro-reitorias\/proinova\/wp-json\/wp\/v2\/posts"}],"about":[{"href":"https:\/\/www.ufsm.br\/pro-reitorias\/proinova\/wp-json\/wp\/v2\/types\/post"}],"author":[{"embeddable":true,"href":"https:\/\/www.ufsm.br\/pro-reitorias\/proinova\/wp-json\/wp\/v2\/users\/8"}],"replies":[{"embeddable":true,"href":"https:\/\/www.ufsm.br\/pro-reitorias\/proinova\/wp-json\/wp\/v2\/comments?post=198"}],"version-history":[{"count":0,"href":"https:\/\/www.ufsm.br\/pro-reitorias\/proinova\/wp-json\/wp\/v2\/posts\/198\/revisions"}],"wp:attachment":[{"href":"https:\/\/www.ufsm.br\/pro-reitorias\/proinova\/wp-json\/wp\/v2\/media?parent=198"}],"wp:term":[{"taxonomy":"category","embeddable":true,"href":"https:\/\/www.ufsm.br\/pro-reitorias\/proinova\/wp-json\/wp\/v2\/categories?post=198"},{"taxonomy":"post_tag","embeddable":true,"href":"https:\/\/www.ufsm.br\/pro-reitorias\/proinova\/wp-json\/wp\/v2\/tags?post=198"}],"curies":[{"name":"wp","href":"https:\/\/api.w.org\/{rel}","templated":true}]}}