{"id":331,"date":"2017-11-13T17:39:16","date_gmt":"2017-11-13T19:39:16","guid":{"rendered":"https:\/\/www.ufsm.br\/orgaos-executivos\/agittec\/2017\/11\/13\/ufsm-e-a-grande-vencedora-do-premio-empreenda-santander-2k17\/"},"modified":"2017-11-13T17:39:16","modified_gmt":"2017-11-13T19:39:16","slug":"ufsm-e-a-grande-vencedora-do-premio-empreenda-santander-2k17","status":"publish","type":"post","link":"https:\/\/www.ufsm.br\/pro-reitorias\/proinova\/2017\/11\/13\/ufsm-e-a-grande-vencedora-do-premio-empreenda-santander-2k17","title":{"rendered":"UFSM \u00e9 a grande vencedora do pr\u00eamio Empreenda Santander 2k17"},"content":{"rendered":"<p style=\"margin: 0px 0px 10px; color: #666666; font-family: Helvetica, Arial, sans-serif; font-size: 13px; text-align: justify;\">A UFSM conquistou o pr\u00eamio&nbsp;<a style=\"background: 0px 0px; color: #4782b2;\" href=\"https:\/\/www.santanderuniversidades.com.br\/empreendedorismo\/Paginas\/empreenda-santander.aspx\">Empreenda Santander 2k17<\/a>, na categoria Universit\u00e1rio Empreendedor, entregue nesta ter\u00e7a-feira (7), no Teatro Santander, Vila Ol\u00edmpia, na capital paulista. O projeto Lunix, liderado pelo acad\u00eamico Jader Stefanello e orientado pelo professor H\u00e9lio Hey, concorreu com mais de 2 mil propostas de todo o pa\u00eds.<\/p>\n<p style=\"margin: 0px 0px 10px; color: #666666; font-family: Helvetica, Arial, sans-serif; font-size: 13px; text-align: justify;\">Ap\u00f3s tr\u00eas triagens, os avaliadores selecionaram quatro projetos para a final e, entre estes, escolheram o da UFSM. A premia\u00e7\u00e3o \u00e9 de R$ 100 mil. O estudante e o professor tamb\u00e9m participar\u00e3o de cursos de imers\u00e3o, respectivamente, nas \u00e1reas de empreendedorismo e gest\u00e3o, na Babson College, nos Estados Unidos.<\/p>\n<p style=\"margin: 0px 0px 10px; color: #666666; font-family: Helvetica, Arial, sans-serif; font-size: 13px; text-align: justify;\">O projeto Lunix foi desenvolvido por Jader Stefanello e pelo colega Fernando Ferreira na disciplina de Atitude Empreendedora, do curso de Engenharia de Controle e Automa\u00e7\u00e3o. A cadeira integra um rol de disciplinas de diferentes cursos de gradua\u00e7\u00e3o voltadas para a forma\u00e7\u00e3o empreendedora.<\/p>\n<p style=\"margin: 0px 0px 10px; color: #666666; font-family: Helvetica, Arial, sans-serif; font-size: 13px; text-align: justify;\">A proposta elaborada pelos acad\u00eamicos da UFSM, conforme o professor H\u00e9lio Hey, objetiva a intelig\u00eancia energ\u00e9tica a partir do controle do consumo de energia tanto no \u00e2mbito industrial quanto residencial.&nbsp;&nbsp;<\/p>\n<p>Fonte: <a href=\"http:\/\/site.ufsm.br\/noticias\/exibir\/ufsm-e-grande-vencedora-do-premio-empreenda-santan\" target=\"_blank\">Portal UFSM<\/a><\/p>\n<p><img fetchpriority=\"high\" decoding=\"async\" class=\" size-full wp-image-330\" src=\"https:\/\/www.ufsm.br\/orgaos-executivos\/agittec\/wp-content\/uploads\/sites\/399\/2017\/11\/lunix.jpg\" alt=\"lunix\" width=\"620\" height=\"345\" srcset=\"https:\/\/www.ufsm.br\/app\/uploads\/sites\/399\/2017\/11\/lunix.jpg 620w, https:\/\/www.ufsm.br\/app\/uploads\/sites\/399\/2017\/11\/lunix-300x167.jpg 300w\" sizes=\"(max-width: 620px) 100vw, 620px\" \/><\/p>\n","protected":false},"excerpt":{"rendered":"<p>A UFSM conquistou o pr\u00eamio&nbsp;Empreenda Santander 2k17, na categoria Universit\u00e1rio Empreendedor, entregue nesta ter\u00e7a-feira (7), no Teatro Santander, Vila Ol\u00edmpia, na capital paulista. O projeto Lunix, liderado pelo acad\u00eamico Jader Stefanello e orientado pelo professor H\u00e9lio Hey, concorreu com mais de 2 mil propostas de todo o pa\u00eds. Ap\u00f3s tr\u00eas triagens, os avaliadores selecionaram quatro [&hellip;]<\/p>\n","protected":false},"author":8,"featured_media":330,"comment_status":"closed","ping_status":"closed","sticky":false,"template":"","format":"standard","meta":{"episode_type":"","audio_file":"","cover_image":"","cover_image_id":"","duration":"","filesize":"","date_recorded":"","explicit":"","block":"","filesize_raw":"","footnotes":""},"categories":[1],"tags":[],"class_list":["post-331","post","type-post","status-publish","format-standard","has-post-thumbnail","hentry","category-sem-categoria"],"acf":[],"_links":{"self":[{"href":"https:\/\/www.ufsm.br\/pro-reitorias\/proinova\/wp-json\/wp\/v2\/posts\/331","targetHints":{"allow":["GET"]}}],"collection":[{"href":"https:\/\/www.ufsm.br\/pro-reitorias\/proinova\/wp-json\/wp\/v2\/posts"}],"about":[{"href":"https:\/\/www.ufsm.br\/pro-reitorias\/proinova\/wp-json\/wp\/v2\/types\/post"}],"author":[{"embeddable":true,"href":"https:\/\/www.ufsm.br\/pro-reitorias\/proinova\/wp-json\/wp\/v2\/users\/8"}],"replies":[{"embeddable":true,"href":"https:\/\/www.ufsm.br\/pro-reitorias\/proinova\/wp-json\/wp\/v2\/comments?post=331"}],"version-history":[{"count":0,"href":"https:\/\/www.ufsm.br\/pro-reitorias\/proinova\/wp-json\/wp\/v2\/posts\/331\/revisions"}],"wp:featuredmedia":[{"embeddable":true,"href":"https:\/\/www.ufsm.br\/pro-reitorias\/proinova\/wp-json\/wp\/v2\/media\/330"}],"wp:attachment":[{"href":"https:\/\/www.ufsm.br\/pro-reitorias\/proinova\/wp-json\/wp\/v2\/media?parent=331"}],"wp:term":[{"taxonomy":"category","embeddable":true,"href":"https:\/\/www.ufsm.br\/pro-reitorias\/proinova\/wp-json\/wp\/v2\/categories?post=331"},{"taxonomy":"post_tag","embeddable":true,"href":"https:\/\/www.ufsm.br\/pro-reitorias\/proinova\/wp-json\/wp\/v2\/tags?post=331"}],"curies":[{"name":"wp","href":"https:\/\/api.w.org\/{rel}","templated":true}]}}