{"id":3589,"date":"2021-07-05T14:17:45","date_gmt":"2021-07-05T17:17:45","guid":{"rendered":"https:\/\/www.ufsm.br\/orgaos-executivos\/agittec\/?p=3589"},"modified":"2021-07-05T14:26:26","modified_gmt":"2021-07-05T17:26:26","slug":"agittec-promove-workshop-sobre-construcao-de-patentes-relevantes","status":"publish","type":"post","link":"https:\/\/www.ufsm.br\/pro-reitorias\/proinova\/2021\/07\/05\/agittec-promove-workshop-sobre-construcao-de-patentes-relevantes","title":{"rendered":"Agittec promove workshop sobre constru\u00e7\u00e3o de patentes relevantes"},"content":{"rendered":"\t\t<div data-elementor-type=\"wp-post\" data-elementor-id=\"3589\" class=\"elementor elementor-3589\">\n\t\t\t\t\t\t<section class=\"elementor-section elementor-top-section elementor-element elementor-element-6ea73393 elementor-section-boxed elementor-section-height-default elementor-section-height-default\" data-id=\"6ea73393\" data-element_type=\"section\">\n\t\t\t\t\t\t<div class=\"elementor-container elementor-column-gap-default\">\n\t\t\t\t\t<div class=\"elementor-column elementor-col-100 elementor-top-column elementor-element elementor-element-19112bda\" data-id=\"19112bda\" data-element_type=\"column\">\n\t\t\t<div class=\"elementor-widget-wrap elementor-element-populated\">\n\t\t\t\t\t\t<div class=\"elementor-element elementor-element-12d225e1 elementor-widget elementor-widget-text-editor\" data-id=\"12d225e1\" data-element_type=\"widget\" data-widget_type=\"text-editor.default\">\n\t\t\t\t<div class=\"elementor-widget-container\">\n\t\t\t\t\t\t\t<!-- wp:tadv\/classic-paragraph \/-->\t\t\t\t\t\t<\/div>\n\t\t\t\t<\/div>\n\t\t\t\t\t<\/div>\n\t\t<\/div>\n\t\t\t\t\t<\/div>\n\t\t<\/section>\n\t\t\t\t<section class=\"elementor-section elementor-top-section elementor-element elementor-element-8cbb8dd elementor-section-boxed elementor-section-height-default elementor-section-height-default\" data-id=\"8cbb8dd\" data-element_type=\"section\">\n\t\t\t\t\t\t<div class=\"elementor-container elementor-column-gap-default\">\n\t\t\t\t\t<div class=\"elementor-column elementor-col-100 elementor-top-column elementor-element elementor-element-3b838ce\" data-id=\"3b838ce\" data-element_type=\"column\">\n\t\t\t<div class=\"elementor-widget-wrap elementor-element-populated\">\n\t\t\t\t\t\t<div class=\"elementor-element elementor-element-84cf886 elementor-widget elementor-widget-text-editor\" data-id=\"84cf886\" data-element_type=\"widget\" data-widget_type=\"text-editor.default\">\n\t\t\t\t<div class=\"elementor-widget-container\">\n\t\t\t\t\t\t\t<p dir=\"ltr\" style=\"line-height: 1.38;text-align: justify;background-color: #ffffff;margin-top: 0pt;margin-bottom: 0pt\"><span style=\"font-size: 12pt;font-family: Roboto,sans-serif;color: #000000;background-color: transparent;font-weight: 400;font-style: normal;font-variant: normal;text-decoration: none;vertical-align: baseline\">No dia 20 de julho, a Agittec promover\u00e1 o workshop Constru\u00e7\u00e3o de Patentes Relevantes de forma online, gratuita e aberta a interessados vinculados e n\u00e3o vinculados \u00e0 UFSM. Ao longo de 3 horas, ser\u00e3o abordados alguns dos principais pontos dos cursos Constru\u00e7\u00e3o de Patentes Relevantes e Busca e An\u00e1lise de Informa\u00e7\u00f5es com Foco em Patentes. As vagas s\u00e3o limitadas, <a href=\"https:\/\/docs.google.com\/forms\/d\/e\/1FAIpQLSfed799dPn-2QXtw2jpT9Ur22T7Im_ph8OZEBAioxkgZuVbWQ\/viewform\">inscreva-se aqui<\/a>. O workshop ter\u00e1 in\u00edcio \u00e0s 9h, seguindo at\u00e9 as 12h.\u00a0<\/span><\/p>\n<p dir=\"ltr\" style=\"line-height: 1.38;text-align: justify;background-color: #ffffff;margin-top: 0pt;margin-bottom: 0pt\">\u00a0<\/p>\n<p dir=\"ltr\" style=\"line-height: 1.38;text-align: justify;background-color: #ffffff;margin-top: 0pt;margin-bottom: 0pt\"><span style=\"font-size: 12pt;font-family: Roboto,sans-serif;color: #000000;background-color: transparent;font-weight: 400;font-style: normal;font-variant: normal;text-decoration: none;vertical-align: baseline\">Inicialmente ser\u00e1 feita uma breve apresenta\u00e7\u00e3o dos cursos Constru\u00e7\u00e3o de Patentes Relevantes e Busca e An\u00e1lise de Informa\u00e7\u00f5es com Foco em Patentes. Em seguida, ser\u00e3o discutidos os seguintes pontos:\u00a0\u00a0<\/span><\/p>\n<p dir=\"ltr\" style=\"line-height: 1.38;text-align: justify;background-color: #ffffff;margin-top: 0pt;margin-bottom: 0pt\"><span style=\"font-size: 12pt;font-family: Roboto,sans-serif;color: #000000;background-color: transparent;font-weight: 400;font-style: normal;font-variant: normal;text-decoration: none;vertical-align: baseline\">\u00a0<\/span><\/p>\n<p dir=\"ltr\" style=\"line-height: 1.38;text-align: justify;background-color: #ffffff;margin-top: 0pt;margin-bottom: 0pt\"><span style=\"font-size: 12pt;font-family: Roboto,sans-serif;color: #000000;background-color: transparent;font-weight: 400;font-style: normal;font-variant: normal;text-decoration: none;vertical-align: baseline\">&#8211; <\/span><span style=\"background-color: transparent;color: #000000;font-family: Roboto, sans-serif;font-size: 12pt;text-align: left\">Patentes como instrumentos para impedir terceiros usarem inven\u00e7\u00f5es (solu\u00e7\u00f5es t\u00e9cnicas novas e n\u00e3o \u00f3bvias para problemas t\u00e9cnicos) que tenhamos concebido;<\/span><\/p>\n<p dir=\"ltr\" style=\"line-height: 1.38;text-align: justify;background-color: #ffffff;margin-top: 0pt;margin-bottom: 0pt\"><span style=\"background-color: transparent;color: #000000;font-family: Roboto, sans-serif;font-size: 12pt;text-align: left\">&#8211; <\/span><span style=\"background-color: transparent;color: #000000;font-family: Roboto, sans-serif;font-size: 12pt;text-align: left\">Defini\u00e7\u00e3o de problemas t\u00e9cnicos, subproblemas t\u00e9cnicos e constru\u00e7\u00f5es m\u00ednimas como base para patentes relevantes;<\/span><\/p>\n<p dir=\"ltr\" style=\"line-height: 1.38;text-align: justify;background-color: #ffffff;margin-top: 0pt;margin-bottom: 0pt\"><span style=\"background-color: transparent;color: #000000;font-family: Roboto, sans-serif;font-size: 12pt;text-align: left\">&#8211; <\/span><span style=\"background-color: transparent;color: #000000;font-family: Roboto, sans-serif;font-size: 12pt;text-align: left\">Patentes como fontes de informa\u00e7\u00f5es e fontes para aprendizagem sobre como redigir patentes.<\/span><\/p>\n<p dir=\"ltr\" style=\"line-height: 1.38;text-align: justify;background-color: #ffffff;margin-top: 0pt;margin-bottom: 0pt\"><span style=\"color: #000000;font-family: Roboto, sans-serif;font-size: 12pt;background-color: transparent\">\u00a0<\/span><\/p>\n<p dir=\"ltr\" style=\"line-height: 1.38;text-align: justify;background-color: #ffffff;margin-top: 0pt;margin-bottom: 0pt\"><span style=\"background-color: transparent;color: #000000;font-family: Roboto, sans-serif;font-size: 12pt\">A \u00faltima hora do workshop ser\u00e1 reservada para perguntas e intera\u00e7\u00f5es dos participantes.<\/span><\/p>\n<p dir=\"ltr\" style=\"line-height: 1.38;text-align: justify;background-color: #ffffff;margin-top: 0pt;margin-bottom: 0pt\"><span style=\"font-size: 12pt;font-family: Roboto,sans-serif;color: #000000;background-color: transparent;font-weight: 400;font-style: normal;font-variant: normal;text-decoration: none;vertical-align: baseline\">\u00a0<\/span><\/p>\n<p dir=\"ltr\" style=\"line-height: 1.38;text-align: justify;background-color: #ffffff;margin-top: 0pt;margin-bottom: 0pt\"><span style=\"font-size: 12pt;font-family: Roboto,sans-serif;color: #000000;background-color: transparent;font-weight: 400;font-style: normal;font-variant: normal;text-decoration: none;vertical-align: baseline\">O ministrante ser\u00e1 Henry Suzuki, s\u00f3cio-fundador e diretor-geral da <a href=\"https:\/\/www.axonal.com.br\/\">Axonal Consultoria Tecnol\u00f3gica<\/a>, titular da cadeira n\u00ba 2 da Academia de Ci\u00eancias Farmac\u00eauticas do Brasil, membro do Conselho Consultivo do F\u00f3rum Nacional de Gestores de Inova\u00e7\u00e3o e Transfer\u00eancia de Tecnologia (FORTEC) e membro da Comiss\u00e3o de Propriedade Intelectual da OAB-SP. Atuante em diversas redes, Henry tem se dedicado \u00e0 miss\u00e3o de disseminar conhecimentos sobre intelig\u00eancia tecnol\u00f3gica, inova\u00e7\u00e3o e patentes.<\/span><\/p>\n<p>\u00a0<\/p>\n<p dir=\"ltr\" style=\"line-height: 1.38;text-align: justify;background-color: #ffffff;margin-top: 0pt;margin-bottom: 0pt\">\u00a0<\/p>\t\t\t\t\t\t<\/div>\n\t\t\t\t<\/div>\n\t\t\t\t\t<\/div>\n\t\t<\/div>\n\t\t\t\t\t<\/div>\n\t\t<\/section>\n\t\t\t\t<section class=\"elementor-section elementor-top-section elementor-element elementor-element-b1e99a1 elementor-section-boxed elementor-section-height-default elementor-section-height-default\" data-id=\"b1e99a1\" data-element_type=\"section\">\n\t\t\t\t\t\t<div class=\"elementor-container elementor-column-gap-default\">\n\t\t\t\t\t<div class=\"elementor-column elementor-col-100 elementor-top-column elementor-element elementor-element-a7a2192\" data-id=\"a7a2192\" data-element_type=\"column\">\n\t\t\t<div class=\"elementor-widget-wrap elementor-element-populated\">\n\t\t\t\t\t\t<div class=\"elementor-element elementor-element-69fad6f elementor-widget elementor-widget-image\" data-id=\"69fad6f\" data-element_type=\"widget\" data-widget_type=\"image.default\">\n\t\t\t\t<div class=\"elementor-widget-container\">\n\t\t\t\t\t\t\t\t\t\t\t\t\t<img fetchpriority=\"high\" decoding=\"async\" width=\"1024\" height=\"511\" src=\"https:\/\/www.ufsm.br\/app\/uploads\/sites\/399\/2021\/07\/reusumo-workshop-1024x511.png\" class=\"attachment-large size-large wp-image-3591\" alt=\"\" srcset=\"https:\/\/www.ufsm.br\/app\/uploads\/sites\/399\/2021\/07\/reusumo-workshop-1024x511.png 1024w, https:\/\/www.ufsm.br\/app\/uploads\/sites\/399\/2021\/07\/reusumo-workshop-300x150.png 300w, https:\/\/www.ufsm.br\/app\/uploads\/sites\/399\/2021\/07\/reusumo-workshop-768x383.png 768w, https:\/\/www.ufsm.br\/app\/uploads\/sites\/399\/2021\/07\/reusumo-workshop-1536x766.png 1536w, https:\/\/www.ufsm.br\/app\/uploads\/sites\/399\/2021\/07\/reusumo-workshop.png 1920w\" sizes=\"(max-width: 1024px) 100vw, 1024px\" \/>\t\t\t\t\t\t\t\t\t\t\t\t\t<\/div>\n\t\t\t\t<\/div>\n\t\t\t\t\t<\/div>\n\t\t<\/div>\n\t\t\t\t\t<\/div>\n\t\t<\/section>\n\t\t\t\t<\/div>\n\t\t","protected":false},"excerpt":{"rendered":"<p>No dia 20 de julho, a Agittec promover\u00e1 o workshop Constru\u00e7\u00e3o de Patentes Relevantes de forma online, gratuita e aberta a interessados vinculados e n\u00e3o vinculados \u00e0 UFSM. Ao longo de 3 horas, ser\u00e3o abordados alguns dos principais pontos dos cursos Constru\u00e7\u00e3o de Patentes Relevantes e Busca e An\u00e1lise de Informa\u00e7\u00f5es com Foco em Patentes. [&hellip;]<\/p>\n","protected":false},"author":3404,"featured_media":3590,"comment_status":"closed","ping_status":"closed","sticky":false,"template":"","format":"standard","meta":{"episode_type":"","audio_file":"","cover_image":"","cover_image_id":"","duration":"","filesize":"","date_recorded":"","explicit":"","block":"","filesize_raw":"","footnotes":""},"categories":[6],"tags":[235,491,236],"class_list":["post-3589","post","type-post","status-publish","format-standard","has-post-thumbnail","hentry","category-noticias","tag-evento","tag-patentes","tag-workshop"],"acf":[],"_links":{"self":[{"href":"https:\/\/www.ufsm.br\/pro-reitorias\/proinova\/wp-json\/wp\/v2\/posts\/3589","targetHints":{"allow":["GET"]}}],"collection":[{"href":"https:\/\/www.ufsm.br\/pro-reitorias\/proinova\/wp-json\/wp\/v2\/posts"}],"about":[{"href":"https:\/\/www.ufsm.br\/pro-reitorias\/proinova\/wp-json\/wp\/v2\/types\/post"}],"author":[{"embeddable":true,"href":"https:\/\/www.ufsm.br\/pro-reitorias\/proinova\/wp-json\/wp\/v2\/users\/3404"}],"replies":[{"embeddable":true,"href":"https:\/\/www.ufsm.br\/pro-reitorias\/proinova\/wp-json\/wp\/v2\/comments?post=3589"}],"version-history":[{"count":0,"href":"https:\/\/www.ufsm.br\/pro-reitorias\/proinova\/wp-json\/wp\/v2\/posts\/3589\/revisions"}],"wp:featuredmedia":[{"embeddable":true,"href":"https:\/\/www.ufsm.br\/pro-reitorias\/proinova\/wp-json\/wp\/v2\/media\/3590"}],"wp:attachment":[{"href":"https:\/\/www.ufsm.br\/pro-reitorias\/proinova\/wp-json\/wp\/v2\/media?parent=3589"}],"wp:term":[{"taxonomy":"category","embeddable":true,"href":"https:\/\/www.ufsm.br\/pro-reitorias\/proinova\/wp-json\/wp\/v2\/categories?post=3589"},{"taxonomy":"post_tag","embeddable":true,"href":"https:\/\/www.ufsm.br\/pro-reitorias\/proinova\/wp-json\/wp\/v2\/tags?post=3589"}],"curies":[{"name":"wp","href":"https:\/\/api.w.org\/{rel}","templated":true}]}}