{"id":3598,"date":"2021-07-07T17:00:21","date_gmt":"2021-07-07T20:00:21","guid":{"rendered":"https:\/\/www.ufsm.br\/orgaos-executivos\/agittec\/?p=3598"},"modified":"2021-07-08T13:16:14","modified_gmt":"2021-07-08T16:16:14","slug":"projeto-da-ufsm-lanca-primeira-ferramenta-capaz-de-medir-o-uso-de-solucoes-digitais-no-campo","status":"publish","type":"post","link":"https:\/\/www.ufsm.br\/pro-reitorias\/proinova\/2021\/07\/07\/projeto-da-ufsm-lanca-primeira-ferramenta-capaz-de-medir-o-uso-de-solucoes-digitais-no-campo","title":{"rendered":"Projeto da UFSM lan\u00e7a primeira ferramenta capaz de medir o uso de solu\u00e7\u00f5es digitais no campo"},"content":{"rendered":"\t\t<div data-elementor-type=\"wp-post\" data-elementor-id=\"3598\" class=\"elementor elementor-3598\">\n\t\t\t\t\t\t<section class=\"elementor-section elementor-top-section elementor-element elementor-element-8f38169 elementor-section-boxed elementor-section-height-default elementor-section-height-default\" data-id=\"8f38169\" data-element_type=\"section\">\n\t\t\t\t\t\t<div class=\"elementor-container elementor-column-gap-default\">\n\t\t\t\t\t<div class=\"elementor-column elementor-col-100 elementor-top-column elementor-element elementor-element-8e5034e\" data-id=\"8e5034e\" data-element_type=\"column\">\n\t\t\t<div class=\"elementor-widget-wrap elementor-element-populated\">\n\t\t\t\t\t\t<div class=\"elementor-element elementor-element-498136e elementor-widget elementor-widget-text-editor\" data-id=\"498136e\" data-element_type=\"widget\" data-widget_type=\"text-editor.default\">\n\t\t\t\t<div class=\"elementor-widget-container\">\n\t\t\t\t\t\t\t<h6 style=\"text-align: left\"><span style=\"font-size: 14pt\"><span style=\"color: #000000\">Plataforma desenvolvida pelo projeto Aquarius pretende coletar dados de 5 mil produtores de soja em todo o pa\u00eds<\/span><\/span><\/h6>\t\t\t\t\t\t<\/div>\n\t\t\t\t<\/div>\n\t\t\t\t<div class=\"elementor-element elementor-element-3729c86 elementor-widget elementor-widget-text-editor\" data-id=\"3729c86\" data-element_type=\"widget\" data-widget_type=\"text-editor.default\">\n\t\t\t\t<div class=\"elementor-widget-container\">\n\t\t\t\t\t\t\t<p dir=\"ltr\" style=\"line-height: 1.3800000000000001;text-align: justify;margin-top: 0pt;margin-bottom: 0pt\"><span style=\"font-size: 12pt;font-family: Roboto,sans-serif;color: #000000;background-color: transparent;font-weight: 400;font-style: normal;font-variant: normal;text-decoration: none;vertical-align: baseline\">O <a href=\"https:\/\/projetoaquarius.agr.br\/\">Projeto Aquarius<\/a> lan\u00e7ou, recentemente, o <a href=\"https:\/\/idt.projetoaquarius.agr.br\/\">\u00cdndice de Digitaliza\u00e7\u00e3o e Tecnologia (IDT),<\/a> primeira ferramenta capaz de medir o uso de solu\u00e7\u00f5es digitais pelos agricultores brasileiros. A plataforma pretende coletar dados de 5 mil produtores de soja de todo o pa\u00eds e quantificar a aplica\u00e7\u00e3o de tecnologia no campo. A iniciativa \u00e9 resultado de um trabalho colaborativo entre o Projeto Aquarius, a UFSM e as empresas parceiras Stara, Cotrijal, Drakkar e OWS, com apoio e fomento da Ag\u00eancia Brasileira de Desenvolvimento Industrial (ABDI).\u00a0<\/span><\/p><p><b id=\"docs-internal-guid-a05fec4b-7fff-ed00-3e5e-242a956ca51f\" style=\"font-weight: normal\">\u00a0<\/b><\/p><p dir=\"ltr\" style=\"line-height: 1.3800000000000001;text-align: justify;margin-top: 0pt;margin-bottom: 0pt\"><span style=\"font-size: 12pt;font-family: Roboto,sans-serif;color: #000000;background-color: transparent;font-weight: 400;font-style: normal;font-variant: normal;text-decoration: none;vertical-align: baseline\">Os produtores participar\u00e3o de uma pesquisa virtual, cujas respostas v\u00e3o gerar um \u00edndice m\u00e9dio de digitaliza\u00e7\u00e3o. Esse \u00edndice poder\u00e1 ser comparado em escalas nacional, estadual e regional. Os agricultores tamb\u00e9m ter\u00e3o acesso a uma ferramenta que servir\u00e1 como uma b\u00fassola rumo \u00e0 inova\u00e7\u00e3o no agroneg\u00f3cio para se orientarem sobre a ado\u00e7\u00e3o de tecnologias e a tomada de decis\u00e3o de acordo com as defici\u00eancias apontadas no question\u00e1rio, com op\u00e7\u00f5es detalhadas de medidas a serem implementadas caso a caso.\u00a0<\/span><\/p><p><b style=\"font-weight: normal\">\u00a0<\/b><\/p><p dir=\"ltr\" style=\"line-height: 1.3800000000000001;text-align: justify;margin-top: 0pt;margin-bottom: 0pt\"><span style=\"font-size: 12pt;font-family: Roboto,sans-serif;color: #000000;background-color: transparent;font-weight: 400;font-style: normal;font-variant: normal;text-decoration: none;vertical-align: baseline\">O site disponibilizar\u00e1 ao p\u00fablico o mapa e o ranking de digitaliza\u00e7\u00e3o do agroneg\u00f3cio do Brasil com atualiza\u00e7\u00e3o em tempo real. A meta do projeto \u00e9 tamb\u00e9m ajudar o governo e a iniciativa privada a criar programas de acordo com a realidade tecnol\u00f3gica e a necessidade de cada lugar.<\/span><\/p><p><b style=\"font-weight: normal\">\u00a0<\/b><\/p><p dir=\"ltr\" style=\"line-height: 1.3800000000000001;text-align: justify;margin-top: 0pt;margin-bottom: 0pt\"><span style=\"font-size: 12pt;font-family: Roboto,sans-serif;color: #000000;background-color: transparent;font-weight: 400;font-style: normal;font-variant: normal;text-decoration: none;vertical-align: baseline\">O IDT \u00e9 medido por meio de um algoritmo, j\u00e1 testado com 50 produtores e com precis\u00e3o de 90%. Para participar, o produtor faz um cadastro simples na plataforma e responde a tr\u00eas fases de perguntas sobre a ado\u00e7\u00e3o de tecnologias digitais na sua atividade. As quest\u00f5es abordam temas como acesso \u00e0 internet na fazenda, registro digital da produtividade nos \u00faltimos tr\u00eas anos, uso de sensores e mapas de colheita, contrata\u00e7\u00e3o de consultorias e ado\u00e7\u00e3o da internet das coisas na produ\u00e7\u00e3o.\u00a0 Ao final, o produtor \u00e9 informado sobre seu IDT, que varia de 26 a 193 pontos. A partir do resultado, o agricultor recebe orienta\u00e7\u00f5es personalizadas sobre os pr\u00f3ximos passos para avan\u00e7ar no processo de transforma\u00e7\u00e3o digital.<\/span><\/p><p><b style=\"font-weight: normal\">\u00a0<\/b><\/p><p dir=\"ltr\" style=\"line-height: 1.3800000000000001;text-align: justify;margin-top: 0pt;margin-bottom: 0pt\"><span style=\"font-size: 12pt;font-family: Roboto,sans-serif;color: #000000;background-color: transparent;font-weight: 400;font-style: normal;font-variant: normal;text-decoration: none;vertical-align: baseline\">Segundo D\u00e9lis Dalbem, engenheira agr\u00f4noma participante do projeto, a ideia do IDT surgiu a partir da percep\u00e7\u00e3o da exist\u00eancia de um \u201cgap\u201d entre a curva de conhecimento e a ado\u00e7\u00e3o de novas tecnologias disponibilizadas pela agricultura de precis\u00e3o e digital pelos produtores rurais, especialmente no contexto do Agro 4.0. Ela explica que h\u00e1 uma inconsist\u00eancia entre o n\u00edvel da tecnologia atualmente adotado no campo e o conhecimento\/tecnologia disponibilizado pelo setor privado e a pesquisa. Ou seja, muitas vezes, o produtor possui os recursos e n\u00e3o os utiliza por negligenciar os benef\u00edcios que eles podem proporcionar. Em alguns casos, a tecnologia \u00e9 utilizada de forma parcial, o que caracteriza um processo chamado de \u201cqueima de tecnologia\u201d, que consiste em deixar de fazer sentido a utiliza\u00e7\u00e3o para o produtor e, at\u00e9 mesmo, torn\u00e1-la obsoleta ou dispens\u00e1vel.\u00a0<\/span><\/p><p><b style=\"font-weight: normal\">\u00a0<\/b><\/p><p dir=\"ltr\" style=\"line-height: 1.3800000000000001;text-align: justify;margin-top: 0pt;margin-bottom: 0pt\"><span style=\"font-size: 12pt;font-family: Roboto,sans-serif;color: #000000;background-color: transparent;font-weight: 400;font-style: normal;font-variant: normal;text-decoration: none;vertical-align: baseline\">Um dos objetivos dos pesquisadores era difundir o conhecimento e a experi\u00eancia de 21 anos do Projeto Aquarius a n\u00edvel nacional, o que s\u00f3 seria poss\u00edvel por meio de uma solu\u00e7\u00e3o digital inclusiva, como o IDT. \u201cHoje j\u00e1 podemos afirmar que atingimos esse objetivo, pois todos os produtores rurais poder\u00e3o acessar de forma gratuita a plataforma IDT e o novo site do projeto que foi reestruturado para ser uma fonte de conhecimento de f\u00e1cil acesso\u201d, comemora D\u00e9lis.<\/span><\/p><p><b style=\"font-weight: normal\">\u00a0<\/b><\/p><p dir=\"ltr\" style=\"line-height: 1.3800000000000001;text-align: justify;margin-top: 0pt;margin-bottom: 0pt\"><span style=\"font-size: 12pt;font-family: Roboto,sans-serif;color: #000000;background-color: transparent;font-weight: 400;font-style: normal;font-variant: normal;text-decoration: none;vertical-align: baseline\">O Projeto Aquarius planeja realizar um desdobramento das informa\u00e7\u00f5es obtidas no IDT a partir da aplica\u00e7\u00e3o de t\u00e9cnicas de Analytics. O novo site do projeto j\u00e1 contempla dados nacionais dispon\u00edveis para consulta p\u00fablica e a meta \u00e9 ampliar ainda mais as informa\u00e7\u00f5es dispon\u00edveis, para atrair mais parceiros para esse ecossistema. \u201cEsperamos que a solu\u00e7\u00e3o desenvolvida possa influenciar desde tomadas de decis\u00e3o estrat\u00e9gicas dos produtores at\u00e9 pol\u00edticas p\u00fablicas do governo, pesquisas em universidades e a busca de solu\u00e7\u00f5es por empresas\u201d, finaliza D\u00e9lis.<\/span><\/p><p>\u00a0<\/p>\t\t\t\t\t\t<\/div>\n\t\t\t\t<\/div>\n\t\t\t\t\t<\/div>\n\t\t<\/div>\n\t\t\t\t\t<\/div>\n\t\t<\/section>\n\t\t\t\t<section class=\"elementor-section elementor-top-section elementor-element elementor-element-a569a03 elementor-section-boxed elementor-section-height-default elementor-section-height-default\" data-id=\"a569a03\" data-element_type=\"section\">\n\t\t\t\t\t\t<div class=\"elementor-container elementor-column-gap-default\">\n\t\t\t\t\t<div class=\"elementor-column elementor-col-100 elementor-top-column elementor-element elementor-element-c04c28a\" data-id=\"c04c28a\" data-element_type=\"column\">\n\t\t\t<div class=\"elementor-widget-wrap elementor-element-populated\">\n\t\t\t\t\t\t<div class=\"elementor-element elementor-element-d630b96 elementor-widget-divider--view-line elementor-widget elementor-widget-divider\" data-id=\"d630b96\" data-element_type=\"widget\" data-widget_type=\"divider.default\">\n\t\t\t\t<div class=\"elementor-widget-container\">\n\t\t\t\t\t<div class=\"elementor-divider\">\n\t\t\t<span class=\"elementor-divider-separator\">\n\t\t\t\t\t\t<\/span>\n\t\t<\/div>\n\t\t\t\t<\/div>\n\t\t\t\t<\/div>\n\t\t\t\t\t<\/div>\n\t\t<\/div>\n\t\t\t\t\t<\/div>\n\t\t<\/section>\n\t\t\t\t<section class=\"elementor-section elementor-top-section elementor-element elementor-element-8a1af53 elementor-section-boxed elementor-section-height-default elementor-section-height-default\" data-id=\"8a1af53\" data-element_type=\"section\">\n\t\t\t\t\t\t<div class=\"elementor-container elementor-column-gap-default\">\n\t\t\t\t\t<div class=\"elementor-column elementor-col-100 elementor-top-column elementor-element elementor-element-45d5ca3\" data-id=\"45d5ca3\" data-element_type=\"column\">\n\t\t\t<div class=\"elementor-widget-wrap elementor-element-populated\">\n\t\t\t\t\t\t<div class=\"elementor-element elementor-element-7a9d596 elementor-widget elementor-widget-text-editor\" data-id=\"7a9d596\" data-element_type=\"widget\" data-widget_type=\"text-editor.default\">\n\t\t\t\t<div class=\"elementor-widget-container\">\n\t\t\t\t\t\t\t<p dir=\"ltr\" style=\"margin-top: 0pt;margin-bottom: 0pt;color: #000000;font-size: 16px;line-height: 2.592;text-align: justify\"><span style=\"font-size: 12pt;font-family: Arial;background-color: transparent;font-style: italic;vertical-align: baseline\">Texto: Giovana Dutra, acad\u00eamica de Jornalismo e bolsista da Ag\u00eancia de Inova\u00e7\u00e3o e Transfer\u00eancia de Tecnologia (Agittec).<\/span><\/p><div><span style=\"font-size: 12pt;font-family: Arial;background-color: transparent;font-style: italic;vertical-align: baseline\">\u00a0<\/span><\/div>\t\t\t\t\t\t<\/div>\n\t\t\t\t<\/div>\n\t\t\t\t\t<\/div>\n\t\t<\/div>\n\t\t\t\t\t<\/div>\n\t\t<\/section>\n\t\t\t\t<\/div>\n\t\t","protected":false},"excerpt":{"rendered":"<p>Plataforma desenvolvida pelo projeto Aquarius pretende coletar dados de 5 mil produtores de soja em todo o pa\u00eds O Projeto Aquarius lan\u00e7ou, recentemente, o \u00cdndice de Digitaliza\u00e7\u00e3o e Tecnologia (IDT), primeira ferramenta capaz de medir o uso de solu\u00e7\u00f5es digitais pelos agricultores brasileiros. A plataforma pretende coletar dados de 5 mil produtores de soja de [&hellip;]<\/p>\n","protected":false},"author":3404,"featured_media":3609,"comment_status":"closed","ping_status":"closed","sticky":false,"template":"","format":"standard","meta":{"episode_type":"","audio_file":"","cover_image":"","cover_image_id":"","duration":"","filesize":"","date_recorded":"","explicit":"","block":"","filesize_raw":"","footnotes":""},"categories":[6],"tags":[310,494,495],"class_list":["post-3598","post","type-post","status-publish","format-standard","has-post-thumbnail","hentry","category-noticias","tag-agronegocio","tag-projetoaquarius","tag-solucoesdigitais"],"acf":[],"_links":{"self":[{"href":"https:\/\/www.ufsm.br\/pro-reitorias\/proinova\/wp-json\/wp\/v2\/posts\/3598","targetHints":{"allow":["GET"]}}],"collection":[{"href":"https:\/\/www.ufsm.br\/pro-reitorias\/proinova\/wp-json\/wp\/v2\/posts"}],"about":[{"href":"https:\/\/www.ufsm.br\/pro-reitorias\/proinova\/wp-json\/wp\/v2\/types\/post"}],"author":[{"embeddable":true,"href":"https:\/\/www.ufsm.br\/pro-reitorias\/proinova\/wp-json\/wp\/v2\/users\/3404"}],"replies":[{"embeddable":true,"href":"https:\/\/www.ufsm.br\/pro-reitorias\/proinova\/wp-json\/wp\/v2\/comments?post=3598"}],"version-history":[{"count":0,"href":"https:\/\/www.ufsm.br\/pro-reitorias\/proinova\/wp-json\/wp\/v2\/posts\/3598\/revisions"}],"wp:featuredmedia":[{"embeddable":true,"href":"https:\/\/www.ufsm.br\/pro-reitorias\/proinova\/wp-json\/wp\/v2\/media\/3609"}],"wp:attachment":[{"href":"https:\/\/www.ufsm.br\/pro-reitorias\/proinova\/wp-json\/wp\/v2\/media?parent=3598"}],"wp:term":[{"taxonomy":"category","embeddable":true,"href":"https:\/\/www.ufsm.br\/pro-reitorias\/proinova\/wp-json\/wp\/v2\/categories?post=3598"},{"taxonomy":"post_tag","embeddable":true,"href":"https:\/\/www.ufsm.br\/pro-reitorias\/proinova\/wp-json\/wp\/v2\/tags?post=3598"}],"curies":[{"name":"wp","href":"https:\/\/api.w.org\/{rel}","templated":true}]}}