{"id":3602,"date":"2021-07-07T17:37:14","date_gmt":"2021-07-07T20:37:14","guid":{"rendered":"https:\/\/www.ufsm.br\/orgaos-executivos\/agittec\/?p=3602"},"modified":"2021-07-08T13:17:47","modified_gmt":"2021-07-08T16:17:47","slug":"inicia-a-terceira-temporada-do-programa-inovacao-alem-do-arco","status":"publish","type":"post","link":"https:\/\/www.ufsm.br\/pro-reitorias\/proinova\/2021\/07\/07\/inicia-a-terceira-temporada-do-programa-inovacao-alem-do-arco","title":{"rendered":"Inicia a terceira temporada do Programa Inova\u00e7\u00e3o Al\u00e9m do Arco"},"content":{"rendered":"\t\t<div data-elementor-type=\"wp-post\" data-elementor-id=\"3602\" class=\"elementor elementor-3602\">\n\t\t\t\t\t\t<section class=\"elementor-section elementor-top-section elementor-element elementor-element-f5a2143 elementor-section-boxed elementor-section-height-default elementor-section-height-default\" data-id=\"f5a2143\" data-element_type=\"section\">\n\t\t\t\t\t\t<div class=\"elementor-container elementor-column-gap-default\">\n\t\t\t\t\t<div class=\"elementor-column elementor-col-100 elementor-top-column elementor-element elementor-element-373e199\" data-id=\"373e199\" data-element_type=\"column\">\n\t\t\t<div class=\"elementor-widget-wrap elementor-element-populated\">\n\t\t\t\t\t\t<div class=\"elementor-element elementor-element-77b3b96 elementor-widget elementor-widget-text-editor\" data-id=\"77b3b96\" data-element_type=\"widget\" data-widget_type=\"text-editor.default\">\n\t\t\t\t<div class=\"elementor-widget-container\">\n\t\t\t\t\t\t\t<h4>A tem\u00e1tica ser\u00e1 startups incubadas na UFSM<\/h4>\t\t\t\t\t\t<\/div>\n\t\t\t\t<\/div>\n\t\t\t\t\t<\/div>\n\t\t<\/div>\n\t\t\t\t\t<\/div>\n\t\t<\/section>\n\t\t\t\t<section class=\"elementor-section elementor-top-section elementor-element elementor-element-a89335d elementor-section-boxed elementor-section-height-default elementor-section-height-default\" data-id=\"a89335d\" data-element_type=\"section\">\n\t\t\t\t\t\t<div class=\"elementor-container elementor-column-gap-default\">\n\t\t\t\t\t<div class=\"elementor-column elementor-col-100 elementor-top-column elementor-element elementor-element-7a7ae54\" data-id=\"7a7ae54\" data-element_type=\"column\">\n\t\t\t<div class=\"elementor-widget-wrap elementor-element-populated\">\n\t\t\t\t\t\t<div class=\"elementor-element elementor-element-ffad6a5 elementor-widget elementor-widget-text-editor\" data-id=\"ffad6a5\" data-element_type=\"widget\" data-widget_type=\"text-editor.default\">\n\t\t\t\t<div class=\"elementor-widget-container\">\n\t\t\t\t\t\t\t<p dir=\"ltr\" style=\"line-height: 1.3800000000000001;text-align: justify;margin-top: 0pt;margin-bottom: 0pt\"><span style=\"font-size: 12pt;font-family: Roboto,sans-serif;color: #000000;background-color: transparent;font-weight: 400;font-style: normal;font-variant: normal;text-decoration: none;vertical-align: baseline\">Lan\u00e7ado no ano passado, o <a href=\"https:\/\/www.ufsm.br\/orgaos-executivos\/agittec\/inovacao-alem-do-arco\/\">Programa Inova\u00e7\u00e3o Al\u00e9m do Arco <\/a>\u00e9 uma s\u00e9rie de v\u00eddeos, que tem como foco principal dar visibilidade para o conhecimento gerado na Universidade Federal de Santa Maria. As duas primeiras temporadas somam 27 v\u00eddeos, divulgados semanalmente no <a href=\"https:\/\/www.youtube.com\/channel\/UCIB6UR3XZMvJHAFyCCnmXzA\">canal da Agittec<\/a> no Youtube, nas redes sociais e no site.\u00a0\u00a0<\/span><\/p>\n<p><b style=\"font-weight: normal\">\u00a0<\/b><\/p>\n<p dir=\"ltr\" style=\"line-height: 1.3800000000000001;text-align: justify;margin-top: 0pt;margin-bottom: 0pt\"><span style=\"font-size: 12pt;font-family: Roboto,sans-serif;color: #000000;background-color: transparent;font-weight: 400;font-style: normal;font-variant: normal;text-decoration: none;vertical-align: baseline\">A primeira temporada teve como foco laborat\u00f3rios e grupos de pesquisa que atuam nos setores de agrotecnologias e tecnologias de alimentos. J\u00e1 a segunda mostrou a atua\u00e7\u00e3o dos laborat\u00f3rios e dos grupos de pesquisa voltados para engenharias e tecnologias estrat\u00e9gicas.<\/span><\/p>\n<p><b style=\"font-weight: normal\">\u00a0<\/b><\/p>\n<p dir=\"ltr\" style=\"line-height: 1.3800000000000001;text-align: justify;margin-top: 0pt;margin-bottom: 0pt\"><span style=\"font-size: 12pt;font-family: Roboto,sans-serif;color: #000000;background-color: transparent;font-weight: 400;font-style: normal;font-variant: normal;text-decoration: none;vertical-align: baseline\">Na terceira temporada, o programa vai selecionar um grupo de startups que est\u00e3o instaladas nas incubadoras tecnol\u00f3gicas da UFSM. Atrav\u00e9s dos v\u00eddeos, ser\u00e1 poss\u00edvel conhecer suas inspira\u00e7\u00f5es e seus objetivos, ampliando a visibilidade das empresas promissoras que est\u00e3o na institui\u00e7\u00e3o.<\/span><\/p>\n<p>\u00a0<\/p>\n<p dir=\"ltr\" style=\"line-height: 1.3800000000000001;text-align: justify;margin-top: 0pt;margin-bottom: 0pt\"><span style=\"font-size: 12pt;font-family: Roboto,sans-serif;color: #000000;background-color: transparent;font-weight: 400;font-style: normal;font-variant: normal;text-decoration: none;vertical-align: baseline\">Para n\u00e3o perder nenhum epis\u00f3dio dessa nova fase do programa, fique ligado em nossas redes sociais e inscreva-se no nosso canal no Youtube, onde voc\u00ea tamb\u00e9m pode assistir os v\u00eddeos das duas primeiras temporadas do programa.<\/span><\/p>\t\t\t\t\t\t<\/div>\n\t\t\t\t<\/div>\n\t\t\t\t\t<\/div>\n\t\t<\/div>\n\t\t\t\t\t<\/div>\n\t\t<\/section>\n\t\t\t\t<\/div>\n\t\t","protected":false},"excerpt":{"rendered":"<p>A tem\u00e1tica ser\u00e1 startups incubadas na UFSM Lan\u00e7ado no ano passado, o Programa Inova\u00e7\u00e3o Al\u00e9m do Arco \u00e9 uma s\u00e9rie de v\u00eddeos, que tem como foco principal dar visibilidade para o conhecimento gerado na Universidade Federal de Santa Maria. As duas primeiras temporadas somam 27 v\u00eddeos, divulgados semanalmente no canal da Agittec no Youtube, nas [&hellip;]<\/p>\n","protected":false},"author":3404,"featured_media":3611,"comment_status":"closed","ping_status":"closed","sticky":false,"template":"","format":"standard","meta":{"episode_type":"","audio_file":"","cover_image":"","cover_image_id":"","duration":"","filesize":"","date_recorded":"","explicit":"","block":"","filesize_raw":"","footnotes":""},"categories":[6],"tags":[190,219,304],"class_list":["post-3602","post","type-post","status-publish","format-standard","has-post-thumbnail","hentry","category-noticias","tag-incubadorasufsm-2","tag-inovacaoalemdoarco","tag-startups"],"acf":[],"_links":{"self":[{"href":"https:\/\/www.ufsm.br\/pro-reitorias\/proinova\/wp-json\/wp\/v2\/posts\/3602","targetHints":{"allow":["GET"]}}],"collection":[{"href":"https:\/\/www.ufsm.br\/pro-reitorias\/proinova\/wp-json\/wp\/v2\/posts"}],"about":[{"href":"https:\/\/www.ufsm.br\/pro-reitorias\/proinova\/wp-json\/wp\/v2\/types\/post"}],"author":[{"embeddable":true,"href":"https:\/\/www.ufsm.br\/pro-reitorias\/proinova\/wp-json\/wp\/v2\/users\/3404"}],"replies":[{"embeddable":true,"href":"https:\/\/www.ufsm.br\/pro-reitorias\/proinova\/wp-json\/wp\/v2\/comments?post=3602"}],"version-history":[{"count":0,"href":"https:\/\/www.ufsm.br\/pro-reitorias\/proinova\/wp-json\/wp\/v2\/posts\/3602\/revisions"}],"wp:featuredmedia":[{"embeddable":true,"href":"https:\/\/www.ufsm.br\/pro-reitorias\/proinova\/wp-json\/wp\/v2\/media\/3611"}],"wp:attachment":[{"href":"https:\/\/www.ufsm.br\/pro-reitorias\/proinova\/wp-json\/wp\/v2\/media?parent=3602"}],"wp:term":[{"taxonomy":"category","embeddable":true,"href":"https:\/\/www.ufsm.br\/pro-reitorias\/proinova\/wp-json\/wp\/v2\/categories?post=3602"},{"taxonomy":"post_tag","embeddable":true,"href":"https:\/\/www.ufsm.br\/pro-reitorias\/proinova\/wp-json\/wp\/v2\/tags?post=3602"}],"curies":[{"name":"wp","href":"https:\/\/api.w.org\/{rel}","templated":true}]}}