{"id":3718,"date":"2021-08-20T10:17:03","date_gmt":"2021-08-20T13:17:03","guid":{"rendered":"https:\/\/www.ufsm.br\/orgaos-executivos\/agittec\/?p=3718"},"modified":"2021-08-20T10:30:22","modified_gmt":"2021-08-20T13:30:22","slug":"startup-incubada-na-ufsm-conecta-moradores-de-centros-urbanos-a-produtores-rurais","status":"publish","type":"post","link":"https:\/\/www.ufsm.br\/pro-reitorias\/proinova\/2021\/08\/20\/startup-incubada-na-ufsm-conecta-moradores-de-centros-urbanos-a-produtores-rurais","title":{"rendered":"Startup incubada na UFSM conecta moradores de centros urbanos a produtores rurais"},"content":{"rendered":"\t\t<div data-elementor-type=\"wp-post\" data-elementor-id=\"3718\" class=\"elementor elementor-3718\">\n\t\t\t\t\t\t<section class=\"elementor-section elementor-top-section elementor-element elementor-element-fecd31a elementor-section-boxed elementor-section-height-default elementor-section-height-default\" data-id=\"fecd31a\" data-element_type=\"section\">\n\t\t\t\t\t\t<div class=\"elementor-container elementor-column-gap-default\">\n\t\t\t\t\t<div class=\"elementor-column elementor-col-100 elementor-top-column elementor-element elementor-element-0e8b506\" data-id=\"0e8b506\" data-element_type=\"column\">\n\t\t\t<div class=\"elementor-widget-wrap elementor-element-populated\">\n\t\t\t\t\t\t<div class=\"elementor-element elementor-element-c349026 elementor-widget elementor-widget-text-editor\" data-id=\"c349026\" data-element_type=\"widget\" data-widget_type=\"text-editor.default\">\n\t\t\t\t<div class=\"elementor-widget-container\">\n\t\t\t\t\t\t\t<p dir=\"ltr\" style=\"line-height: 1.38;text-align: justify;margin-top: 0pt;margin-bottom: 0pt\"><span style=\"font-size: 12pt;font-family: Roboto,sans-serif;color: #000000;background-color: transparent;font-weight: 400;font-style: normal;font-variant: normal;text-decoration: none;vertical-align: baseline\">O s\u00e9timo epis\u00f3dio da terceira temporada do Programa Inova\u00e7\u00e3o Al\u00e9m do Arco apresenta a <a href=\"https:\/\/www.ufsm.br\/orgaos-executivos\/agittec\/empresas-4\/\">Horty<\/a>, startup incubada na UFSM. A empresa oferece um servi\u00e7o online que possibilita a compra de produtos org\u00e2nicos direto com o produtor.&nbsp;&nbsp;<\/span><\/p>\n<p><b id=\"docs-internal-guid-cd323cc7-7fff-58b3-8557-7a4542f8cb5a\" style=\"font-weight: normal\">&nbsp;<\/b><\/p>\n<p dir=\"ltr\" style=\"line-height: 1.38;text-align: justify;margin-top: 0pt;margin-bottom: 0pt\"><span style=\"font-size: 12pt;font-family: Roboto,sans-serif;color: #000000;background-color: transparent;font-weight: 400;font-style: normal;font-variant: normal;text-decoration: none;vertical-align: baseline\">A preocupa\u00e7\u00e3o e o cuidado com a produ\u00e7\u00e3o dos alimentos in natura vem crescendo nos \u00faltimos anos, principalmente nos centros urbanos. Esse cuidado gerou uma grande valoriza\u00e7\u00e3o das feiras, mas com a rotina acelerada nem todas as pessoas t\u00eam o privil\u00e9gio de ir at\u00e9 a feira e escolher seus alimentos.&nbsp;<\/span><\/p>\n<p><b style=\"font-weight: normal\">&nbsp;<\/b><\/p>\n<p dir=\"ltr\" style=\"line-height: 1.38;text-align: justify;margin-top: 0pt;margin-bottom: 0pt\"><span style=\"font-size: 12pt;font-family: Roboto,sans-serif;color: #000000;background-color: transparent;font-weight: 400;font-style: normal;font-variant: normal;text-decoration: none;vertical-align: baseline\">Para facilitar o acesso do consumidor a esses alimentos, a equipe da Horty criou uma plataforma capaz de aproximar consumidores de centros urbanos de produtores rurais. A plataforma possibilita que o morador da cidade tenha acesso a produtos frescos, de proced\u00eancia comprovada, com uso respons\u00e1vel de pesticidas e agrot\u00f3xicos, oriundos da agricultura familiar local.&nbsp;<\/span><\/p>\n<p><\/p>\n<p dir=\"ltr\" style=\"line-height: 1.38;text-align: justify;margin-top: 0pt;margin-bottom: 0pt\"><span style=\"font-size: 12pt;font-family: Roboto,sans-serif;color: #000000;background-color: transparent;font-weight: 400;font-style: normal;font-variant: normal;text-decoration: none;vertical-align: baseline\">Atualmente, a plataforma conta com o cadastro de&nbsp; diversos produtores da regi\u00e3o de Santa Maria. Todos atendem a processos estabelecidos pela Vigil\u00e2ncia Sanit\u00e1ria, Minist\u00e9rio da Agricultura e outros \u00f3rg\u00e3os reguladores. Os produtos s\u00e3o diversos, \u00e9 poss\u00edvel encontrar hortali\u00e7as, frutas, legumes, gr\u00e3os, panificados, sucos, vinhos, mel e at\u00e9 embutidos. Tudo isso pode ser adquirido pelo celular, tablet ou computador e o pagamento pode ser feito com cart\u00e3o de cr\u00e9dito, d\u00e9bito ou via pix. Os alimentos s\u00e3o entregues pelo pr\u00f3prio produtor, no endere\u00e7o informado pelo consumidor.<\/span><\/p>\n<p dir=\"ltr\" style=\"line-height: 1.38;text-align: justify;margin-top: 0pt;margin-bottom: 0pt\"><span style=\"font-size: 12pt;font-family: Roboto,sans-serif;color: #000000;background-color: transparent;font-weight: 400;font-style: normal;font-variant: normal;text-decoration: none;vertical-align: baseline\">&nbsp;<\/span><\/p>\n<p dir=\"ltr\" style=\"line-height: 1.38;text-align: justify;margin-top: 0pt;margin-bottom: 0pt\"><span style=\"font-size: 12pt;font-family: Roboto,sans-serif;color: #000000;background-color: transparent;font-weight: 400;font-style: normal;font-variant: normal;text-decoration: none;vertical-align: baseline\">&nbsp;<\/span><\/p>\n<p dir=\"ltr\" style=\"line-height: 1.38;text-align: justify;margin-top: 0pt;margin-bottom: 0pt\"><span style=\"font-size: 12pt;font-family: Roboto,sans-serif;color: #000000;background-color: transparent;font-weight: 400;font-style: normal;font-variant: normal;text-decoration: none;vertical-align: baseline\">&nbsp;<\/span><\/p>\n<p dir=\"ltr\" style=\"line-height: 1.38;text-align: justify;margin-top: 0pt;margin-bottom: 0pt\">\n<\/p>\t\t\t\t\t\t<\/div>\n\t\t\t\t<\/div>\n\t\t\t\t\t<\/div>\n\t\t<\/div>\n\t\t\t\t\t<\/div>\n\t\t<\/section>\n\t\t\t\t<section class=\"elementor-section elementor-top-section elementor-element elementor-element-53c0a93 elementor-section-boxed elementor-section-height-default elementor-section-height-default\" data-id=\"53c0a93\" data-element_type=\"section\">\n\t\t\t\t\t\t<div class=\"elementor-container elementor-column-gap-default\">\n\t\t\t\t\t<div class=\"elementor-column elementor-col-100 elementor-top-column elementor-element elementor-element-f49db2c\" data-id=\"f49db2c\" data-element_type=\"column\">\n\t\t\t<div class=\"elementor-widget-wrap elementor-element-populated\">\n\t\t\t\t\t\t<div class=\"elementor-element elementor-element-5e87abf animated-slow elementor-invisible elementor-widget elementor-widget-image\" data-id=\"5e87abf\" data-element_type=\"widget\" data-settings=\"{&quot;_animation&quot;:&quot;fadeInLeft&quot;}\" data-widget_type=\"image.default\">\n\t\t\t\t<div class=\"elementor-widget-container\">\n\t\t\t\t\t\t\t\t\t\t\t\t\t<img fetchpriority=\"high\" decoding=\"async\" width=\"1024\" height=\"575\" src=\"https:\/\/www.ufsm.br\/app\/uploads\/sites\/399\/2021\/08\/WhatsApp-Image-2021-08-20-at-10.27.27-1024x575.jpeg\" class=\"attachment-large size-large wp-image-3720\" alt=\"\" srcset=\"https:\/\/www.ufsm.br\/app\/uploads\/sites\/399\/2021\/08\/WhatsApp-Image-2021-08-20-at-10.27.27-1024x575.jpeg 1024w, https:\/\/www.ufsm.br\/app\/uploads\/sites\/399\/2021\/08\/WhatsApp-Image-2021-08-20-at-10.27.27-300x169.jpeg 300w, https:\/\/www.ufsm.br\/app\/uploads\/sites\/399\/2021\/08\/WhatsApp-Image-2021-08-20-at-10.27.27-768x431.jpeg 768w, https:\/\/www.ufsm.br\/app\/uploads\/sites\/399\/2021\/08\/WhatsApp-Image-2021-08-20-at-10.27.27.jpeg 1280w\" sizes=\"(max-width: 1024px) 100vw, 1024px\" \/>\t\t\t\t\t\t\t\t\t\t\t\t\t<\/div>\n\t\t\t\t<\/div>\n\t\t\t\t\t<\/div>\n\t\t<\/div>\n\t\t\t\t\t<\/div>\n\t\t<\/section>\n\t\t\t\t<section class=\"elementor-section elementor-top-section elementor-element elementor-element-ece2204 elementor-section-boxed elementor-section-height-default elementor-section-height-default\" data-id=\"ece2204\" data-element_type=\"section\">\n\t\t\t\t\t\t<div class=\"elementor-container elementor-column-gap-default\">\n\t\t\t\t\t<div class=\"elementor-column elementor-col-100 elementor-top-column elementor-element elementor-element-71265ac\" data-id=\"71265ac\" data-element_type=\"column\">\n\t\t\t<div class=\"elementor-widget-wrap elementor-element-populated\">\n\t\t\t\t\t\t<div class=\"elementor-element elementor-element-20b9ef6 elementor-widget elementor-widget-text-editor\" data-id=\"20b9ef6\" data-element_type=\"widget\" data-widget_type=\"text-editor.default\">\n\t\t\t\t<div class=\"elementor-widget-container\">\n\t\t\t\t\t\t\t<p dir=\"ltr\" style=\"line-height: 1.38;text-align: justify;margin-top: 0pt;margin-bottom: 0pt\"><span style=\"font-size: 12pt;font-family: Roboto,sans-serif;color: #000000;background-color: transparent;font-weight: 400;font-style: normal;font-variant: normal;text-decoration: none;vertical-align: baseline\">\u00a0<\/span><\/p><p dir=\"ltr\" style=\"line-height: 1.38;text-align: justify;margin-top: 0pt;margin-bottom: 0pt\"><span style=\"font-size: 12pt;font-family: Roboto,sans-serif;color: #000000;background-color: transparent;font-weight: 400;font-style: normal;font-variant: normal;text-decoration: none;vertical-align: baseline\">\u00a0<\/span><\/p><p dir=\"ltr\" style=\"line-height: 1.38;text-align: justify;margin-top: 0pt;margin-bottom: 0pt\"><span style=\"font-size: 12pt;font-family: Roboto,sans-serif;color: #000000;background-color: transparent;font-weight: 400;font-style: normal;font-variant: normal;text-decoration: none;vertical-align: baseline\">Cada produtor tem definidos os dias e hor\u00e1rios em que vem \u00e0 cidade fazer as entregas. O cliente seleciona o que deseja, efetua a compra e, na data estabelecida, o produtor faz a entrega. Por enquanto a plataforma est\u00e1 dispon\u00edvel apenas para moradores de Santa Maria, mas os planos da startup envolvem a expans\u00e3o, para logo chegar a outros munic\u00edpios.<\/span><\/p><p><b id=\"docs-internal-guid-a6d8305d-7fff-7a45-1ca6-a43da8c14e35\" style=\"font-weight: normal\">\u00a0<\/b><\/p><p dir=\"ltr\" style=\"line-height: 1.38;text-align: justify;margin-top: 0pt;margin-bottom: 0pt\"><span style=\"font-size: 12pt;font-family: Roboto,sans-serif;color: #000000;background-color: transparent;font-weight: 400;font-style: normal;font-variant: normal;text-decoration: none;vertical-align: baseline\">A plataforma tamb\u00e9m oferece uma \u00e1rea de cadastro para os produtores interessados em comercializar seus produtos na Horty. Al\u00e9m das vendas online dos produtos, a plataforma oferece um painel de controle onde o produtor gerencia os pedidos, as entregas, o estoque e consegue fazer a gest\u00e3o e a an\u00e1lise de vendas. Os produtores t\u00eam total autonomia para determinar os pre\u00e7os dos produtos e as datas e hor\u00e1rios de entrega.<\/span><\/p><p><b style=\"font-weight: normal\">\u00a0<\/b><\/p><p dir=\"ltr\" style=\"line-height: 1.38;text-align: justify;margin-top: 0pt;margin-bottom: 0pt\"><span style=\"font-size: 12pt;font-family: Roboto,sans-serif;color: #000000;background-color: transparent;font-weight: 400;font-style: normal;font-variant: normal;text-decoration: none;vertical-align: baseline\">A miss\u00e3o da Horty \u00e9 levar efici\u00eancia ao setor de comercializa\u00e7\u00e3o de hortali\u00e7as e impactar de forma sustent\u00e1vel a rela\u00e7\u00e3o do consumo de alimentos na regi\u00e3o e, futuramente, no Brasil. Para utilizar o servi\u00e7o da Horty, basta acessar o site, fazer o seu cadastro e escolher um produtor.\u00a0<\/span><\/p><p>\u00a0<\/p>\t\t\t\t\t\t<\/div>\n\t\t\t\t<\/div>\n\t\t\t\t\t<\/div>\n\t\t<\/div>\n\t\t\t\t\t<\/div>\n\t\t<\/section>\n\t\t\t\t<\/div>\n\t\t","protected":false},"excerpt":{"rendered":"<p>O s\u00e9timo epis\u00f3dio da terceira temporada do Programa Inova\u00e7\u00e3o Al\u00e9m do Arco apresenta a Horty, startup incubada na UFSM. A empresa oferece um servi\u00e7o online que possibilita a compra de produtos org\u00e2nicos direto com o produtor.&nbsp;&nbsp; &nbsp; A preocupa\u00e7\u00e3o e o cuidado com a produ\u00e7\u00e3o dos alimentos in natura vem crescendo nos \u00faltimos anos, principalmente [&hellip;]<\/p>\n","protected":false},"author":3404,"featured_media":3719,"comment_status":"closed","ping_status":"closed","sticky":false,"template":"","format":"standard","meta":{"episode_type":"","audio_file":"","cover_image":"","cover_image_id":"","duration":"","filesize":"","date_recorded":"","explicit":"","block":"","filesize_raw":"","footnotes":""},"categories":[6],"tags":[152,219,304],"class_list":["post-3718","post","type-post","status-publish","format-standard","has-post-thumbnail","hentry","category-noticias","tag-empreendedorismoufsm","tag-inovacaoalemdoarco","tag-startups"],"acf":[],"_links":{"self":[{"href":"https:\/\/www.ufsm.br\/pro-reitorias\/proinova\/wp-json\/wp\/v2\/posts\/3718","targetHints":{"allow":["GET"]}}],"collection":[{"href":"https:\/\/www.ufsm.br\/pro-reitorias\/proinova\/wp-json\/wp\/v2\/posts"}],"about":[{"href":"https:\/\/www.ufsm.br\/pro-reitorias\/proinova\/wp-json\/wp\/v2\/types\/post"}],"author":[{"embeddable":true,"href":"https:\/\/www.ufsm.br\/pro-reitorias\/proinova\/wp-json\/wp\/v2\/users\/3404"}],"replies":[{"embeddable":true,"href":"https:\/\/www.ufsm.br\/pro-reitorias\/proinova\/wp-json\/wp\/v2\/comments?post=3718"}],"version-history":[{"count":0,"href":"https:\/\/www.ufsm.br\/pro-reitorias\/proinova\/wp-json\/wp\/v2\/posts\/3718\/revisions"}],"wp:featuredmedia":[{"embeddable":true,"href":"https:\/\/www.ufsm.br\/pro-reitorias\/proinova\/wp-json\/wp\/v2\/media\/3719"}],"wp:attachment":[{"href":"https:\/\/www.ufsm.br\/pro-reitorias\/proinova\/wp-json\/wp\/v2\/media?parent=3718"}],"wp:term":[{"taxonomy":"category","embeddable":true,"href":"https:\/\/www.ufsm.br\/pro-reitorias\/proinova\/wp-json\/wp\/v2\/categories?post=3718"},{"taxonomy":"post_tag","embeddable":true,"href":"https:\/\/www.ufsm.br\/pro-reitorias\/proinova\/wp-json\/wp\/v2\/tags?post=3718"}],"curies":[{"name":"wp","href":"https:\/\/api.w.org\/{rel}","templated":true}]}}