{"id":3758,"date":"2021-09-14T10:20:38","date_gmt":"2021-09-14T13:20:38","guid":{"rendered":"https:\/\/www.ufsm.br\/orgaos-executivos\/agittec\/?p=3758"},"modified":"2021-09-14T10:38:24","modified_gmt":"2021-09-14T13:38:24","slug":"ufsm-campus-frederico-westphalen-fecha-acordo-de-parceria-com-empresa-provedora-de-internet","status":"publish","type":"post","link":"https:\/\/www.ufsm.br\/pro-reitorias\/proinova\/2021\/09\/14\/ufsm-campus-frederico-westphalen-fecha-acordo-de-parceria-com-empresa-provedora-de-internet","title":{"rendered":"UFSM Campus Frederico Westphalen fecha acordo de parceria com empresa provedora de internet"},"content":{"rendered":"\t\t<div data-elementor-type=\"wp-post\" data-elementor-id=\"3758\" class=\"elementor elementor-3758\">\n\t\t\t\t\t\t<section class=\"elementor-section elementor-top-section elementor-element elementor-element-3ee3583 elementor-section-boxed elementor-section-height-default elementor-section-height-default\" data-id=\"3ee3583\" data-element_type=\"section\">\n\t\t\t\t\t\t<div class=\"elementor-container elementor-column-gap-default\">\n\t\t\t\t\t<div class=\"elementor-column elementor-col-100 elementor-top-column elementor-element elementor-element-978511e\" data-id=\"978511e\" data-element_type=\"column\">\n\t\t\t<div class=\"elementor-widget-wrap elementor-element-populated\">\n\t\t\t\t\t\t<div class=\"elementor-element elementor-element-dd4126e elementor-widget elementor-widget-text-editor\" data-id=\"dd4126e\" data-element_type=\"widget\" data-widget_type=\"text-editor.default\">\n\t\t\t\t<div class=\"elementor-widget-container\">\n\t\t\t\t\t\t\t<p dir=\"ltr\" style=\"line-height: 1.38;text-align: justify;margin-top: 0pt;margin-bottom: 0pt\"><span style=\"font-size: 12pt;font-family: Roboto,sans-serif;color: #000000;background-color: transparent;font-weight: 400;font-style: normal;font-variant: normal;text-decoration: none;vertical-align: baseline\">A UFSM Campus Frederico Westphalen fechou um acordo de parceria com a empresa provedora de internet Tch\u00eaTurbo. O projeto, coordenado pelo pesquisador Ricardo Tombesi Macedo, tem como objetivo aproximar a Universidade da realidade empresarial do setor de tecnologia da informa\u00e7\u00e3o. Durante 36 meses ser\u00e1 desenvolvida uma plataforma para monitoramento e gest\u00e3o de infraestruturas de provedores de servi\u00e7os de internet baseada em t\u00e9cnicas de intelig\u00eancia artificial.\u00a0<\/span><\/p>\n<p><b id=\"docs-internal-guid-acba1f39-7fff-41d1-7aeb-e039aa2057a1\" style=\"font-weight: normal\">\u00a0<\/b><\/p>\n<p dir=\"ltr\" style=\"line-height: 1.38;text-align: justify;margin-top: 0pt;margin-bottom: 0pt\"><span style=\"font-size: 12pt;font-family: Roboto,sans-serif;color: #000000;background-color: transparent;font-weight: 400;font-style: normal;font-variant: normal;text-decoration: none;vertical-align: baseline\">O projeto desenvolver\u00e1 pesquisas relacionadas com a \u00e1rea de gerenciamento dos dispositivos usados para prestar servi\u00e7os de Internet de modo a empregar t\u00e9cnicas de intelig\u00eancia artificial para analisar o tr\u00e1fego e os ativos da rede e identificar eventuais problemas de funcionamento antes que o usu\u00e1rio final perceba os seus dados. Ser\u00e1 desenvolvida uma ferramenta para previs\u00e3o de problemas t\u00e9cnicos e gera\u00e7\u00e3o de ind\u00edcios sobre a adequa\u00e7\u00e3o do plano de internet e o perfil de consumo do cliente.\u00a0<\/span><\/p>\n<p><b style=\"font-weight: normal\">\u00a0<\/b><\/p>\n<p dir=\"ltr\" style=\"line-height: 1.38;text-align: justify;margin-top: 0pt;margin-bottom: 0pt\"><span style=\"font-size: 12pt;font-family: Roboto,sans-serif;color: #000000;background-color: transparent;font-weight: 400;font-style: normal;font-variant: normal;text-decoration: none;vertical-align: baseline\">Ao empregar t\u00e9cnicas de intelig\u00eancia artificial os colaboradores da empresa poder\u00e3o resolver os problemas na infraestrutura de rede antes que seus usu\u00e1rios percebam. Com isso, ser\u00e3o evitadas diversas situa\u00e7\u00f5es de falhas de funcionamento ou interrup\u00e7\u00e3o na presta\u00e7\u00e3o do servi\u00e7o, contornando a necessidade de os usu\u00e1rios entrarem em contato com o provedor solicitando o reparo.\u00a0<\/span><\/p>\n<p>\u00a0<\/p>\n<p dir=\"ltr\" style=\"line-height: 1.38;text-align: justify;margin-top: 0pt;margin-bottom: 0pt\"><span style=\"font-size: 12pt;font-family: Roboto,sans-serif;color: #000000;background-color: transparent;font-weight: 400;font-style: normal;font-variant: normal;text-decoration: none;vertical-align: baseline\">O cronograma de execu\u00e7\u00e3o est\u00e1 organizado em metas e etapas que v\u00e3o desde a compreens\u00e3o do cotidiano da empresa no \u00e2mbito do monitoramento e gerenciamento de infraestruturas de rede at\u00e9 a implanta\u00e7\u00e3o da plataforma em um ambiente de produ\u00e7\u00e3o. A equipe da Tch\u00eaTurbo receber\u00e1 capacita\u00e7\u00e3o para utiliza\u00e7\u00e3o da plataforma.\u00a0\u00a0<\/span><\/p>\t\t\t\t\t\t<\/div>\n\t\t\t\t<\/div>\n\t\t\t\t\t<\/div>\n\t\t<\/div>\n\t\t\t\t\t<\/div>\n\t\t<\/section>\n\t\t\t\t<section class=\"elementor-section elementor-top-section elementor-element elementor-element-1f522ca elementor-section-boxed elementor-section-height-default elementor-section-height-default\" data-id=\"1f522ca\" data-element_type=\"section\">\n\t\t\t\t\t\t<div class=\"elementor-container elementor-column-gap-default\">\n\t\t\t\t\t<div class=\"elementor-column elementor-col-100 elementor-top-column elementor-element elementor-element-a2fd78c\" data-id=\"a2fd78c\" data-element_type=\"column\">\n\t\t\t<div class=\"elementor-widget-wrap elementor-element-populated\">\n\t\t\t\t\t\t<section class=\"elementor-section elementor-inner-section elementor-element elementor-element-7d14ad8 elementor-section-boxed elementor-section-height-default elementor-section-height-default\" data-id=\"7d14ad8\" data-element_type=\"section\">\n\t\t\t\t\t\t<div class=\"elementor-container elementor-column-gap-default\">\n\t\t\t\t\t<div class=\"elementor-column elementor-col-50 elementor-inner-column elementor-element elementor-element-7834b14\" data-id=\"7834b14\" data-element_type=\"column\">\n\t\t\t<div class=\"elementor-widget-wrap elementor-element-populated\">\n\t\t\t\t\t\t<div class=\"elementor-element elementor-element-ac37550 elementor-widget elementor-widget-text-editor\" data-id=\"ac37550\" data-element_type=\"widget\" data-widget_type=\"text-editor.default\">\n\t\t\t\t<div class=\"elementor-widget-container\">\n\t\t\t\t\t\t\t<p>\u00a0<\/p>\n<p dir=\"ltr\" style=\"line-height: 1.38;text-align: justify;background-color: #ffffff;margin-top: 0pt;margin-bottom: 0pt\"><span style=\"font-size: 12pt;font-family: Roboto,sans-serif;color: #000000;background-color: transparent;font-weight: 400;font-style: normal;font-variant: normal;text-decoration: none;vertical-align: baseline\">A parceria da Tch\u00eaTurbo com a UFSM, que se dava at\u00e9 ent\u00e3o por meio de eventos e est\u00e1gios supervisionados, agora est\u00e1 formalizada com o acordo assinado. Tudo come\u00e7ou em uma palestra na Universidade, em que a dire\u00e7\u00e3o da Tch\u00eaTurbo apresentou para os respons\u00e1veis o anseio de ter um n\u00facleo de pesquisa e interc\u00e2mbio de conhecimento. Segundo o CEO, Luiz Bastian J\u00fanior, a inova\u00e7\u00e3o est\u00e1 no DNA da Tch\u00eaTurbo \u201cessa intera\u00e7\u00e3o com as pesquisas desenvolvidas na universidade \u00e9 essencial para que a empresa tenha contato com as tend\u00eancias, possa compreender os cen\u00e1rios atuais e transformar o mercado de trabalho\u201d.\u00a0<\/span><\/p>\t\t\t\t\t\t<\/div>\n\t\t\t\t<\/div>\n\t\t\t\t\t<\/div>\n\t\t<\/div>\n\t\t\t\t<div class=\"elementor-column elementor-col-50 elementor-inner-column elementor-element elementor-element-504cb4a\" data-id=\"504cb4a\" data-element_type=\"column\">\n\t\t\t<div class=\"elementor-widget-wrap elementor-element-populated\">\n\t\t\t\t\t\t<div class=\"elementor-element elementor-element-f1f2f61 elementor-widget elementor-widget-image\" data-id=\"f1f2f61\" data-element_type=\"widget\" data-widget_type=\"image.default\">\n\t\t\t\t<div class=\"elementor-widget-container\">\n\t\t\t\t\t\t\t\t\t\t<figure class=\"wp-caption\">\n\t\t\t\t\t\t\t\t\t\t<img fetchpriority=\"high\" decoding=\"async\" width=\"1024\" height=\"712\" src=\"https:\/\/www.ufsm.br\/app\/uploads\/sites\/399\/2021\/09\/Skype_Picture_2021_09_08T14_47_31_070Z-1024x712.jpeg\" class=\"attachment-large size-large wp-image-3760\" alt=\"\" srcset=\"https:\/\/www.ufsm.br\/app\/uploads\/sites\/399\/2021\/09\/Skype_Picture_2021_09_08T14_47_31_070Z-1024x712.jpeg 1024w, https:\/\/www.ufsm.br\/app\/uploads\/sites\/399\/2021\/09\/Skype_Picture_2021_09_08T14_47_31_070Z-300x209.jpeg 300w, https:\/\/www.ufsm.br\/app\/uploads\/sites\/399\/2021\/09\/Skype_Picture_2021_09_08T14_47_31_070Z-768x534.jpeg 768w, https:\/\/www.ufsm.br\/app\/uploads\/sites\/399\/2021\/09\/Skype_Picture_2021_09_08T14_47_31_070Z-1536x1068.jpeg 1536w, https:\/\/www.ufsm.br\/app\/uploads\/sites\/399\/2021\/09\/Skype_Picture_2021_09_08T14_47_31_070Z.jpeg 1920w\" sizes=\"(max-width: 1024px) 100vw, 1024px\" \/>\t\t\t\t\t\t\t\t\t\t\t<figcaption class=\"widget-image-caption wp-caption-text\">Assinatura do acordo. Foto: Tch\u00eaTurbo<\/figcaption>\n\t\t\t\t\t\t\t\t\t\t<\/figure>\n\t\t\t\t\t\t\t<\/div>\n\t\t\t\t<\/div>\n\t\t\t\t\t<\/div>\n\t\t<\/div>\n\t\t\t\t\t<\/div>\n\t\t<\/section>\n\t\t\t\t\t<\/div>\n\t\t<\/div>\n\t\t\t\t\t<\/div>\n\t\t<\/section>\n\t\t\t\t<section class=\"elementor-section elementor-top-section elementor-element elementor-element-600717e elementor-section-boxed elementor-section-height-default elementor-section-height-default\" data-id=\"600717e\" data-element_type=\"section\">\n\t\t\t\t\t\t<div class=\"elementor-container elementor-column-gap-default\">\n\t\t\t\t\t<div class=\"elementor-column elementor-col-100 elementor-top-column elementor-element elementor-element-dd5a452\" data-id=\"dd5a452\" data-element_type=\"column\">\n\t\t\t<div class=\"elementor-widget-wrap elementor-element-populated\">\n\t\t\t\t\t\t<div class=\"elementor-element elementor-element-1ed1e94 elementor-widget elementor-widget-text-editor\" data-id=\"1ed1e94\" data-element_type=\"widget\" data-widget_type=\"text-editor.default\">\n\t\t\t\t<div class=\"elementor-widget-container\">\n\t\t\t\t\t\t\t<p dir=\"ltr\" style=\"line-height: 1.38;text-align: justify;background-color: #ffffff;margin-top: 0pt;margin-bottom: 0pt\"><span style=\"font-size: 12pt;font-family: Roboto,sans-serif;color: #000000;background-color: transparent;font-weight: 400;font-style: normal;font-variant: normal;text-decoration: none;vertical-align: baseline\">Em contrapartida, os pesquisadores conseguem visualizar o mercado e o contexto atual do interior do estado do Rio Grande do Sul. De acordo com Ricardo Tombesi Macedo, professor coordenador do projeto, esta parceria ir\u00e1 contribuir tamb\u00e9m para a forma\u00e7\u00e3o dos discentes do curso de Sistemas de Informa\u00e7\u00e3o, que atuar\u00e3o como bolsistas de Inicia\u00e7\u00e3o Cient\u00edfica. \u201cParticipando do projeto, eles poder\u00e3o colocar em pr\u00e1tica muitos conceitos vistos apenas de maneira te\u00f3rica na Universidade\u201d, comenta Ricardo. No que tange a sua pesquisa, o projeto possibilitar\u00e1 a condu\u00e7\u00e3o de experimenta\u00e7\u00e3o dos prot\u00f3tipos desenvolvidos em ambientes reais e com as mesmas caracter\u00edsticas do mercado.<\/span><\/p>\n<p>\u00a0<\/p>\n<p dir=\"ltr\" style=\"line-height: 1.38;text-align: justify;background-color: #ffffff;margin-top: 0pt;margin-bottom: 0pt\">\u00a0<\/p>\t\t\t\t\t\t<\/div>\n\t\t\t\t<\/div>\n\t\t\t\t<div class=\"elementor-element elementor-element-f661dc6 elementor-widget-divider--view-line elementor-widget elementor-widget-divider\" data-id=\"f661dc6\" data-element_type=\"widget\" data-widget_type=\"divider.default\">\n\t\t\t\t<div class=\"elementor-widget-container\">\n\t\t\t\t\t<div class=\"elementor-divider\">\n\t\t\t<span class=\"elementor-divider-separator\">\n\t\t\t\t\t\t<\/span>\n\t\t<\/div>\n\t\t\t\t<\/div>\n\t\t\t\t<\/div>\n\t\t\t\t\t<\/div>\n\t\t<\/div>\n\t\t\t\t\t<\/div>\n\t\t<\/section>\n\t\t\t\t<section class=\"elementor-section elementor-top-section elementor-element elementor-element-1e8a5e4 elementor-section-boxed elementor-section-height-default elementor-section-height-default\" data-id=\"1e8a5e4\" data-element_type=\"section\">\n\t\t\t\t\t\t<div class=\"elementor-container elementor-column-gap-default\">\n\t\t\t\t\t<div class=\"elementor-column elementor-col-100 elementor-top-column elementor-element elementor-element-dd2ae12\" data-id=\"dd2ae12\" data-element_type=\"column\">\n\t\t\t<div class=\"elementor-widget-wrap elementor-element-populated\">\n\t\t\t\t\t\t<div class=\"elementor-element elementor-element-5cb3ee2 elementor-widget elementor-widget-text-editor\" data-id=\"5cb3ee2\" data-element_type=\"widget\" data-widget_type=\"text-editor.default\">\n\t\t\t\t<div class=\"elementor-widget-container\">\n\t\t\t\t\t\t\t<p dir=\"ltr\" style=\"margin-bottom: 0pt;margin-top: 0pt;color: #000000;font-size: 16px;line-height: 2.592;text-align: justify\"><span style=\"font-size: 12pt;font-family: Arial;background-color: transparent;font-style: italic;vertical-align: baseline\">Texto: Giovana Dutra, acad\u00eamica de Jornalismo e bolsista da Ag\u00eancia de Inova\u00e7\u00e3o e Transfer\u00eancia de Tecnologia (Agittec).<\/span><\/p>\n<p dir=\"ltr\" style=\"margin-bottom: 0pt;margin-top: 0pt;color: #000000;font-size: 16px;line-height: 2.592;text-align: justify\"><span style=\"font-size: 12pt;font-family: Arial;background-color: transparent;font-style: italic\">Ilustra\u00e7\u00f5es: Lucas Dalcin Matte, acad\u00eamico de Desenho Industrial e bolsista da Ag\u00eancia de Inova\u00e7\u00e3o e\u00a0 Transfer\u00eancia de Tecnologia (Agittec).<\/span><\/p>\t\t\t\t\t\t<\/div>\n\t\t\t\t<\/div>\n\t\t\t\t\t<\/div>\n\t\t<\/div>\n\t\t\t\t\t<\/div>\n\t\t<\/section>\n\t\t\t\t<\/div>\n\t\t","protected":false},"excerpt":{"rendered":"<p>A UFSM Campus Frederico Westphalen fechou um acordo de parceria com a empresa provedora de internet Tch\u00eaTurbo. O projeto, coordenado pelo pesquisador Ricardo Tombesi Macedo, tem como objetivo aproximar a Universidade da realidade empresarial do setor de tecnologia da informa\u00e7\u00e3o. Durante 36 meses ser\u00e1 desenvolvida uma plataforma para monitoramento e gest\u00e3o de infraestruturas de provedores [&hellip;]<\/p>\n","protected":false},"author":3404,"featured_media":3759,"comment_status":"closed","ping_status":"closed","sticky":false,"template":"","format":"standard","meta":{"episode_type":"","audio_file":"","cover_image":"","cover_image_id":"","duration":"","filesize":"","date_recorded":"","explicit":"","block":"","filesize_raw":"","footnotes":""},"categories":[6],"tags":[239,475,215],"class_list":["post-3758","post","type-post","status-publish","format-standard","has-post-thumbnail","hentry","category-noticias","tag-acordo","tag-inovacao","tag-inovacaoufsm"],"acf":[],"_links":{"self":[{"href":"https:\/\/www.ufsm.br\/pro-reitorias\/proinova\/wp-json\/wp\/v2\/posts\/3758","targetHints":{"allow":["GET"]}}],"collection":[{"href":"https:\/\/www.ufsm.br\/pro-reitorias\/proinova\/wp-json\/wp\/v2\/posts"}],"about":[{"href":"https:\/\/www.ufsm.br\/pro-reitorias\/proinova\/wp-json\/wp\/v2\/types\/post"}],"author":[{"embeddable":true,"href":"https:\/\/www.ufsm.br\/pro-reitorias\/proinova\/wp-json\/wp\/v2\/users\/3404"}],"replies":[{"embeddable":true,"href":"https:\/\/www.ufsm.br\/pro-reitorias\/proinova\/wp-json\/wp\/v2\/comments?post=3758"}],"version-history":[{"count":0,"href":"https:\/\/www.ufsm.br\/pro-reitorias\/proinova\/wp-json\/wp\/v2\/posts\/3758\/revisions"}],"wp:featuredmedia":[{"embeddable":true,"href":"https:\/\/www.ufsm.br\/pro-reitorias\/proinova\/wp-json\/wp\/v2\/media\/3759"}],"wp:attachment":[{"href":"https:\/\/www.ufsm.br\/pro-reitorias\/proinova\/wp-json\/wp\/v2\/media?parent=3758"}],"wp:term":[{"taxonomy":"category","embeddable":true,"href":"https:\/\/www.ufsm.br\/pro-reitorias\/proinova\/wp-json\/wp\/v2\/categories?post=3758"},{"taxonomy":"post_tag","embeddable":true,"href":"https:\/\/www.ufsm.br\/pro-reitorias\/proinova\/wp-json\/wp\/v2\/tags?post=3758"}],"curies":[{"name":"wp","href":"https:\/\/api.w.org\/{rel}","templated":true}]}}