{"id":3907,"date":"2022-01-07T11:27:04","date_gmt":"2022-01-07T14:27:04","guid":{"rendered":"https:\/\/www.ufsm.br\/orgaos-executivos\/agittec\/?p=3907"},"modified":"2022-01-07T11:27:05","modified_gmt":"2022-01-07T14:27:05","slug":"agittec-tem-novas-chefias-em-sua-estrutura-administrativa","status":"publish","type":"post","link":"https:\/\/www.ufsm.br\/pro-reitorias\/proinova\/2022\/01\/07\/agittec-tem-novas-chefias-em-sua-estrutura-administrativa","title":{"rendered":"AGITTEC tem novas chefias em sua estrutura administrativa"},"content":{"rendered":"\n<p>A partir de janeiro de 2022, a Ag\u00eancia de Inova\u00e7\u00e3o e Transfer\u00eancia de Tecnologia (AGITTEC) passar\u00e1 por mudan\u00e7as nos cargos de chefia de sua estrutura administrativa. O professor Daniel Pinheiro Bernardon ocupar\u00e1 o cargo de Diretor da AGITTEC, que desde 2014 era exercido pelo Professor H\u00e9lio Hey, o qual assumir\u00e1 a dire\u00e7\u00e3o do Parque de Inova\u00e7\u00e3o, Ci\u00eancia e Tecnologia da UFSM. Bernardon \u00e9 doutor em engenharia el\u00e9trica, ingressou no quadro docente da Institui\u00e7\u00e3o em 2012, atuando principalmente na \u00e1rea de Energia e Sistemas El\u00e9tricos de Pot\u00eancia, al\u00e9m de coordenar o Programa de P\u00f3s-Gradua\u00e7\u00e3o em Engenharia El\u00e9trica de 2017 a 2021.<\/p>\n<p>Na Coordenadoria de Transfer\u00eancia de Tecnologia assume a servidora Lauren Peres Lorenzoni. O setor formaliza a transfer\u00eancia das tecnologias desenvolvidas na UFSM para a sociedade estimulando a inova\u00e7\u00e3o e a coopera\u00e7\u00e3o entre os setores p\u00fablico e privado.<\/p>\n<p>O est\u00edmulo e a promo\u00e7\u00e3o de programas de fomento ao empreendedorismo realizados pela Coordenadoria de Empreendedorismo ficam sob a responsabilidade da Maria Daniele dos Santos Dutra.<\/p>\n","protected":false},"excerpt":{"rendered":"<p>A partir de janeiro de 2022, a Ag\u00eancia de Inova\u00e7\u00e3o e Transfer\u00eancia de Tecnologia (AGITTEC) passar\u00e1 por mudan\u00e7as nos cargos de chefia de sua estrutura administrativa. O professor Daniel Pinheiro Bernardon ocupar\u00e1 o cargo de Diretor da AGITTEC, que desde 2014 era exercido pelo Professor H\u00e9lio Hey, o qual assumir\u00e1 a dire\u00e7\u00e3o do Parque de [&hellip;]<\/p>\n","protected":false},"author":650,"featured_media":3909,"comment_status":"closed","ping_status":"closed","sticky":false,"template":"","format":"standard","meta":{"episode_type":"","audio_file":"","cover_image":"","cover_image_id":"","duration":"","filesize":"","date_recorded":"","explicit":"","block":"","filesize_raw":"","footnotes":""},"categories":[6],"tags":[],"class_list":["post-3907","post","type-post","status-publish","format-standard","has-post-thumbnail","hentry","category-noticias"],"acf":[],"_links":{"self":[{"href":"https:\/\/www.ufsm.br\/pro-reitorias\/proinova\/wp-json\/wp\/v2\/posts\/3907","targetHints":{"allow":["GET"]}}],"collection":[{"href":"https:\/\/www.ufsm.br\/pro-reitorias\/proinova\/wp-json\/wp\/v2\/posts"}],"about":[{"href":"https:\/\/www.ufsm.br\/pro-reitorias\/proinova\/wp-json\/wp\/v2\/types\/post"}],"author":[{"embeddable":true,"href":"https:\/\/www.ufsm.br\/pro-reitorias\/proinova\/wp-json\/wp\/v2\/users\/650"}],"replies":[{"embeddable":true,"href":"https:\/\/www.ufsm.br\/pro-reitorias\/proinova\/wp-json\/wp\/v2\/comments?post=3907"}],"version-history":[{"count":0,"href":"https:\/\/www.ufsm.br\/pro-reitorias\/proinova\/wp-json\/wp\/v2\/posts\/3907\/revisions"}],"wp:featuredmedia":[{"embeddable":true,"href":"https:\/\/www.ufsm.br\/pro-reitorias\/proinova\/wp-json\/wp\/v2\/media\/3909"}],"wp:attachment":[{"href":"https:\/\/www.ufsm.br\/pro-reitorias\/proinova\/wp-json\/wp\/v2\/media?parent=3907"}],"wp:term":[{"taxonomy":"category","embeddable":true,"href":"https:\/\/www.ufsm.br\/pro-reitorias\/proinova\/wp-json\/wp\/v2\/categories?post=3907"},{"taxonomy":"post_tag","embeddable":true,"href":"https:\/\/www.ufsm.br\/pro-reitorias\/proinova\/wp-json\/wp\/v2\/tags?post=3907"}],"curies":[{"name":"wp","href":"https:\/\/api.w.org\/{rel}","templated":true}]}}