{"id":3991,"date":"2022-03-18T09:15:39","date_gmt":"2022-03-18T12:15:39","guid":{"rendered":"https:\/\/www.ufsm.br\/orgaos-executivos\/agittec\/?p=3991"},"modified":"2022-03-18T09:15:40","modified_gmt":"2022-03-18T12:15:40","slug":"servidores-da-agittec-realizam-capacitacoes-e-visitas-tecnicas-na-dinamarca-e-em-portugal","status":"publish","type":"post","link":"https:\/\/www.ufsm.br\/pro-reitorias\/proinova\/2022\/03\/18\/servidores-da-agittec-realizam-capacitacoes-e-visitas-tecnicas-na-dinamarca-e-em-portugal","title":{"rendered":"Servidores da Agittec realizam capacita\u00e7\u00f5es e visitas t\u00e9cnicas na Dinamarca e em Portugal"},"content":{"rendered":"\n<p><strong>Servidores da Agittec s\u00e3o selecionados para capacita\u00e7\u00f5es na Dinamarca pelo INPI<\/strong><\/p>\n<p><br \/>A Copenhagen Business School (CBS Executive Fonden), localizada na Dinamarca, realizar\u00e1 o curso &#8220;Promo\u00e7\u00e3o \u00e0 inova\u00e7\u00e3o e Comercializa\u00e7\u00e3o de Direitos de Propriedade Intelectual&#8221; entre os dias 18 de abril a 06 de maio de 2022 e ofereceu ao Instituto Nacional da Propriedade Industrial (INPI) a oportunidade de indicar 15 representantes brasileiros de institui\u00e7\u00f5es envolvidas com Propriedade Intelectual (Universidades, Institui\u00e7\u00f5es de Pesquisa e centros de inova\u00e7\u00e3o). A Universidade Federal de Santa Maria (UFSM) ser\u00e1 representada pelos servidores da Coordenadoria de Transfer\u00eancia de Tecnologia e Propriedade Intelectual, o t\u00e9cnico-administrativo Daniel Arenhart e pelo professor Lucio Dornelles.<br \/>O curso ser\u00e1 promovido no \u00e2mbito de um projeto de inova\u00e7\u00e3o que o INPI possui com a Dinamarca, e apresenta o objetivo de desenvolver redes de inova\u00e7\u00e3o entre os dois pa\u00edses.<br \/>A a\u00e7\u00e3o tem foco no desenvolvimento de habilidades de gest\u00e3o da inova\u00e7\u00e3o e comercializa\u00e7\u00e3o de ativos de Propriedade Intelectual, traduzindo os conceitos de Direito de PI em termos comerciais. O curso tamb\u00e9m promover\u00e1 a visita\u00e7\u00e3o de ambientes de inova\u00e7\u00e3o daquele pa\u00eds e a troca de experi\u00eancias entre a realidade brasileira e dinamarquesa no que refere \u00e0 comercializa\u00e7\u00e3o de Direitos de Propriedade Intelectual.<\/p>\n<p><br \/><strong>Visitas t\u00e9cnicas em Portugal<\/strong><\/p>\n<p>Outra a\u00e7\u00e3o programada \u00e9 a visita t\u00e9cnica que a Coordenadora de Transfer\u00eancia de Tecnologia e Propriedade Intelectual da Agittec, Lauren Peres Lorenzoni, realizar\u00e1 em ambientes de inova\u00e7\u00e3o de Portugal (nas cidades de Lisboa, Coimbra e Porto), entre 28 de mar\u00e7o a 1\u00ba de abril.<br \/>De acordo com Lauren, a viagem tem o objetivo de conhecer os principais aspectos das atividades desenvolvidas para fomentar a cultura da inova\u00e7\u00e3o, a estrat\u00e9gia e a pol\u00edtica de prote\u00e7\u00e3o e transfer\u00eancia de tecnologia, al\u00e9m da prospec\u00e7\u00e3o de parcerias internacionais. Nesse sentido, as visitas t\u00e9cnicas contribuir\u00e3o para a consolida\u00e7\u00e3o da pol\u00edtica de inova\u00e7\u00e3o da UFSM.<\/p>\n<p><em>Programa\u00e7\u00e3o<\/em> <br \/>Lisboa &#8211; Instituto Superior T\u00e9cnico;<\/p>\n<p>Coimbra &#8211; Universidade de Coimbra com foco no Projeto Especial UC Business (gabinete de transfer\u00eancia de tecnologia);<\/p>\n<p>Porto &#8211; Servi\u00e7o de Apoio ao Licenciamento do INESC TEC (SAL) &#8211; Respons\u00e1vel: Daniel Vasconcelos, Centro para a Inova\u00e7\u00e3o, Tecnologia e Empreendedorismo (CITE); <br \/>TEC4Agro-Food &#8211; modelo de organiza\u00e7\u00e3o interna das compet\u00eancias de I&amp;D cr\u00edticas para responder aos desafios do sector agro-alimentar (e floresta);<br \/>Parque de Ci\u00eancia e Tecnologia da Universidade do Porto (UPTEC);<br \/>U.Porto Inova\u00e7\u00e3o \u00e9 uma estrutura da Universidade do Porto, criada em 2004 com o objetivo de apoiar a cadeia de valor da inova\u00e7\u00e3o na Universidade, promovendo a transfer\u00eancia de conhecimento e refor\u00e7ando a liga\u00e7\u00e3o da Universidade \u00e0s empresas.<\/p>\n<p>\u00a0<\/p>\n","protected":false},"excerpt":{"rendered":"<p>Servidores da Agittec s\u00e3o selecionados para capacita\u00e7\u00f5es na Dinamarca pelo INPI A Copenhagen Business School (CBS Executive Fonden), localizada na Dinamarca, realizar\u00e1 o curso &#8220;Promo\u00e7\u00e3o \u00e0 inova\u00e7\u00e3o e Comercializa\u00e7\u00e3o de Direitos de Propriedade Intelectual&#8221; entre os dias 18 de abril a 06 de maio de 2022 e ofereceu ao Instituto Nacional da Propriedade Industrial (INPI) [&hellip;]<\/p>\n","protected":false},"author":650,"featured_media":3990,"comment_status":"closed","ping_status":"closed","sticky":false,"template":"","format":"standard","meta":{"episode_type":"","audio_file":"","cover_image":"","cover_image_id":"","duration":"","filesize":"","date_recorded":"","explicit":"","block":"","filesize_raw":"","footnotes":""},"categories":[6],"tags":[],"class_list":["post-3991","post","type-post","status-publish","format-standard","has-post-thumbnail","hentry","category-noticias"],"acf":[],"_links":{"self":[{"href":"https:\/\/www.ufsm.br\/pro-reitorias\/proinova\/wp-json\/wp\/v2\/posts\/3991","targetHints":{"allow":["GET"]}}],"collection":[{"href":"https:\/\/www.ufsm.br\/pro-reitorias\/proinova\/wp-json\/wp\/v2\/posts"}],"about":[{"href":"https:\/\/www.ufsm.br\/pro-reitorias\/proinova\/wp-json\/wp\/v2\/types\/post"}],"author":[{"embeddable":true,"href":"https:\/\/www.ufsm.br\/pro-reitorias\/proinova\/wp-json\/wp\/v2\/users\/650"}],"replies":[{"embeddable":true,"href":"https:\/\/www.ufsm.br\/pro-reitorias\/proinova\/wp-json\/wp\/v2\/comments?post=3991"}],"version-history":[{"count":0,"href":"https:\/\/www.ufsm.br\/pro-reitorias\/proinova\/wp-json\/wp\/v2\/posts\/3991\/revisions"}],"wp:featuredmedia":[{"embeddable":true,"href":"https:\/\/www.ufsm.br\/pro-reitorias\/proinova\/wp-json\/wp\/v2\/media\/3990"}],"wp:attachment":[{"href":"https:\/\/www.ufsm.br\/pro-reitorias\/proinova\/wp-json\/wp\/v2\/media?parent=3991"}],"wp:term":[{"taxonomy":"category","embeddable":true,"href":"https:\/\/www.ufsm.br\/pro-reitorias\/proinova\/wp-json\/wp\/v2\/categories?post=3991"},{"taxonomy":"post_tag","embeddable":true,"href":"https:\/\/www.ufsm.br\/pro-reitorias\/proinova\/wp-json\/wp\/v2\/tags?post=3991"}],"curies":[{"name":"wp","href":"https:\/\/api.w.org\/{rel}","templated":true}]}}