{"id":4018,"date":"2022-03-28T15:42:21","date_gmt":"2022-03-28T18:42:21","guid":{"rendered":"https:\/\/www.ufsm.br\/orgaos-executivos\/agittec\/?p=4018"},"modified":"2022-03-30T13:33:07","modified_gmt":"2022-03-30T16:33:07","slug":"2a-edicao-do-livro-ecofisiologia-da-soja-visando-altas-produtividades-desenvolvido-pela-crops-team-sera-lancado-em-maio","status":"publish","type":"post","link":"https:\/\/www.ufsm.br\/pro-reitorias\/proinova\/2022\/03\/28\/2a-edicao-do-livro-ecofisiologia-da-soja-visando-altas-produtividades-desenvolvido-pela-crops-team-sera-lancado-em-maio","title":{"rendered":"2\u00aa Edi\u00e7\u00e3o do livro \u201cEcofisiologia da soja visando altas produtividades\u201d desenvolvido em parceria com Crops Team ser\u00e1 lan\u00e7ado em maio"},"content":{"rendered":"\n<p><br \/>O livro \u201cEcofisiologia da soja visando altas produtividades\u201d produzido pela Equipe FieldCrops, chega a sua segunda edi\u00e7\u00e3o em 2022. Neste ano, o lan\u00e7amento da obra est\u00e1 marcado para os dias 16 a 19 de maio e acontece em Foz do Igua\u00e7u, durante o Congresso Brasileiro de Soja, o maior evento da Am\u00e9rica Latina no setor.<\/p>\n<p>A primeira edi\u00e7\u00e3o do livro, lan\u00e7ada em 2018, atingiu mais de 10 mil exemplares vendidos e foi considerada um sucesso de vendas pela Equipe FieldCrops, desenvolvedora da obra. Nesta segunda edi\u00e7\u00e3o, a \u201cEcofisiologia da soja visando altas produtividades\u201d foi ampliada, com novos cap\u00edtulos, de acordo com informa\u00e7\u00f5es de Michel Rocha da Silva, um dos autores do livro e s\u00f3cio fundados da empresa incubada da Agittec, Crops Team. \u201cA segunda edi\u00e7\u00e3o do livro conta com novos cap\u00edtulos sobre temas como nutri\u00e7\u00e3o de plantas, bioestimulantes, ecofisiologia digital, trazendo a abordagem de agricultura 4.0\u201d, detalha o autor.<\/p>\n<p>Al\u00e9m de Silva, o livro conta com autoria de Eduardo Lago Tagliapietra; Jos\u00e9 Eduardo Minussi Winck; Alexandre Ferigolo Alves; Guilherme Guerin Munareto; Anderson Haas Poersch; Bruna San Martin Rolim Ribeiro; C\u00e9sar Eug\u00eanio Quintero; Gean Leonardo Richter; Darlan Scapini Balest; Vict\u00f3ria Brittes Inklman; Renan Augusto Schneider; Kelin Pribs Bexaira; Cristian Savegnago; Leonardo Silva Paula; Marcos Dalla Nora; Edgardo Santiago Arevalo; Mar\u00eda Soledad Armoa B\u00e1ez; Luciano Zucuni Pes; Nereu Augusto Streck e Alencar Junior Zanon.<\/p>\n<p>A empresa incubada da Agittec, Crops Team, parceira na constru\u00e7\u00e3o dessa obra, tem como objetivo gerar solu\u00e7\u00f5es para empresas e para produtores da \u00e1rea agr\u00edcola, com seu foco no potencial produtivo e o risco clim\u00e1tico para determinar o manejo e o investimento em cada \u00e1rea cultivada. Al\u00e9m disso, incentiva a propaga\u00e7\u00e3o de informa\u00e7\u00e3o na \u00e1rea a partir do desenvolvimento dos livros.<\/p>\n","protected":false},"excerpt":{"rendered":"<p>O livro \u201cEcofisiologia da soja visando altas produtividades\u201d produzido pela Equipe FieldCrops, chega a sua segunda edi\u00e7\u00e3o em 2022. Neste ano, o lan\u00e7amento da obra est\u00e1 marcado para os dias 16 a 19 de maio e acontece em Foz do Igua\u00e7u, durante o Congresso Brasileiro de Soja, o maior evento da Am\u00e9rica Latina no setor. [&hellip;]<\/p>\n","protected":false},"author":650,"featured_media":4019,"comment_status":"closed","ping_status":"closed","sticky":false,"template":"","format":"standard","meta":{"episode_type":"","audio_file":"","cover_image":"","cover_image_id":"","duration":"","filesize":"","date_recorded":"","explicit":"","block":"","filesize_raw":"","footnotes":""},"categories":[6],"tags":[],"class_list":["post-4018","post","type-post","status-publish","format-standard","has-post-thumbnail","hentry","category-noticias"],"acf":[],"_links":{"self":[{"href":"https:\/\/www.ufsm.br\/pro-reitorias\/proinova\/wp-json\/wp\/v2\/posts\/4018","targetHints":{"allow":["GET"]}}],"collection":[{"href":"https:\/\/www.ufsm.br\/pro-reitorias\/proinova\/wp-json\/wp\/v2\/posts"}],"about":[{"href":"https:\/\/www.ufsm.br\/pro-reitorias\/proinova\/wp-json\/wp\/v2\/types\/post"}],"author":[{"embeddable":true,"href":"https:\/\/www.ufsm.br\/pro-reitorias\/proinova\/wp-json\/wp\/v2\/users\/650"}],"replies":[{"embeddable":true,"href":"https:\/\/www.ufsm.br\/pro-reitorias\/proinova\/wp-json\/wp\/v2\/comments?post=4018"}],"version-history":[{"count":0,"href":"https:\/\/www.ufsm.br\/pro-reitorias\/proinova\/wp-json\/wp\/v2\/posts\/4018\/revisions"}],"wp:featuredmedia":[{"embeddable":true,"href":"https:\/\/www.ufsm.br\/pro-reitorias\/proinova\/wp-json\/wp\/v2\/media\/4019"}],"wp:attachment":[{"href":"https:\/\/www.ufsm.br\/pro-reitorias\/proinova\/wp-json\/wp\/v2\/media?parent=4018"}],"wp:term":[{"taxonomy":"category","embeddable":true,"href":"https:\/\/www.ufsm.br\/pro-reitorias\/proinova\/wp-json\/wp\/v2\/categories?post=4018"},{"taxonomy":"post_tag","embeddable":true,"href":"https:\/\/www.ufsm.br\/pro-reitorias\/proinova\/wp-json\/wp\/v2\/tags?post=4018"}],"curies":[{"name":"wp","href":"https:\/\/api.w.org\/{rel}","templated":true}]}}