{"id":4308,"date":"2022-06-22T16:07:01","date_gmt":"2022-06-22T19:07:01","guid":{"rendered":"https:\/\/www.ufsm.br\/orgaos-executivos\/agittec\/?p=4308"},"modified":"2022-06-22T16:16:30","modified_gmt":"2022-06-22T19:16:30","slug":"programa-de-pre-incubacao-bate-recorde-de-inscritos-em-2022","status":"publish","type":"post","link":"https:\/\/www.ufsm.br\/pro-reitorias\/proinova\/2022\/06\/22\/programa-de-pre-incubacao-bate-recorde-de-inscritos-em-2022","title":{"rendered":"Programa de Pr\u00e9-Incuba\u00e7\u00e3o bate recorde de inscritos em 2022"},"content":{"rendered":"\t\t<div data-elementor-type=\"wp-post\" data-elementor-id=\"4308\" class=\"elementor elementor-4308\">\n\t\t\t\t\t\t<section class=\"elementor-section elementor-top-section elementor-element elementor-element-5691d820 elementor-section-boxed elementor-section-height-default elementor-section-height-default\" data-id=\"5691d820\" data-element_type=\"section\">\n\t\t\t\t\t\t<div class=\"elementor-container elementor-column-gap-default\">\n\t\t\t\t\t<div class=\"elementor-column elementor-col-100 elementor-top-column elementor-element elementor-element-3c34dd9a\" data-id=\"3c34dd9a\" data-element_type=\"column\">\n\t\t\t<div class=\"elementor-widget-wrap elementor-element-populated\">\n\t\t\t\t\t\t<div class=\"elementor-element elementor-element-7f93e59a elementor-widget elementor-widget-text-editor\" data-id=\"7f93e59a\" data-element_type=\"widget\" data-widget_type=\"text-editor.default\">\n\t\t\t\t<div class=\"elementor-widget-container\">\n\t\t\t\t\t\t\t<p><!-- wp:tadv\/classic-paragraph --><\/p>\n<p><span style=\"font-weight: 400\">O programa de Pr\u00e9-Incuba\u00e7\u00e3o de 2022 bateu recorde de projetos inscritos. Foram mais de 47 projetos, n\u00famero expressivo em rela\u00e7\u00e3o aos \u00faltimos anos. Em 2021 e 2020 tiveram o mesmo n\u00famero de inscri\u00e7\u00f5es: 13. Esse n\u00famero mostra um aumento de 261,54% de inscritos no programa de Pr\u00e9-Incuba\u00e7\u00e3o da UFSM.\u00a0<\/span><\/p>\n<p>\u00a0<\/p>\n<p><span style=\"font-weight: 400\">O Programa de Pr\u00e9-incuba\u00e7\u00e3o da Universidade Federal de Santa Maria objetiva apoiar e preparar os empreendedores que tenham ideias inovadoras com potencial de neg\u00f3cio, na fase que antecede a cria\u00e7\u00e3o da empresa. O programa \u00e9 de grande import\u00e2ncia no processo de est\u00edmulo ao empreendedorismo e \u00e0 inova\u00e7\u00e3o tecnol\u00f3gica, e consequentemente na cria\u00e7\u00e3o e consolida\u00e7\u00e3o de empresas inovadoras capazes de fomentar a economia do conhecimento nas regi\u00f5es de abrang\u00eancia da UFSM.\u00a0<\/span><\/p>\n<p>\u00a0<\/p>\n<p><span style=\"font-weight: 400\">Respons\u00e1vel pela incubadora tecnol\u00f3gica, Anderson Paim enfatiza que, al\u00e9m da forte campanha de divulga\u00e7\u00e3o do programa, o aumento exponencial de inscri\u00e7\u00f5es indica um interesse maior da comunidade da UFSM e da cidade de Santa Maria na \u00e1rea de empreendedorismo e inova\u00e7\u00e3o.\u00a0<\/span><\/p>\n<p><!-- \/wp:tadv\/classic-paragraph --><\/p>\t\t\t\t\t\t<\/div>\n\t\t\t\t<\/div>\n\t\t\t\t\t<\/div>\n\t\t<\/div>\n\t\t\t\t\t<\/div>\n\t\t<\/section>\n\t\t\t\t<section class=\"elementor-section elementor-top-section elementor-element elementor-element-9ecff82 elementor-section-boxed elementor-section-height-default elementor-section-height-default\" data-id=\"9ecff82\" data-element_type=\"section\">\n\t\t\t\t\t\t<div class=\"elementor-container elementor-column-gap-default\">\n\t\t\t\t\t<div class=\"elementor-column elementor-col-100 elementor-top-column elementor-element elementor-element-0fabd67\" data-id=\"0fabd67\" data-element_type=\"column\">\n\t\t\t<div class=\"elementor-widget-wrap elementor-element-populated\">\n\t\t\t\t\t\t<div class=\"elementor-element elementor-element-0711c92 elementor-widget elementor-widget-image\" data-id=\"0711c92\" data-element_type=\"widget\" data-widget_type=\"image.default\">\n\t\t\t\t<div class=\"elementor-widget-container\">\n\t\t\t\t\t\t\t\t\t\t\t\t\t<img fetchpriority=\"high\" decoding=\"async\" width=\"768\" height=\"444\" src=\"https:\/\/www.ufsm.br\/app\/uploads\/sites\/399\/2022\/06\/GRAFICO_Prancheta-1-768x444.png\" class=\"attachment-medium_large size-medium_large wp-image-4310\" alt=\"\" srcset=\"https:\/\/www.ufsm.br\/app\/uploads\/sites\/399\/2022\/06\/GRAFICO_Prancheta-1-768x444.png 768w, https:\/\/www.ufsm.br\/app\/uploads\/sites\/399\/2022\/06\/GRAFICO_Prancheta-1-300x173.png 300w, https:\/\/www.ufsm.br\/app\/uploads\/sites\/399\/2022\/06\/GRAFICO_Prancheta-1-1024x592.png 1024w, https:\/\/www.ufsm.br\/app\/uploads\/sites\/399\/2022\/06\/GRAFICO_Prancheta-1-1536x888.png 1536w, https:\/\/www.ufsm.br\/app\/uploads\/sites\/399\/2022\/06\/GRAFICO_Prancheta-1-2048x1183.png 2048w\" sizes=\"(max-width: 768px) 100vw, 768px\" \/>\t\t\t\t\t\t\t\t\t\t\t\t\t<\/div>\n\t\t\t\t<\/div>\n\t\t\t\t\t<\/div>\n\t\t<\/div>\n\t\t\t\t\t<\/div>\n\t\t<\/section>\n\t\t\t\t<section class=\"elementor-section elementor-top-section elementor-element elementor-element-4479098 elementor-section-boxed elementor-section-height-default elementor-section-height-default\" data-id=\"4479098\" data-element_type=\"section\">\n\t\t\t\t\t\t<div class=\"elementor-container elementor-column-gap-default\">\n\t\t\t\t\t<div class=\"elementor-column elementor-col-100 elementor-top-column elementor-element elementor-element-8cd2a36\" data-id=\"8cd2a36\" data-element_type=\"column\">\n\t\t\t<div class=\"elementor-widget-wrap elementor-element-populated\">\n\t\t\t\t\t\t<div class=\"elementor-element elementor-element-4152c91 elementor-widget elementor-widget-text-editor\" data-id=\"4152c91\" data-element_type=\"widget\" data-widget_type=\"text-editor.default\">\n\t\t\t\t<div class=\"elementor-widget-container\">\n\t\t\t\t\t\t\t<p>Na fase de Pr\u00e9-Incuba\u00e7\u00e3o, os candidatos poder\u00e3o utilizar ambientes compartilhados, recebendo um conjunto de treinamentos, tutoria, assessorias e servi\u00e7os. \u00c9 uma fase destinada \u00e0 valida\u00e7\u00e3o de ideias dos projetos, voltada ao planejamento e constitui\u00e7\u00e3o da empresa e a possibilidade da cria\u00e7\u00e3o de poss\u00edveis neg\u00f3cios analisando a sua viabilidade t\u00e9cnica e econ\u00f4mica, bem como o perfil dos empreendedores.<\/p>\n<p><\/p>\n<p>Para saber os projetos que foram homologados na Pr\u00e9-Incuba\u00e7\u00e3o, acesse o&nbsp;<a href=\"https:\/\/www.ufsm.br\/app\/uploads\/sites\/399\/2022\/05\/Inscricoes-homologadas-ed02-2022.pdf\">edital<\/a>&nbsp;rec\u00e9m lan\u00e7ado no site da Agittec.&nbsp;<\/p>\n<p><br><\/p><p>Texto de Luka de Andrade Santos&nbsp;<\/p>\n<p>Imagem de Lucas Dalcin<\/p>\t\t\t\t\t\t<\/div>\n\t\t\t\t<\/div>\n\t\t\t\t\t<\/div>\n\t\t<\/div>\n\t\t\t\t\t<\/div>\n\t\t<\/section>\n\t\t\t\t<\/div>\n\t\t","protected":false},"excerpt":{"rendered":"<p>O programa de Pr\u00e9-Incuba\u00e7\u00e3o de 2022 bateu recorde de projetos inscritos. Foram mais de 47 projetos, n\u00famero expressivo em rela\u00e7\u00e3o aos \u00faltimos anos. Em 2021 e 2020 tiveram o mesmo n\u00famero de inscri\u00e7\u00f5es: 13. Esse n\u00famero mostra um aumento de 261,54% de inscritos no programa de Pr\u00e9-Incuba\u00e7\u00e3o da UFSM.\u00a0 \u00a0 O Programa de Pr\u00e9-incuba\u00e7\u00e3o da [&hellip;]<\/p>\n","protected":false},"author":5509,"featured_media":4309,"comment_status":"closed","ping_status":"closed","sticky":false,"template":"","format":"standard","meta":{"episode_type":"","audio_file":"","cover_image":"","cover_image_id":"","duration":"","filesize":"","date_recorded":"","explicit":"","block":"","filesize_raw":"","footnotes":""},"categories":[6],"tags":[],"class_list":["post-4308","post","type-post","status-publish","format-standard","has-post-thumbnail","hentry","category-noticias"],"acf":[],"_links":{"self":[{"href":"https:\/\/www.ufsm.br\/pro-reitorias\/proinova\/wp-json\/wp\/v2\/posts\/4308","targetHints":{"allow":["GET"]}}],"collection":[{"href":"https:\/\/www.ufsm.br\/pro-reitorias\/proinova\/wp-json\/wp\/v2\/posts"}],"about":[{"href":"https:\/\/www.ufsm.br\/pro-reitorias\/proinova\/wp-json\/wp\/v2\/types\/post"}],"author":[{"embeddable":true,"href":"https:\/\/www.ufsm.br\/pro-reitorias\/proinova\/wp-json\/wp\/v2\/users\/5509"}],"replies":[{"embeddable":true,"href":"https:\/\/www.ufsm.br\/pro-reitorias\/proinova\/wp-json\/wp\/v2\/comments?post=4308"}],"version-history":[{"count":0,"href":"https:\/\/www.ufsm.br\/pro-reitorias\/proinova\/wp-json\/wp\/v2\/posts\/4308\/revisions"}],"wp:featuredmedia":[{"embeddable":true,"href":"https:\/\/www.ufsm.br\/pro-reitorias\/proinova\/wp-json\/wp\/v2\/media\/4309"}],"wp:attachment":[{"href":"https:\/\/www.ufsm.br\/pro-reitorias\/proinova\/wp-json\/wp\/v2\/media?parent=4308"}],"wp:term":[{"taxonomy":"category","embeddable":true,"href":"https:\/\/www.ufsm.br\/pro-reitorias\/proinova\/wp-json\/wp\/v2\/categories?post=4308"},{"taxonomy":"post_tag","embeddable":true,"href":"https:\/\/www.ufsm.br\/pro-reitorias\/proinova\/wp-json\/wp\/v2\/tags?post=4308"}],"curies":[{"name":"wp","href":"https:\/\/api.w.org\/{rel}","templated":true}]}}