{"id":4441,"date":"2022-08-18T10:27:29","date_gmt":"2022-08-18T13:27:29","guid":{"rendered":"https:\/\/www.ufsm.br\/orgaos-executivos\/agittec\/?p=4441"},"modified":"2022-08-18T10:38:38","modified_gmt":"2022-08-18T13:38:38","slug":"treinamento-mulheres-em-tech-esta-com-inscricoes-abertas","status":"publish","type":"post","link":"https:\/\/www.ufsm.br\/pro-reitorias\/proinova\/2022\/08\/18\/treinamento-mulheres-em-tech-esta-com-inscricoes-abertas","title":{"rendered":"Treinamento Mulheres em Tech est\u00e1 com inscri\u00e7\u00f5es abertas"},"content":{"rendered":"\t\t<div data-elementor-type=\"wp-post\" data-elementor-id=\"4441\" class=\"elementor elementor-4441\">\n\t\t\t\t\t\t<section class=\"elementor-section elementor-top-section elementor-element elementor-element-353e2e1 elementor-section-boxed elementor-section-height-default elementor-section-height-default\" data-id=\"353e2e1\" data-element_type=\"section\">\n\t\t\t\t\t\t<div class=\"elementor-container elementor-column-gap-default\">\n\t\t\t\t\t<div class=\"elementor-column elementor-col-100 elementor-top-column elementor-element elementor-element-3f06fb80\" data-id=\"3f06fb80\" data-element_type=\"column\">\n\t\t\t<div class=\"elementor-widget-wrap elementor-element-populated\">\n\t\t\t\t\t\t<div class=\"elementor-element elementor-element-7ca13a12 elementor-widget elementor-widget-text-editor\" data-id=\"7ca13a12\" data-element_type=\"widget\" data-widget_type=\"text-editor.default\">\n\t\t\t\t<div class=\"elementor-widget-container\">\n\t\t\t\t\t\t\t<!-- wp:tadv\/classic-paragraph -->\n<p>Est\u00e3o abertas as inscri\u00e7\u00f5es para o Treinamento Mulheres em Tech &#8211; Lideran\u00e7as Inclusivas, com o objetivo de auxiliar mulheres pesquisadoras, profissionais ou empreendedoras das \u00e1reas de Ci\u00eancias, Tecnologia, Engenharia e Matem\u00e1tica que buscam desenvolver suas habilidades interpessoais e avan\u00e7ar em suas carreiras. A capacita\u00e7\u00e3o \u00e9 promovida pela AGITTEC, Pr\u00f3-Reitoria de P\u00f3s Gradua\u00e7\u00e3o e Pesquisa (PRPGP) e Pr\u00f3-Reitoria de Gest\u00e3o de Pessoas (PROGEP).<\/p>\n<p>O Programa Mulheres na Ci\u00eancia (Women in Science) \u00e9 uma iniciativa do British Council que busca o fortalecimento de v\u00ednculos entre mulheres na ci\u00eancia no Brasil bem como com o Reino Unido, nos \u00e2mbitos individual e institucional. Iniciado em 2018, o programa visa gerar a promo\u00e7\u00e3o da agenda cient\u00edfica para mulheres e o fortalecimento de redes nacionais e internacionais. O Programa Mulheres na Ci\u00eancia abarca diversos projetos e iniciativas, como o Garotas STEM (Girls in STEM), Scholarships for Women in STEM, Meninas na Escola, Mulheres na Ci\u00eancia, e o projeto Mulheres em Tech \u2013 Lideran\u00e7as Inclusivas (Women in Tech \u2013 Inclusive Leaderships) e produz a s\u00e9rie de revistas e podcasts hom\u00f4nimos.<\/p>\n<p>A capacita\u00e7\u00e3o ser\u00e1 realizada no formato online de 12\/09 a 11\/12 e o per\u00edodo para inscri\u00e7\u00f5es ficar\u00e3o abertas at\u00e9 02 de setembro. Alunas de p\u00f3s-gradua\u00e7\u00e3o e s\u00f3cias de empresas incubadas interessadas no treinamento podem se inscrever <a href=\"https:\/\/bit.ly\/3dEcFs1\">clicando aqui<\/a>\u00a0 . J\u00e1 para servidoras docentes e t\u00e9cnico-administrativas em educa\u00e7\u00e3o, devem ser feitas pelo <a href=\"https:\/\/portal.ufsm.br\/capacitacao\/inscricao\/formulario.html?idEdicao=1483\">Portal de Capacita\u00e7\u00e3o<\/a>.<\/p>\n<!-- \/wp:tadv\/classic-paragraph -->\t\t\t\t\t\t<\/div>\n\t\t\t\t<\/div>\n\t\t\t\t\t<\/div>\n\t\t<\/div>\n\t\t\t\t\t<\/div>\n\t\t<\/section>\n\t\t\t\t<section class=\"elementor-section elementor-top-section elementor-element elementor-element-6136805 elementor-section-boxed elementor-section-height-default elementor-section-height-default\" data-id=\"6136805\" data-element_type=\"section\">\n\t\t\t\t\t\t<div class=\"elementor-container elementor-column-gap-default\">\n\t\t\t\t\t<div class=\"elementor-column elementor-col-100 elementor-top-column elementor-element elementor-element-cdaa8de\" data-id=\"cdaa8de\" data-element_type=\"column\">\n\t\t\t<div class=\"elementor-widget-wrap elementor-element-populated\">\n\t\t\t\t\t\t<div class=\"elementor-element elementor-element-775b15b elementor-widget elementor-widget-image\" data-id=\"775b15b\" data-element_type=\"widget\" data-widget_type=\"image.default\">\n\t\t\t\t<div class=\"elementor-widget-container\">\n\t\t\t\t\t\t\t\t\t\t\t\t\t<img fetchpriority=\"high\" decoding=\"async\" width=\"300\" height=\"300\" src=\"https:\/\/www.ufsm.br\/app\/uploads\/sites\/399\/2022\/08\/mulheres-em-tech-300x300.jpg\" class=\"attachment-medium size-medium wp-image-4443\" alt=\"\" srcset=\"https:\/\/www.ufsm.br\/app\/uploads\/sites\/399\/2022\/08\/mulheres-em-tech-300x300.jpg 300w, https:\/\/www.ufsm.br\/app\/uploads\/sites\/399\/2022\/08\/mulheres-em-tech-1024x1024.jpg 1024w, https:\/\/www.ufsm.br\/app\/uploads\/sites\/399\/2022\/08\/mulheres-em-tech-150x150.jpg 150w, https:\/\/www.ufsm.br\/app\/uploads\/sites\/399\/2022\/08\/mulheres-em-tech-768x768.jpg 768w, https:\/\/www.ufsm.br\/app\/uploads\/sites\/399\/2022\/08\/mulheres-em-tech-1536x1536.jpg 1536w, https:\/\/www.ufsm.br\/app\/uploads\/sites\/399\/2022\/08\/mulheres-em-tech.jpg 1920w\" sizes=\"(max-width: 300px) 100vw, 300px\" \/>\t\t\t\t\t\t\t\t\t\t\t\t\t<\/div>\n\t\t\t\t<\/div>\n\t\t\t\t\t<\/div>\n\t\t<\/div>\n\t\t\t\t\t<\/div>\n\t\t<\/section>\n\t\t\t\t<\/div>\n\t\t","protected":false},"excerpt":{"rendered":"<p>Est\u00e3o abertas as inscri\u00e7\u00f5es para o Treinamento Mulheres em Tech &#8211; Lideran\u00e7as Inclusivas, com o objetivo de auxiliar mulheres pesquisadoras, profissionais ou empreendedoras das \u00e1reas de Ci\u00eancias, Tecnologia, Engenharia e Matem\u00e1tica que buscam desenvolver suas habilidades interpessoais e avan\u00e7ar em suas carreiras. A capacita\u00e7\u00e3o \u00e9 promovida pela AGITTEC, Pr\u00f3-Reitoria de P\u00f3s Gradua\u00e7\u00e3o e Pesquisa (PRPGP) [&hellip;]<\/p>\n","protected":false},"author":650,"featured_media":4442,"comment_status":"closed","ping_status":"closed","sticky":false,"template":"","format":"standard","meta":{"episode_type":"","audio_file":"","cover_image":"","cover_image_id":"","duration":"","filesize":"","date_recorded":"","explicit":"","block":"","filesize_raw":"","footnotes":""},"categories":[6],"tags":[],"class_list":["post-4441","post","type-post","status-publish","format-standard","has-post-thumbnail","hentry","category-noticias"],"acf":[],"_links":{"self":[{"href":"https:\/\/www.ufsm.br\/pro-reitorias\/proinova\/wp-json\/wp\/v2\/posts\/4441","targetHints":{"allow":["GET"]}}],"collection":[{"href":"https:\/\/www.ufsm.br\/pro-reitorias\/proinova\/wp-json\/wp\/v2\/posts"}],"about":[{"href":"https:\/\/www.ufsm.br\/pro-reitorias\/proinova\/wp-json\/wp\/v2\/types\/post"}],"author":[{"embeddable":true,"href":"https:\/\/www.ufsm.br\/pro-reitorias\/proinova\/wp-json\/wp\/v2\/users\/650"}],"replies":[{"embeddable":true,"href":"https:\/\/www.ufsm.br\/pro-reitorias\/proinova\/wp-json\/wp\/v2\/comments?post=4441"}],"version-history":[{"count":0,"href":"https:\/\/www.ufsm.br\/pro-reitorias\/proinova\/wp-json\/wp\/v2\/posts\/4441\/revisions"}],"wp:featuredmedia":[{"embeddable":true,"href":"https:\/\/www.ufsm.br\/pro-reitorias\/proinova\/wp-json\/wp\/v2\/media\/4442"}],"wp:attachment":[{"href":"https:\/\/www.ufsm.br\/pro-reitorias\/proinova\/wp-json\/wp\/v2\/media?parent=4441"}],"wp:term":[{"taxonomy":"category","embeddable":true,"href":"https:\/\/www.ufsm.br\/pro-reitorias\/proinova\/wp-json\/wp\/v2\/categories?post=4441"},{"taxonomy":"post_tag","embeddable":true,"href":"https:\/\/www.ufsm.br\/pro-reitorias\/proinova\/wp-json\/wp\/v2\/tags?post=4441"}],"curies":[{"name":"wp","href":"https:\/\/api.w.org\/{rel}","templated":true}]}}