{"id":4468,"date":"2022-08-24T17:07:35","date_gmt":"2022-08-24T20:07:35","guid":{"rendered":"https:\/\/www.ufsm.br\/orgaos-executivos\/agittec\/?p=4468"},"modified":"2022-08-25T14:04:24","modified_gmt":"2022-08-25T17:04:24","slug":"startups-da-pulsar-incubadora-tecnologica-da-ufsm-estarao-na-expointer","status":"publish","type":"post","link":"https:\/\/www.ufsm.br\/pro-reitorias\/proinova\/2022\/08\/24\/startups-da-pulsar-incubadora-tecnologica-da-ufsm-estarao-na-expointer","title":{"rendered":"Startups da Pulsar Incubadora Tecnol\u00f3gica da UFSM estar\u00e3o na Expointer"},"content":{"rendered":"\n<p><span style=\"font-weight: 400\">A <\/span><a href=\"https:\/\/www.expointer.rs.gov.br\/inicial\"><span style=\"font-weight: 400\">Expointer<\/span><\/a> <span style=\"font-weight: 400\">\u00e9 considerada a maior feira agropecu\u00e1ria da Am\u00e9rica Latina, e ser\u00e1 realizada entre os dias 27 de agosto e 04 de setembro no <\/span><a href=\"https:\/\/www.expointer.rs.gov.br\/mapa-do-parque\"><span style=\"font-weight: 400\">Parque Estadual de Exposi\u00e7\u00f5es Assis Brasil<\/span><\/a><span style=\"font-weight: 400\">, na cidade de Esteio (RS). Durante o evento, 4 Startups da Pulsar, Incubadora Tecnol\u00f3gica da UFSM, estar\u00e3o presentes no RS Innovation Agro, espa\u00e7o da Feira dedicado \u00e0 mostra de inova\u00e7\u00f5es e tecnologias para o setor.\u00a0<\/span><\/p>\n<p><span style=\"font-weight: 400\">Para o gestor da Pulsar, Anderson Paim, a participa\u00e7\u00e3o das startups no evento \u00e9 uma oportunidade para apresentar as solu\u00e7\u00f5es tecnol\u00f3gicas que atendem o Agro. \u201cA iniciativa do RS Innovation Agro \u00e9 extremamente importante em um evento como a Expointer, que tem uma proje\u00e7\u00e3o internacional. Nossas empresas de base tecnol\u00f3gica, as startups, apresentar\u00e3o suas tecnologias integrada ao\u00a0 desenvolvimento desse segmento t\u00e3o relevante no nosso estado\u201d.\u00a0<\/span><\/p>\n<p><span style=\"font-weight: 400\">Al\u00e9m da participa\u00e7\u00e3o das startups, a Superintendente do Parque de Inova\u00e7\u00e3o, Ci\u00eancia e Tecnologia da UFSM, Maria Daniele Dutra e o Assessor Estrat\u00e9gico do Gabinete, professor H\u00e9lio Hey, integram os pain\u00e9is da Rede de Inova\u00e7\u00e3o do Agroneg\u00f3cio do RS (Riagro\/RS).<\/span><\/p>\n<p>\u00a0<\/p>\n<p><b>Confira a participa\u00e7\u00e3o da UFSM na Expointer:<\/b><\/p>\n<ul>\n<li><b>Startup Lupora:<\/b><\/li>\n<\/ul>\n<p><b>Estande:<\/b><span style=\"font-weight: 400\"> 27 e 28 de agosto<\/span><\/p>\n<p><b>Pitch:<\/b><span style=\"font-weight: 400\"> 29 de agosto das 12 \u00e0s 13 horas.<\/span><\/p>\n<p><br \/><b><\/b><\/p>\n<ul>\n<li><b>Startup <\/b><a href=\"https:\/\/weecaps.com.br\"><b>Weecaps<\/b><\/a><b>:<\/b><\/li>\n<\/ul>\n<p><b>Estande:<\/b><span style=\"font-weight: 400\"> 29 e 30 de agosto<\/span><\/p>\n<p><b>Pitch:<\/b><span style=\"font-weight: 400\"> 30 de agosto das 17 \u00e0s 18 horas.<\/span><\/p>\n<p><br \/><b><\/b><\/p>\n<ul>\n<li><b>Startup <\/b><a href=\"https:\/\/www.cropsteam.com\"><b>Crops Team<\/b><\/a><b>:<\/b><\/li>\n<\/ul>\n<p><b>Estande:<\/b><span style=\"font-weight: 400\"> 02, 03 e 04 de setembro<\/span><\/p>\n<p><b>Pitch: <\/b><span style=\"font-weight: 400\">02 de setembro das 12 \u00e0s 13 horas.<\/span><\/p>\n<p><br \/><b><\/b><\/p>\n<ul>\n<li><b>Startup <\/b><a href=\"https:\/\/zeitbr.com.br\"><b>Zeit<\/b>\u00a0<\/a><b>:<\/b><\/li>\n<\/ul>\n<p><b>Pr\u00eamio &#8220;O Futuro da Terra&#8221;: <\/b><span style=\"font-weight: 400\">29 de agosto, \u00e0s 19 horas.\u00a0<\/span><\/p>\n<p><br \/><b><\/b><\/p>\n<ul>\n<li><b>Startup <a href=\"https:\/\/www.performancevegetal.com.br\/\">Performance Vegetal <\/a><\/b><b>:<\/b><\/li>\n<\/ul>\n<p><span style=\"font-weight: 400\"><strong>Pitch:<\/strong> dia 02 de setembro das 17h \u00e0s 18h <\/span><\/p>\n<p>\u00a0<\/p>\n<ul>\n<li><b>Pain\u00e9is Riagro:<\/b><\/li>\n<\/ul>\n<p><b>&#8220;Riagro\/RS: panoramas e perspectivas&#8221;: <\/b><span style=\"font-weight: 400\">Dia 01 de setembro, das 16 \u00e0s 17 horas, com Maria Danielle Dutra, Superintendente do Parque de Inova\u00e7\u00e3o, Ci\u00eancia e Tecnologia da UFSM.\u00a0<\/span><\/p>\n<p>\u00a0<\/p>\n<p><b>&#8220;A estrat\u00e9gia de inova\u00e7\u00e3o aberta no RS&#8221;<\/b><span style=\"font-weight: 400\">: Dia 02 de setembro, das 15 \u00e0s 16 horas, com o professor H\u00e9lio Hey, Assessor Estrat\u00e9gico do Gabinete.<\/span><\/p>\n<p>\u00a0<\/p>\n<p><b>Mais sobre a Riagro\/RS:<\/b><\/p>\n<p>\u00a0<\/p>\n<p><span style=\"font-weight: 400\">A Rede de Inova\u00e7\u00e3o do Agroneg\u00f3cio do RS (RIAGRO-RS), possui o intuito de constituir uma a\u00e7\u00e3o coletiva, agregando as melhores compet\u00eancias e talentos das principais Institui\u00e7\u00f5es de Ci\u00eancia e Tecnologia do Estado, para transformar\u00a0 conhecimento em desenvolvimento \u00e0 sociedade, com a\u00e7\u00f5es focadas no agroneg\u00f3cio. A UFSM, por meio do Parque de Inova\u00e7\u00e3o, Ci\u00eancia e Tecnologia, est\u00e1 entre as 19 institui\u00e7\u00f5es de fomento \u00e0 inova\u00e7\u00e3o que fazem parte da Rede.\u00a0<\/span><\/p>\n<p>\u00a0<\/p>\n<p><i><span style=\"font-weight: 400\">Texto: Paola Jung, jornalista colaboradora da Assessoria de Comunica\u00e7\u00e3o da Pulsar Incubadora Tecnol\u00f3gica da UFSM.\u00a0<\/span><\/i><\/p>\n","protected":false},"excerpt":{"rendered":"<p>A Expointer \u00e9 considerada a maior feira agropecu\u00e1ria da Am\u00e9rica Latina, e ser\u00e1 realizada entre os dias 27 de agosto e 04 de setembro no Parque Estadual de Exposi\u00e7\u00f5es Assis Brasil, na cidade de Esteio (RS). Durante o evento, 4 Startups da Pulsar, Incubadora Tecnol\u00f3gica da UFSM, estar\u00e3o presentes no RS Innovation Agro, espa\u00e7o da [&hellip;]<\/p>\n","protected":false},"author":650,"featured_media":4469,"comment_status":"closed","ping_status":"closed","sticky":false,"template":"","format":"standard","meta":{"episode_type":"","audio_file":"","cover_image":"","cover_image_id":"","duration":"","filesize":"","date_recorded":"","explicit":"","block":"","filesize_raw":"","footnotes":""},"categories":[6],"tags":[],"class_list":["post-4468","post","type-post","status-publish","format-standard","has-post-thumbnail","hentry","category-noticias"],"acf":[],"_links":{"self":[{"href":"https:\/\/www.ufsm.br\/pro-reitorias\/proinova\/wp-json\/wp\/v2\/posts\/4468","targetHints":{"allow":["GET"]}}],"collection":[{"href":"https:\/\/www.ufsm.br\/pro-reitorias\/proinova\/wp-json\/wp\/v2\/posts"}],"about":[{"href":"https:\/\/www.ufsm.br\/pro-reitorias\/proinova\/wp-json\/wp\/v2\/types\/post"}],"author":[{"embeddable":true,"href":"https:\/\/www.ufsm.br\/pro-reitorias\/proinova\/wp-json\/wp\/v2\/users\/650"}],"replies":[{"embeddable":true,"href":"https:\/\/www.ufsm.br\/pro-reitorias\/proinova\/wp-json\/wp\/v2\/comments?post=4468"}],"version-history":[{"count":0,"href":"https:\/\/www.ufsm.br\/pro-reitorias\/proinova\/wp-json\/wp\/v2\/posts\/4468\/revisions"}],"wp:featuredmedia":[{"embeddable":true,"href":"https:\/\/www.ufsm.br\/pro-reitorias\/proinova\/wp-json\/wp\/v2\/media\/4469"}],"wp:attachment":[{"href":"https:\/\/www.ufsm.br\/pro-reitorias\/proinova\/wp-json\/wp\/v2\/media?parent=4468"}],"wp:term":[{"taxonomy":"category","embeddable":true,"href":"https:\/\/www.ufsm.br\/pro-reitorias\/proinova\/wp-json\/wp\/v2\/categories?post=4468"},{"taxonomy":"post_tag","embeddable":true,"href":"https:\/\/www.ufsm.br\/pro-reitorias\/proinova\/wp-json\/wp\/v2\/tags?post=4468"}],"curies":[{"name":"wp","href":"https:\/\/api.w.org\/{rel}","templated":true}]}}