{"id":4479,"date":"2022-09-06T09:51:49","date_gmt":"2022-09-06T12:51:49","guid":{"rendered":"https:\/\/www.ufsm.br\/orgaos-executivos\/agittec\/?p=4479"},"modified":"2022-09-06T09:53:52","modified_gmt":"2022-09-06T12:53:52","slug":"fapergs-lanca-edital-para-selecao-de-projetos-multidisciplinares-cientificos-e-tecnologicos-para-o-desenvolvimento-de-agrotecnologias","status":"publish","type":"post","link":"https:\/\/www.ufsm.br\/pro-reitorias\/proinova\/2022\/09\/06\/fapergs-lanca-edital-para-selecao-de-projetos-multidisciplinares-cientificos-e-tecnologicos-para-o-desenvolvimento-de-agrotecnologias","title":{"rendered":"FAPERGS lan\u00e7a edital para sele\u00e7\u00e3o de projetos multidisciplinares, cient\u00edficos e tecnol\u00f3gicos para o desenvolvimento de Agrotecnologias"},"content":{"rendered":"\n<p>O Inova Agro, novo edital da Funda\u00e7\u00e3o de Amparo \u00e0 Pesquisa do Estado do Rio Grande do Sul (Fapergs), vinculada \u00e0 Secretaria de Inova\u00e7\u00e3o, Ci\u00eancia e Tecnologia do Rio Grande do Sul, foi lan\u00e7ado em evento, nesta quinta-feira (1\/9), no RS Innovation Agro Stage, palco da inova\u00e7\u00e3o na 45\u00aa Expointer, em Esteio. Ser\u00e3o aportados R$ 7,5 milh\u00f5es destinados a projetos multidisciplinares, cient\u00edficos e tecnol\u00f3gicos para o desenvolvimento do agroneg\u00f3cio ga\u00facho.<\/p>\n<p>O objetivo do edital \u00e9 apoiar equipes de pesquisa instaladas no Rio Grande do Sul cujo foco seja a inova\u00e7\u00e3o de produtos e processos abrangendo pelo menos um dos seguintes temas: agronomia, recursos florestais e engenharia florestal; ci\u00eancia e tecnologia de alimentos; engenharia agr\u00edcola; e\/ou medicina veterin\u00e1ria, zootecnia e recursos pesqueiros. Pessoas f\u00edsicas vinculadas a Institui\u00e7\u00e3o de Ci\u00eancia e Tecnologia (ICT), empresas de pequeno e m\u00e9dio porte e startups s\u00e3o o p\u00fablico-alvo, sendo que parcerias entre ICTs e empresas ser\u00e3o priorizadas.<\/p>\n<p>A iniciativa visa estimular a pesquisa e a gera\u00e7\u00e3o de tecnologia e inova\u00e7\u00e3o no universo agro. \u201cH\u00e1 alguns crit\u00e9rios de avalia\u00e7\u00e3o. Ser\u00e3o considerados, por exemplo, o m\u00e9rito e originalidade cient\u00edfica\/tecnol\u00f3gica da proposta, o potencial de inova\u00e7\u00e3o e a capacita\u00e7\u00e3o da equipe executora\u201d, disse o diretor t\u00e9cnico-cient\u00edfico da Fapergs, Rafael Roesler.<\/p>\n<p>As propostas devem ser submetidas at\u00e9 21 de outubro, e a divulga\u00e7\u00e3o do resultado final deve ocorrer a partir de 17 de novembro. Os projetos aprovados ter\u00e3o o prazo m\u00e1ximo de 36 meses para execu\u00e7\u00e3o. O edital completo est\u00e1 dispon\u00edvel em: fapergs.rs.gov.br.<\/p>\n<p>O lan\u00e7amento contou com a presen\u00e7a do secret\u00e1rio Alsones Balestrin (Sict), que destacou que o investimento em projetos de fomento ao agroneg\u00f3cio j\u00e1 atingiu a marca de R$ 38,5 milh\u00f5es. \u201cEsse n\u00e3o \u00e9 o primeiro investimento de inova\u00e7\u00e3o no agroneg\u00f3cio, mas um edital exclusivo ao setor privilegia a import\u00e2ncia desse segmento para o desenvolvimento do Estado. Isso \u00e9 algo muito importante para fomentarmos ainda mais o nosso agroneg\u00f3cio\u201d, afirmou.<br \/><br \/><\/p>\n<p>Sobre o RS Innovation Agro<\/p>\n<p>O RS Innovation Agro \u00e9 o primeiro espa\u00e7o voltado exclusivamente para inova\u00e7\u00e3o agro na Expointer, e sua programa\u00e7\u00e3o segue at\u00e9 o encerramento da feira, no domingo (4\/9). A iniciativa \u00e9 uma realiza\u00e7\u00e3o da Federa\u00e7\u00e3o Brasileira das Associa\u00e7\u00f5es de Criadores de Animais de Ra\u00e7a (Febrac) com apoio estrat\u00e9gico da Sict.<br \/>O ambiente consiste em um hub para compartilhar, debater e divulgar solu\u00e7\u00f5es tecnol\u00f3gicas e de inova\u00e7\u00e3o no setor do agroneg\u00f3cio e acontece dentro da Casa da Febrac, na Avenida Boulevard, dentro do Parque de Exposi\u00e7\u00f5es Assis Brasil, em Esteio. O evento conta com a exposi\u00e7\u00e3o de mais de 60 startups e 10 empresas, al\u00e9m da participa\u00e7\u00e3o de mais de 100 speakers. Entre seus principais espa\u00e7os est\u00e3o o RS Innovation Agro Stage, onde s\u00e3o realizados pain\u00e9is, palestras e apresenta\u00e7\u00f5es de startups.<\/p>\n<p>Texto: Secom e Ascom Sict<br \/>Edi\u00e7\u00e3o: Secom<\/p>\n<p>\u00a0<\/p>\n<p><a href=\"https:\/\/fapergs.rs.gov.br\/edital-fapergs-sict-06-2022-inova-agro\">Acesse o Edital no site da FAPERGS<\/a><br \/><br \/>Fonte: <a href=\"https:\/\/fapergs.rs.gov.br\/edital-inova-agro-e-lancado-na-expointer\">FAPERGS<\/a><\/p>\n","protected":false},"excerpt":{"rendered":"<p>O Inova Agro, novo edital da Funda\u00e7\u00e3o de Amparo \u00e0 Pesquisa do Estado do Rio Grande do Sul (Fapergs), vinculada \u00e0 Secretaria de Inova\u00e7\u00e3o, Ci\u00eancia e Tecnologia do Rio Grande do Sul, foi lan\u00e7ado em evento, nesta quinta-feira (1\/9), no RS Innovation Agro Stage, palco da inova\u00e7\u00e3o na 45\u00aa Expointer, em Esteio. Ser\u00e3o aportados R$ [&hellip;]<\/p>\n","protected":false},"author":650,"featured_media":4480,"comment_status":"closed","ping_status":"closed","sticky":false,"template":"","format":"standard","meta":{"episode_type":"","audio_file":"","cover_image":"","cover_image_id":"","duration":"","filesize":"","date_recorded":"","explicit":"","block":"","filesize_raw":"","footnotes":""},"categories":[6],"tags":[],"class_list":["post-4479","post","type-post","status-publish","format-standard","has-post-thumbnail","hentry","category-noticias"],"acf":[],"_links":{"self":[{"href":"https:\/\/www.ufsm.br\/pro-reitorias\/proinova\/wp-json\/wp\/v2\/posts\/4479","targetHints":{"allow":["GET"]}}],"collection":[{"href":"https:\/\/www.ufsm.br\/pro-reitorias\/proinova\/wp-json\/wp\/v2\/posts"}],"about":[{"href":"https:\/\/www.ufsm.br\/pro-reitorias\/proinova\/wp-json\/wp\/v2\/types\/post"}],"author":[{"embeddable":true,"href":"https:\/\/www.ufsm.br\/pro-reitorias\/proinova\/wp-json\/wp\/v2\/users\/650"}],"replies":[{"embeddable":true,"href":"https:\/\/www.ufsm.br\/pro-reitorias\/proinova\/wp-json\/wp\/v2\/comments?post=4479"}],"version-history":[{"count":0,"href":"https:\/\/www.ufsm.br\/pro-reitorias\/proinova\/wp-json\/wp\/v2\/posts\/4479\/revisions"}],"wp:featuredmedia":[{"embeddable":true,"href":"https:\/\/www.ufsm.br\/pro-reitorias\/proinova\/wp-json\/wp\/v2\/media\/4480"}],"wp:attachment":[{"href":"https:\/\/www.ufsm.br\/pro-reitorias\/proinova\/wp-json\/wp\/v2\/media?parent=4479"}],"wp:term":[{"taxonomy":"category","embeddable":true,"href":"https:\/\/www.ufsm.br\/pro-reitorias\/proinova\/wp-json\/wp\/v2\/categories?post=4479"},{"taxonomy":"post_tag","embeddable":true,"href":"https:\/\/www.ufsm.br\/pro-reitorias\/proinova\/wp-json\/wp\/v2\/tags?post=4479"}],"curies":[{"name":"wp","href":"https:\/\/api.w.org\/{rel}","templated":true}]}}