{"id":4526,"date":"2022-09-30T14:21:41","date_gmt":"2022-09-30T17:21:41","guid":{"rendered":"https:\/\/www.ufsm.br\/orgaos-executivos\/agittec\/?p=4526"},"modified":"2022-09-30T14:59:18","modified_gmt":"2022-09-30T17:59:18","slug":"servidores-da-agittec-viajam-a-belo-horizonte-para-cumprir-agenda-relacionada-a-inovacao-propriedade-intelectual-e-transferencia-de-tecnologia","status":"publish","type":"post","link":"https:\/\/www.ufsm.br\/pro-reitorias\/proinova\/2022\/09\/30\/servidores-da-agittec-viajam-a-belo-horizonte-para-cumprir-agenda-relacionada-a-inovacao-propriedade-intelectual-e-transferencia-de-tecnologia","title":{"rendered":"Servidores da Agittec viajam a Belo Horizonte para cumprir agenda relacionada \u00e0 inova\u00e7\u00e3o, propriedade intelectual e transfer\u00eancia de tecnologia"},"content":{"rendered":"\t\t<div data-elementor-type=\"wp-post\" data-elementor-id=\"4526\" class=\"elementor elementor-4526\">\n\t\t\t\t\t\t<section class=\"elementor-section elementor-top-section elementor-element elementor-element-24d8990 elementor-section-boxed elementor-section-height-default elementor-section-height-default\" data-id=\"24d8990\" data-element_type=\"section\">\n\t\t\t\t\t\t<div class=\"elementor-container elementor-column-gap-default\">\n\t\t\t\t\t<div class=\"elementor-column elementor-col-100 elementor-top-column elementor-element elementor-element-b8bd53d\" data-id=\"b8bd53d\" data-element_type=\"column\">\n\t\t\t<div class=\"elementor-widget-wrap elementor-element-populated\">\n\t\t\t\t\t\t<div class=\"elementor-element elementor-element-38b76c7 elementor-widget elementor-widget-text-editor\" data-id=\"38b76c7\" data-element_type=\"widget\" data-widget_type=\"text-editor.default\">\n\t\t\t\t<div class=\"elementor-widget-container\">\n\t\t\t\t\t\t\t<p><span style=\"font-weight: 400\">Os servidores Lauren Lorenzoni (coordenadora de transfer\u00eancia de tecnologia e propriedade intelectual), Daniel Arenhardt (chefe do n\u00facleo de prospec\u00e7\u00e3o e valora\u00e7\u00e3o) e Lovaina Ribeiro (chefe do n\u00facleo de apoio a projetos) estiveram em Belo Horizonte nos dias 26 e 27 de novembro para debater e compartilhar pr\u00e1ticas relacionadas \u00e0 inova\u00e7\u00e3o, propriedade intelectual e transfer\u00eancia de tecnologia.\u00a0<\/span><\/p><p><span style=\"font-weight: 400\">A comitiva da Ag\u00eancia participou, nesta segunda-feira (26\/09), de agendas na capital mineira, para discutir e compartilhar pr\u00e1ticas relacionadas \u00e0 inova\u00e7\u00e3o, propriedade intelectual e transfer\u00eancia de tecnologia. Al\u00e9m disso, aproveitaram a viagem para conhecer ambientes de inova\u00e7\u00e3o da capital mineira.<\/span><\/p><p><span style=\"font-weight: 400\">O primeiro compromisso do dia ocorreu na Universidade Federal de Minas Gerais, especificamente na Coordenadoria de Transfer\u00eancia e Inova\u00e7\u00e3o Tecnol\u00f3gica (CTIT) da Institui\u00e7\u00e3o. A reuni\u00e3o teve por objetivo a troca de experi\u00eancias de ambas as equipes e a discuss\u00e3o das melhores pr\u00e1ticas na condu\u00e7\u00e3o de demandas relacionadas \u00e0 prote\u00e7\u00e3o de tecnologias e sua transfer\u00eancia \u00e0 sociedade. Temas como Pol\u00edtica de Inova\u00e7\u00e3o, prospec\u00e7\u00e3o de parcerias, metodologias de valora\u00e7\u00e3o de ativos, abandono de ativos e cess\u00e3o de tecnologias estiveram como pautas da reuni\u00e3o. Atualmente, a CTIT conta com 42 colaboradores e tem se destacado no cen\u00e1rio nacional nas \u00e1reas de prote\u00e7\u00e3o e transfer\u00eancia de tecnologia. Seu portf\u00f3lio conta com mais de 1.500 tecnologias protegidas e mais de 150 licenciamentos realizados.<\/span><\/p>\t\t\t\t\t\t<\/div>\n\t\t\t\t<\/div>\n\t\t\t\t\t<\/div>\n\t\t<\/div>\n\t\t\t\t\t<\/div>\n\t\t<\/section>\n\t\t\t\t<section class=\"elementor-section elementor-top-section elementor-element elementor-element-78f6c18 elementor-section-boxed elementor-section-height-default elementor-section-height-default\" data-id=\"78f6c18\" data-element_type=\"section\">\n\t\t\t\t\t\t<div class=\"elementor-container elementor-column-gap-default\">\n\t\t\t\t\t<div class=\"elementor-column elementor-col-100 elementor-top-column elementor-element elementor-element-6f9c19d\" data-id=\"6f9c19d\" data-element_type=\"column\">\n\t\t\t<div class=\"elementor-widget-wrap elementor-element-populated\">\n\t\t\t\t\t\t<div class=\"elementor-element elementor-element-c8cc569 elementor-widget elementor-widget-image\" data-id=\"c8cc569\" data-element_type=\"widget\" data-widget_type=\"image.default\">\n\t\t\t\t<div class=\"elementor-widget-container\">\n\t\t\t\t\t\t\t\t\t\t<figure class=\"wp-caption\">\n\t\t\t\t\t\t\t\t\t\t<img fetchpriority=\"high\" decoding=\"async\" width=\"768\" height=\"592\" src=\"https:\/\/www.ufsm.br\/app\/uploads\/sites\/399\/2022\/09\/Foto-1-CTIT-1-768x592.jpeg\" class=\"attachment-medium_large size-medium_large wp-image-4528\" alt=\"\" srcset=\"https:\/\/www.ufsm.br\/app\/uploads\/sites\/399\/2022\/09\/Foto-1-CTIT-1-768x592.jpeg 768w, https:\/\/www.ufsm.br\/app\/uploads\/sites\/399\/2022\/09\/Foto-1-CTIT-1-300x231.jpeg 300w, https:\/\/www.ufsm.br\/app\/uploads\/sites\/399\/2022\/09\/Foto-1-CTIT-1.jpeg 959w\" sizes=\"(max-width: 768px) 100vw, 768px\" \/>\t\t\t\t\t\t\t\t\t\t\t<figcaption class=\"widget-image-caption wp-caption-text\">Servidores da Agittec com a Coordenadoria de Transfer\u00eancia e Inova\u00e7\u00e3o Tecnol\u00f3gica (CTIT)<\/figcaption>\n\t\t\t\t\t\t\t\t\t\t<\/figure>\n\t\t\t\t\t\t\t<\/div>\n\t\t\t\t<\/div>\n\t\t\t\t\t<\/div>\n\t\t<\/div>\n\t\t\t\t\t<\/div>\n\t\t<\/section>\n\t\t\t\t<section class=\"elementor-section elementor-top-section elementor-element elementor-element-6db62b8 elementor-section-boxed elementor-section-height-default elementor-section-height-default\" data-id=\"6db62b8\" data-element_type=\"section\">\n\t\t\t\t\t\t<div class=\"elementor-container elementor-column-gap-default\">\n\t\t\t\t\t<div class=\"elementor-column elementor-col-100 elementor-top-column elementor-element elementor-element-e002be4\" data-id=\"e002be4\" data-element_type=\"column\">\n\t\t\t<div class=\"elementor-widget-wrap elementor-element-populated\">\n\t\t\t\t\t\t<div class=\"elementor-element elementor-element-e2b0b53 elementor-widget elementor-widget-text-editor\" data-id=\"e2b0b53\" data-element_type=\"widget\" data-widget_type=\"text-editor.default\">\n\t\t\t\t<div class=\"elementor-widget-container\">\n\t\t\t\t\t\t\t<p>O segundo compromisso ocorreu no in\u00edcio da tarde, juntamente com a Funda\u00e7\u00e3o de Desenvolvimento da Pesquisa (FUNDEP). Os servidores da AGITTEC tiveram a oportunidade de conhecer e interagir com v\u00e1rios departamentos vinculados \u00e0 Funda\u00e7\u00e3o, como setor de Compras, setor de Importa\u00e7\u00f5es, Rota2030 e Gest\u00e3o de Projetos. Demandas espec\u00edficas levadas pelos servidores da Ag\u00eancia (relacionadas a projetos da Institui\u00e7\u00e3o) foram abordadas e discutidas com a equipe da FUNDEP. Al\u00e9m disso, uma breve apresenta\u00e7\u00e3o do setor de Prospec\u00e7\u00e3o de Parcerias e setor de Inova\u00e7\u00e3o e Empreendedorismo foi realizada pela Funda\u00e7\u00e3o, momento em que foi poss\u00edvel trocar experi\u00eancias sobre as pr\u00e1ticas adotadas por ambas Institui\u00e7\u00f5es. A agenda encerrou-se com uma r\u00e1pida reuni\u00e3o com o diretor da Funda\u00e7\u00e3o, o professor Walmir Matos Caminha.<\/p>\t\t\t\t\t\t<\/div>\n\t\t\t\t<\/div>\n\t\t\t\t\t<\/div>\n\t\t<\/div>\n\t\t\t\t\t<\/div>\n\t\t<\/section>\n\t\t\t\t<section class=\"elementor-section elementor-top-section elementor-element elementor-element-e1ba1ca elementor-section-boxed elementor-section-height-default elementor-section-height-default\" data-id=\"e1ba1ca\" data-element_type=\"section\">\n\t\t\t\t\t\t<div class=\"elementor-container elementor-column-gap-default\">\n\t\t\t\t\t<div class=\"elementor-column elementor-col-100 elementor-top-column elementor-element elementor-element-79563c7\" data-id=\"79563c7\" data-element_type=\"column\">\n\t\t\t<div class=\"elementor-widget-wrap elementor-element-populated\">\n\t\t\t\t\t\t<div class=\"elementor-element elementor-element-2a78b3d elementor-widget elementor-widget-image\" data-id=\"2a78b3d\" data-element_type=\"widget\" data-widget_type=\"image.default\">\n\t\t\t\t<div class=\"elementor-widget-container\">\n\t\t\t\t\t\t\t\t\t\t<figure class=\"wp-caption\">\n\t\t\t\t\t\t\t\t\t\t<img decoding=\"async\" width=\"768\" height=\"576\" src=\"https:\/\/www.ufsm.br\/app\/uploads\/sites\/399\/2022\/09\/Foto-3-FUNDEP-ROTA-768x576.jpeg\" class=\"attachment-medium_large size-medium_large wp-image-4529\" alt=\"\" srcset=\"https:\/\/www.ufsm.br\/app\/uploads\/sites\/399\/2022\/09\/Foto-3-FUNDEP-ROTA-768x576.jpeg 768w, https:\/\/www.ufsm.br\/app\/uploads\/sites\/399\/2022\/09\/Foto-3-FUNDEP-ROTA-300x225.jpeg 300w, https:\/\/www.ufsm.br\/app\/uploads\/sites\/399\/2022\/09\/Foto-3-FUNDEP-ROTA-1024x768.jpeg 1024w, https:\/\/www.ufsm.br\/app\/uploads\/sites\/399\/2022\/09\/Foto-3-FUNDEP-ROTA.jpeg 1280w\" sizes=\"(max-width: 768px) 100vw, 768px\" \/>\t\t\t\t\t\t\t\t\t\t\t<figcaption class=\"widget-image-caption wp-caption-text\">Servidores da Agittec na Funda\u00e7\u00e3o de Desenvolvimento da Pesquisa (FUNDEP)<\/figcaption>\n\t\t\t\t\t\t\t\t\t\t<\/figure>\n\t\t\t\t\t\t\t<\/div>\n\t\t\t\t<\/div>\n\t\t\t\t\t<\/div>\n\t\t<\/div>\n\t\t\t\t\t<\/div>\n\t\t<\/section>\n\t\t\t\t<section class=\"elementor-section elementor-top-section elementor-element elementor-element-012f0cb elementor-section-boxed elementor-section-height-default elementor-section-height-default\" data-id=\"012f0cb\" data-element_type=\"section\">\n\t\t\t\t\t\t<div class=\"elementor-container elementor-column-gap-default\">\n\t\t\t\t\t<div class=\"elementor-column elementor-col-100 elementor-top-column elementor-element elementor-element-7fad9a8\" data-id=\"7fad9a8\" data-element_type=\"column\">\n\t\t\t<div class=\"elementor-widget-wrap elementor-element-populated\">\n\t\t\t\t\t\t<div class=\"elementor-element elementor-element-798978d elementor-widget elementor-widget-text-editor\" data-id=\"798978d\" data-element_type=\"widget\" data-widget_type=\"text-editor.default\">\n\t\t\t\t<div class=\"elementor-widget-container\">\n\t\t\t\t\t\t\t<p><span style=\"font-weight: 400\">Na sequ\u00eancia, os servidores da AGITTEC foram conhecer o hub de inova\u00e7\u00e3o \u201c\u00d3rbi Conecta\u201d. O ambiente, projetado e constru\u00eddo por startups da comunidade San Pedro Valley e pelas empresas MRV, Localiza e Banco\u00a0 Inter, foi idealizado para impulsionar o mercado de tecnologia, bem como conectar o ecossistema de inova\u00e7\u00e3o a grandes corpora\u00e7\u00f5es do mercado. O espa\u00e7o conta com esta\u00e7\u00f5es de trabalho compartilhadas, salas de reuni\u00f5es, audit\u00f3rios e ambientes que estimulam a intera\u00e7\u00e3o. Os servidores da Agittec tiveram a oportunidade de conversar com a respons\u00e1vel pelo ambiente e de entender como ocorre o gerenciamento do espa\u00e7o.<\/span><\/p><p><span style=\"font-weight: 400\">E por \u00faltimo, a comitiva da AGITTEC foi conhecer o P7 Criativo, que \u00e9 o 1\u00b0 hub de inova\u00e7\u00e3o e economia criativa do Brasil. L\u00e1 foram recebidos pela M\u00e1rcia de Azevedo, e pela Graziela Nazareth respons\u00e1vel pelo setor de neg\u00f3cios e eventos. O P7 est\u00e1 instalado na Pra\u00e7a Sete, no centro de Belo Horizonte, o edif\u00edcio foi projetado por Oscar Niemeyer em 1953, revitalizado com investimentos de R $56,2 milh\u00f5es. Os 25 andares do edif\u00edcio contar\u00e3o com 10 andares para empresas \u00e2ncoras, incubadoras, aceleradoras. 4 andares de coworking, 2 andares para a escola de tecnologia da Fran\u00e7a, al\u00e9m de museu, biblioteca digital, audit\u00f3rio, laborat\u00f3rio de design e restaurante. Um espa\u00e7o como esse facilitar\u00e1 a cria\u00e7\u00e3o de um ecossistema colaborativo estimulando o surgimento de ideias e favorecendo as intera\u00e7\u00f5es profissionais, promovendo com certeza grandes transforma\u00e7\u00f5es para a sociedade como um todo.<\/span><\/p>\t\t\t\t\t\t<\/div>\n\t\t\t\t<\/div>\n\t\t\t\t\t<\/div>\n\t\t<\/div>\n\t\t\t\t\t<\/div>\n\t\t<\/section>\n\t\t\t\t<section class=\"elementor-section elementor-top-section elementor-element elementor-element-4d12751 elementor-section-boxed elementor-section-height-default elementor-section-height-default\" data-id=\"4d12751\" data-element_type=\"section\">\n\t\t\t\t\t\t<div class=\"elementor-container elementor-column-gap-default\">\n\t\t\t\t\t<div class=\"elementor-column elementor-col-100 elementor-top-column elementor-element elementor-element-6e1a389\" data-id=\"6e1a389\" data-element_type=\"column\">\n\t\t\t<div class=\"elementor-widget-wrap elementor-element-populated\">\n\t\t\t\t\t\t<div class=\"elementor-element elementor-element-812d8f8 elementor-widget elementor-widget-image\" data-id=\"812d8f8\" data-element_type=\"widget\" data-widget_type=\"image.default\">\n\t\t\t\t<div class=\"elementor-widget-container\">\n\t\t\t\t\t\t\t\t\t\t<figure class=\"wp-caption\">\n\t\t\t\t\t\t\t\t\t\t<img decoding=\"async\" width=\"768\" height=\"576\" src=\"https:\/\/www.ufsm.br\/app\/uploads\/sites\/399\/2022\/09\/Foto-5-p7-768x576.jpeg\" class=\"attachment-medium_large size-medium_large wp-image-4530\" alt=\"\" srcset=\"https:\/\/www.ufsm.br\/app\/uploads\/sites\/399\/2022\/09\/Foto-5-p7-768x576.jpeg 768w, https:\/\/www.ufsm.br\/app\/uploads\/sites\/399\/2022\/09\/Foto-5-p7-300x225.jpeg 300w, https:\/\/www.ufsm.br\/app\/uploads\/sites\/399\/2022\/09\/Foto-5-p7-1024x768.jpeg 1024w, https:\/\/www.ufsm.br\/app\/uploads\/sites\/399\/2022\/09\/Foto-5-p7.jpeg 1280w\" sizes=\"(max-width: 768px) 100vw, 768px\" \/>\t\t\t\t\t\t\t\t\t\t\t<figcaption class=\"widget-image-caption wp-caption-text\">Servidores da Agittec no P7 Criativo em Belo Horizonte<\/figcaption>\n\t\t\t\t\t\t\t\t\t\t<\/figure>\n\t\t\t\t\t\t\t<\/div>\n\t\t\t\t<\/div>\n\t\t\t\t\t<\/div>\n\t\t<\/div>\n\t\t\t\t\t<\/div>\n\t\t<\/section>\n\t\t\t\t<section class=\"elementor-section elementor-top-section elementor-element elementor-element-a40df42 elementor-section-boxed elementor-section-height-default elementor-section-height-default\" data-id=\"a40df42\" data-element_type=\"section\">\n\t\t\t\t\t\t<div class=\"elementor-container elementor-column-gap-default\">\n\t\t\t\t\t<div class=\"elementor-column elementor-col-100 elementor-top-column elementor-element elementor-element-8689edc\" data-id=\"8689edc\" data-element_type=\"column\">\n\t\t\t<div class=\"elementor-widget-wrap elementor-element-populated\">\n\t\t\t\t\t\t<div class=\"elementor-element elementor-element-5570f9d elementor-widget elementor-widget-text-editor\" data-id=\"5570f9d\" data-element_type=\"widget\" data-widget_type=\"text-editor.default\">\n\t\t\t\t<div class=\"elementor-widget-container\">\n\t\t\t\t\t\t\t<p><span style=\"font-weight: 400\">No segundo dia de viagem, os servidores da AGITTEC foram recebidos no parque tecnol\u00f3gico BH.Tec, pela gestora de projetos de sustentabilidade, Camila de Oliveira. O parque agora \u00e9 uma incubadora tecnol\u00f3gica e foi desenvolvido para somar com o ecossistema j\u00e1 estruturado em BH na linha de sustentabilidade, promovendo conex\u00f5es abertas com as empresas. O parque possui um Hub de inova\u00e7\u00e3o multifuncional o qual contempla programas de acelera\u00e7\u00e3o e incuba\u00e7\u00e3o, assessoramento empresarial; soft landing para instala\u00e7\u00e3o de empresas nacionais e internacionais o qual conta hoje com 26 empresas residentes; consultoria em transfer\u00eancia de tecnologia; coworking; espa\u00e7os para cocria\u00e7\u00e3o, demonstra\u00e7\u00e3o de projetos e rodadas de neg\u00f3cios. <\/span><\/p>\t\t\t\t\t\t<\/div>\n\t\t\t\t<\/div>\n\t\t\t\t\t<\/div>\n\t\t<\/div>\n\t\t\t\t\t<\/div>\n\t\t<\/section>\n\t\t\t\t<section class=\"elementor-section elementor-top-section elementor-element elementor-element-1c7265a elementor-section-boxed elementor-section-height-default elementor-section-height-default\" data-id=\"1c7265a\" data-element_type=\"section\">\n\t\t\t\t\t\t<div class=\"elementor-container elementor-column-gap-default\">\n\t\t\t\t\t<div class=\"elementor-column elementor-col-100 elementor-top-column elementor-element elementor-element-fe70e53\" data-id=\"fe70e53\" data-element_type=\"column\">\n\t\t\t<div class=\"elementor-widget-wrap elementor-element-populated\">\n\t\t\t\t\t\t<div class=\"elementor-element elementor-element-6e424a9 elementor-widget elementor-widget-image\" data-id=\"6e424a9\" data-element_type=\"widget\" data-widget_type=\"image.default\">\n\t\t\t\t<div class=\"elementor-widget-container\">\n\t\t\t\t\t\t\t\t\t\t<figure class=\"wp-caption\">\n\t\t\t\t\t\t\t\t\t\t<img loading=\"lazy\" decoding=\"async\" width=\"768\" height=\"528\" src=\"https:\/\/www.ufsm.br\/app\/uploads\/sites\/399\/2022\/09\/foto1-1-768x528.jpeg\" class=\"attachment-medium_large size-medium_large wp-image-4531\" alt=\"\" srcset=\"https:\/\/www.ufsm.br\/app\/uploads\/sites\/399\/2022\/09\/foto1-1-768x528.jpeg 768w, https:\/\/www.ufsm.br\/app\/uploads\/sites\/399\/2022\/09\/foto1-1-300x206.jpeg 300w, https:\/\/www.ufsm.br\/app\/uploads\/sites\/399\/2022\/09\/foto1-1-1024x704.jpeg 1024w, https:\/\/www.ufsm.br\/app\/uploads\/sites\/399\/2022\/09\/foto1-1.jpeg 1200w\" sizes=\"(max-width: 768px) 100vw, 768px\" \/>\t\t\t\t\t\t\t\t\t\t\t<figcaption class=\"widget-image-caption wp-caption-text\">Servidores da Agittec no Parque Tecnol\u00f3gico BH.Tec<\/figcaption>\n\t\t\t\t\t\t\t\t\t\t<\/figure>\n\t\t\t\t\t\t\t<\/div>\n\t\t\t\t<\/div>\n\t\t\t\t\t<\/div>\n\t\t<\/div>\n\t\t\t\t\t<\/div>\n\t\t<\/section>\n\t\t\t\t<section class=\"elementor-section elementor-top-section elementor-element elementor-element-7cab079 elementor-section-boxed elementor-section-height-default elementor-section-height-default\" data-id=\"7cab079\" data-element_type=\"section\">\n\t\t\t\t\t\t<div class=\"elementor-container elementor-column-gap-default\">\n\t\t\t\t\t<div class=\"elementor-column elementor-col-100 elementor-top-column elementor-element elementor-element-eb22239\" data-id=\"eb22239\" data-element_type=\"column\">\n\t\t\t<div class=\"elementor-widget-wrap elementor-element-populated\">\n\t\t\t\t\t\t<div class=\"elementor-element elementor-element-1d80480 elementor-widget elementor-widget-text-editor\" data-id=\"1d80480\" data-element_type=\"widget\" data-widget_type=\"text-editor.default\">\n\t\t\t\t<div class=\"elementor-widget-container\">\n\t\t\t\t\t\t\t<p><span style=\"font-weight: 400\">O grupo da AGITTEC tamb\u00e9m aproveitou a manh\u00e3 para conhecer o Escalab, um centro de escalonamento de tecnologias e modelagem de neg\u00f3cios, idealizado a partir de uma parceria entre a UFMG, INCT Midas e o CIT SENAI. O laborat\u00f3rio possui uma metodologia robusta para mapear os problemas de processos, produtos e rejeitos das ind\u00fastrias e propor solu\u00e7\u00f5es tecnol\u00f3gicas. Conta com uma equipe completa de negocia\u00e7\u00e3o com empresas, com cria\u00e7\u00e3o de equipe para cada empresa com execu\u00e7\u00e3o r\u00e1pida de projetos.<\/span><\/p><p><span style=\"font-weight: 400\">Na parte da tarde o encontro ocorreu com a Funda\u00e7\u00e3o Ezequiel Dias (FUNED). No intuito de estreitar rela\u00e7\u00f5es com a Institui\u00e7\u00e3o, os servidores da Agittec se reuniram com a equipe do N\u00facleo de Inova\u00e7\u00e3o e Prote\u00e7\u00e3o ao Conhecimento, vinculado \u00e0 Diretoria de Pesquisa e Desenvolvimento. O objetivo do encontro foi discutir detalhes para formaliza\u00e7\u00e3o de um Acordo de Coopera\u00e7\u00e3o T\u00e9cnica entre Agittec e FUNED,\u00a0 bem como entender as demandas da Funda\u00e7\u00e3o e seu est\u00e1gio de desenvolvimento como N\u00facleo de Inova\u00e7\u00e3o Tecnol\u00f3gica. Temas como valora\u00e7\u00e3o de ativos e minutas de contrato estiveram na pauta. Tamb\u00e9m ficou programada uma visita de representantes da FUNED \u00e0 UFSM no in\u00edcio de novembro, momento em que se planeja a assinatura da parceria.<\/span><\/p>\t\t\t\t\t\t<\/div>\n\t\t\t\t<\/div>\n\t\t\t\t\t<\/div>\n\t\t<\/div>\n\t\t\t\t\t<\/div>\n\t\t<\/section>\n\t\t\t\t<\/div>\n\t\t","protected":false},"excerpt":{"rendered":"<p>Os servidores Lauren Lorenzoni (coordenadora de transfer\u00eancia de tecnologia e propriedade intelectual), Daniel Arenhardt (chefe do n\u00facleo de prospec\u00e7\u00e3o e valora\u00e7\u00e3o) e Lovaina Ribeiro (chefe do n\u00facleo de apoio a projetos) estiveram em Belo Horizonte nos dias 26 e 27 de novembro para debater e compartilhar pr\u00e1ticas relacionadas \u00e0 inova\u00e7\u00e3o, propriedade intelectual e transfer\u00eancia de [&hellip;]<\/p>\n","protected":false},"author":5509,"featured_media":4534,"comment_status":"closed","ping_status":"closed","sticky":false,"template":"","format":"standard","meta":{"episode_type":"","audio_file":"","cover_image":"","cover_image_id":"","duration":"","filesize":"","date_recorded":"","explicit":"","block":"","filesize_raw":"","footnotes":""},"categories":[6],"tags":[],"class_list":["post-4526","post","type-post","status-publish","format-standard","has-post-thumbnail","hentry","category-noticias"],"acf":[],"_links":{"self":[{"href":"https:\/\/www.ufsm.br\/pro-reitorias\/proinova\/wp-json\/wp\/v2\/posts\/4526","targetHints":{"allow":["GET"]}}],"collection":[{"href":"https:\/\/www.ufsm.br\/pro-reitorias\/proinova\/wp-json\/wp\/v2\/posts"}],"about":[{"href":"https:\/\/www.ufsm.br\/pro-reitorias\/proinova\/wp-json\/wp\/v2\/types\/post"}],"author":[{"embeddable":true,"href":"https:\/\/www.ufsm.br\/pro-reitorias\/proinova\/wp-json\/wp\/v2\/users\/5509"}],"replies":[{"embeddable":true,"href":"https:\/\/www.ufsm.br\/pro-reitorias\/proinova\/wp-json\/wp\/v2\/comments?post=4526"}],"version-history":[{"count":0,"href":"https:\/\/www.ufsm.br\/pro-reitorias\/proinova\/wp-json\/wp\/v2\/posts\/4526\/revisions"}],"wp:featuredmedia":[{"embeddable":true,"href":"https:\/\/www.ufsm.br\/pro-reitorias\/proinova\/wp-json\/wp\/v2\/media\/4534"}],"wp:attachment":[{"href":"https:\/\/www.ufsm.br\/pro-reitorias\/proinova\/wp-json\/wp\/v2\/media?parent=4526"}],"wp:term":[{"taxonomy":"category","embeddable":true,"href":"https:\/\/www.ufsm.br\/pro-reitorias\/proinova\/wp-json\/wp\/v2\/categories?post=4526"},{"taxonomy":"post_tag","embeddable":true,"href":"https:\/\/www.ufsm.br\/pro-reitorias\/proinova\/wp-json\/wp\/v2\/tags?post=4526"}],"curies":[{"name":"wp","href":"https:\/\/api.w.org\/{rel}","templated":true}]}}