{"id":5222,"date":"2023-05-08T14:36:42","date_gmt":"2023-05-08T17:36:42","guid":{"rendered":"https:\/\/www.ufsm.br\/pro-reitorias\/proinova\/?p=5222"},"modified":"2023-05-08T14:36:43","modified_gmt":"2023-05-08T17:36:43","slug":"alunos-do-ccs-ainda-podem-se-inscrever-para-a-maratona-de-ideias","status":"publish","type":"post","link":"https:\/\/www.ufsm.br\/pro-reitorias\/proinova\/2023\/05\/08\/alunos-do-ccs-ainda-podem-se-inscrever-para-a-maratona-de-ideias","title":{"rendered":"Alunos do CCS ainda podem se inscrever para a Maratona de Ideias"},"content":{"rendered":"\n<p>A Pr\u00f3-Reitoria de Inova\u00e7\u00e3o e Empreendedorismo da UFSM promove na pr\u00f3xima quinta, dia 11 de maio, uma maratona de ideias com alunos do Centro de Ci\u00eancias da Sa\u00fade.<\/p>\n<p>No evento, os acad\u00eamicos trazem problemas encontrados no seu campo de estudo, a fim de propor solu\u00e7\u00f5es vi\u00e1veis. Cada grupo trabalha numa ideia e no fim a vencedora vai representar o Centro de Ci\u00eancias da Sa\u00fade na Jornada Acad\u00eamica Integrada (JAI) da UFSM, na qual participar\u00e1 do desafio final com as ideias vencedoras dos demais centros.<\/p>\n<p>O Ideathon do Centro de Ci\u00eancias da Sa\u00fade acontece das 13h \u00e0s 20h no Coworking da Pulsar Incubadora (Pr\u00e9dio 61h) e as inscri\u00e7\u00f5es podem ser realizadas <a href=\"https:\/\/docs.google.com\/forms\/d\/1bTc4x9YOQn7VOZcW0HzQ1fXk4GGDfa1KO3C9WBqLJg4\/viewform?edit_requested=true\">nesse link<\/a>.<\/p>\n","protected":false},"excerpt":{"rendered":"<p>O evento acontece na pr\u00f3xima quinta, dia 11 de maio.<\/p>\n","protected":false},"author":650,"featured_media":5223,"comment_status":"closed","ping_status":"closed","sticky":false,"template":"","format":"standard","meta":{"episode_type":"","audio_file":"","cover_image":"","cover_image_id":"","duration":"","filesize":"","date_recorded":"","explicit":"","block":"","filesize_raw":"","footnotes":""},"categories":[6],"tags":[],"class_list":["post-5222","post","type-post","status-publish","format-standard","has-post-thumbnail","hentry","category-noticias"],"acf":[],"_links":{"self":[{"href":"https:\/\/www.ufsm.br\/pro-reitorias\/proinova\/wp-json\/wp\/v2\/posts\/5222","targetHints":{"allow":["GET"]}}],"collection":[{"href":"https:\/\/www.ufsm.br\/pro-reitorias\/proinova\/wp-json\/wp\/v2\/posts"}],"about":[{"href":"https:\/\/www.ufsm.br\/pro-reitorias\/proinova\/wp-json\/wp\/v2\/types\/post"}],"author":[{"embeddable":true,"href":"https:\/\/www.ufsm.br\/pro-reitorias\/proinova\/wp-json\/wp\/v2\/users\/650"}],"replies":[{"embeddable":true,"href":"https:\/\/www.ufsm.br\/pro-reitorias\/proinova\/wp-json\/wp\/v2\/comments?post=5222"}],"version-history":[{"count":0,"href":"https:\/\/www.ufsm.br\/pro-reitorias\/proinova\/wp-json\/wp\/v2\/posts\/5222\/revisions"}],"wp:featuredmedia":[{"embeddable":true,"href":"https:\/\/www.ufsm.br\/pro-reitorias\/proinova\/wp-json\/wp\/v2\/media\/5223"}],"wp:attachment":[{"href":"https:\/\/www.ufsm.br\/pro-reitorias\/proinova\/wp-json\/wp\/v2\/media?parent=5222"}],"wp:term":[{"taxonomy":"category","embeddable":true,"href":"https:\/\/www.ufsm.br\/pro-reitorias\/proinova\/wp-json\/wp\/v2\/categories?post=5222"},{"taxonomy":"post_tag","embeddable":true,"href":"https:\/\/www.ufsm.br\/pro-reitorias\/proinova\/wp-json\/wp\/v2\/tags?post=5222"}],"curies":[{"name":"wp","href":"https:\/\/api.w.org\/{rel}","templated":true}]}}