{"id":5311,"date":"2023-05-30T14:05:20","date_gmt":"2023-05-30T17:05:20","guid":{"rendered":"https:\/\/www.ufsm.br\/pro-reitorias\/proinova\/?p=5311"},"modified":"2025-08-05T16:12:43","modified_gmt":"2025-08-05T19:12:43","slug":"portaria-do-cnpq-estabelece-novos-valores-para-bolsas-de-formacao-e-pesquisa","status":"publish","type":"post","link":"https:\/\/www.ufsm.br\/pro-reitorias\/proinova\/2023\/05\/30\/portaria-do-cnpq-estabelece-novos-valores-para-bolsas-de-formacao-e-pesquisa","title":{"rendered":"Portaria do CNPq estabelece novos valores para bolsas de forma\u00e7\u00e3o e pesquisa"},"content":{"rendered":"\t\t<div data-elementor-type=\"wp-post\" data-elementor-id=\"5311\" class=\"elementor elementor-5311\">\n\t\t\t\t\t\t<section class=\"elementor-section elementor-top-section elementor-element elementor-element-640d3ecd elementor-section-boxed elementor-section-height-default elementor-section-height-default\" data-id=\"640d3ecd\" data-element_type=\"section\">\n\t\t\t\t\t\t<div class=\"elementor-container elementor-column-gap-default\">\n\t\t\t\t\t<div class=\"elementor-column elementor-col-100 elementor-top-column elementor-element elementor-element-25bdb9f6\" data-id=\"25bdb9f6\" data-element_type=\"column\">\n\t\t\t<div class=\"elementor-widget-wrap elementor-element-populated\">\n\t\t\t\t\t\t<div class=\"elementor-element elementor-element-1dc0092 elementor-widget elementor-widget-text-editor\" data-id=\"1dc0092\" data-element_type=\"widget\" data-widget_type=\"text-editor.default\">\n\t\t\t\t<div class=\"elementor-widget-container\">\n\t\t\t\t\t\t\t<!-- wp:tadv\/classic-paragraph -->\n<p><span style=\"font-weight: 400\">Conforme publicado pela <\/span><a href=\"https:\/\/www.in.gov.br\/en\/web\/dou\/-\/portaria-cnpq-n-1.237-de-17-de-fevereiro-de-2023-465632489\"><span style=\"font-weight: 400\">Portaria CNPq n\u00b0 1.237, 17 de fevereiro de 2023<\/span><\/a><span style=\"font-weight: 400\">, as bolsas de forma\u00e7\u00e3o, pesquisa e outros benef\u00edcios no pa\u00eds, assim como a remunera\u00e7\u00e3o de servidores e empregados do Poder Executivo Federal, sofrem altera\u00e7\u00e3o a partir do dia 01 de maio deste ano.\u00a0<\/span><\/p>\n<p><span style=\"font-weight: 400\">Assim, os valores m\u00e1ximos previstos no Anexo I da Resolu\u00e7\u00e3o UFSM n. 089 passam a ser calculados usando como\u00a0base o valor de R$3.100,00\u00a0(tr\u00eas mil e cem reais), que corresponde ao n\u00edvel de Doutorado. Ainda, os valores m\u00e1ximos previstos no\u00a0Anexo II\u00a0da Resolu\u00e7\u00e3o UFSM n. 089 passam a ser calculados usando como base o valor m\u00e1ximo mensal do n\u00edvel de Doutorado e P\u00f3s-Doutorado j\u00e1 reajustados no Anexo I conforme valores da Portaria mencionada.\u00a0<\/span><\/p>\n<!-- \/wp:tadv\/classic-paragraph -->\n\n<!-- wp:tadv\/classic-paragraph \/-->\t\t\t\t\t\t<\/div>\n\t\t\t\t<\/div>\n\t\t\t\t<div class=\"elementor-element elementor-element-ee350ae elementor-widget elementor-widget-heading\" data-id=\"ee350ae\" data-element_type=\"widget\" data-widget_type=\"heading.default\">\n\t\t\t\t<div class=\"elementor-widget-container\">\n\t\t\t<h2 class=\"elementor-heading-title elementor-size-default\">Valor de bolsa para servidores<\/h2>\t\t<\/div>\n\t\t\t\t<\/div>\n\t\t\t\t\t<\/div>\n\t\t<\/div>\n\t\t\t\t\t<\/div>\n\t\t<\/section>\n\t\t\t\t<section class=\"elementor-section elementor-top-section elementor-element elementor-element-82785d0 elementor-section-boxed elementor-section-height-default elementor-section-height-default\" data-id=\"82785d0\" data-element_type=\"section\">\n\t\t\t\t\t\t<div class=\"elementor-container elementor-column-gap-default\">\n\t\t\t\t\t<div class=\"elementor-column elementor-col-100 elementor-top-column elementor-element elementor-element-0360cf9\" data-id=\"0360cf9\" data-element_type=\"column\">\n\t\t\t<div class=\"elementor-widget-wrap elementor-element-populated\">\n\t\t\t\t\t\t<div class=\"elementor-element elementor-element-d41e18c elementor-widget elementor-widget-image\" data-id=\"d41e18c\" data-element_type=\"widget\" data-widget_type=\"image.default\">\n\t\t\t\t<div class=\"elementor-widget-container\">\n\t\t\t\t\t\t\t\t\t\t\t\t\t<img fetchpriority=\"high\" decoding=\"async\" width=\"1920\" height=\"500\" src=\"https:\/\/www.ufsm.br\/app\/uploads\/sites\/399\/2023\/05\/Nivel-de-Formacao-do-Participante-1.jpg\" class=\"attachment-full size-full wp-image-8859\" alt=\"\" srcset=\"https:\/\/www.ufsm.br\/app\/uploads\/sites\/399\/2023\/05\/Nivel-de-Formacao-do-Participante-1.jpg 1920w, https:\/\/www.ufsm.br\/app\/uploads\/sites\/399\/2023\/05\/Nivel-de-Formacao-do-Participante-1-300x78.jpg 300w, https:\/\/www.ufsm.br\/app\/uploads\/sites\/399\/2023\/05\/Nivel-de-Formacao-do-Participante-1-1024x267.jpg 1024w, https:\/\/www.ufsm.br\/app\/uploads\/sites\/399\/2023\/05\/Nivel-de-Formacao-do-Participante-1-768x200.jpg 768w, https:\/\/www.ufsm.br\/app\/uploads\/sites\/399\/2023\/05\/Nivel-de-Formacao-do-Participante-1-1536x400.jpg 1536w\" sizes=\"(max-width: 1920px) 100vw, 1920px\" \/>\t\t\t\t\t\t\t\t\t\t\t\t\t<\/div>\n\t\t\t\t<\/div>\n\t\t\t\t<div class=\"elementor-element elementor-element-cd37bc2 elementor-widget__width-initial elementor-widget elementor-widget-text-editor\" data-id=\"cd37bc2\" data-element_type=\"widget\" data-widget_type=\"text-editor.default\">\n\t\t\t\t<div class=\"elementor-widget-container\">\n\t\t\t\t\t\t\t<p dir=\"ltr\" style=\"line-height: 1.2;background-color: #ffffff;margin-top: 0pt;margin-bottom: 0pt;padding: 0pt 0pt 14pt 0pt\"><span style=\"font-size: 8pt;font-family: Arial;color: #1c1c1c;background-color: transparent;font-weight: 400;font-style: normal;font-variant: normal;text-decoration: none;vertical-align: baseline\">* Valor atualizado da bolsa no pa\u00eds paga pelo CNPq.\u00a0<\/span><\/p>\n<p dir=\"ltr\" style=\"line-height: 1.2;background-color: #ffffff;margin-top: 0pt;margin-bottom: 14pt\"><span style=\"font-size: 8pt\"><span style=\"font-family: Arial;color: #1c1c1c;background-color: transparent;font-weight: 400;font-style: normal;font-variant: normal;text-decoration: none;vertical-align: baseline\">** Valor da retribui\u00e7\u00e3o de titula\u00e7\u00e3o em fun\u00e7\u00e3o do vencimento b\u00e1sico do professor Titular do Magist\u00e9rio Superior conforme Lei n\u00ba 12.772\/2012. Informa\u00e7\u00e3o coletada em:<\/span><a style=\"text-decoration: none\" href=\"http:\/\/www.planalto.gov.br\/ccivil_03\/_ato2011-2014\/2012\/lei\/l12772.htm\"><span style=\"font-family: Arial;color: #204c90;background-color: transparent;font-weight: 400;font-style: normal;font-variant: normal;text-decoration: underline;vertical-align: baseline\">\u00a0http:\/\/www.planalto.gov.br\/ccivil_03\/_ato2011-2014\/2012\/lei\/l12772.htm<\/span><\/a><\/span><\/p>\t\t\t\t\t\t<\/div>\n\t\t\t\t<\/div>\n\t\t\t\t<div class=\"elementor-element elementor-element-a560731 elementor-widget elementor-widget-heading\" data-id=\"a560731\" data-element_type=\"widget\" data-widget_type=\"heading.default\">\n\t\t\t\t<div class=\"elementor-widget-container\">\n\t\t\t<h2 class=\"elementor-heading-title elementor-size-default\">Valor de bolsa para discentes<\/h2>\t\t<\/div>\n\t\t\t\t<\/div>\n\t\t\t\t\t<\/div>\n\t\t<\/div>\n\t\t\t\t\t<\/div>\n\t\t<\/section>\n\t\t\t\t<section class=\"elementor-section elementor-top-section elementor-element elementor-element-b0cd6a5 elementor-section-boxed elementor-section-height-default elementor-section-height-default\" data-id=\"b0cd6a5\" data-element_type=\"section\">\n\t\t\t\t\t\t<div class=\"elementor-container elementor-column-gap-default\">\n\t\t\t\t\t<div class=\"elementor-column elementor-col-100 elementor-top-column elementor-element elementor-element-d8aff65\" data-id=\"d8aff65\" data-element_type=\"column\">\n\t\t\t<div class=\"elementor-widget-wrap elementor-element-populated\">\n\t\t\t\t\t\t<div class=\"elementor-element elementor-element-bf3426b elementor-widget elementor-widget-image\" data-id=\"bf3426b\" data-element_type=\"widget\" data-widget_type=\"image.default\">\n\t\t\t\t<div class=\"elementor-widget-container\">\n\t\t\t\t\t\t\t\t\t\t\t\t\t<img decoding=\"async\" width=\"1920\" height=\"500\" src=\"https:\/\/www.ufsm.br\/app\/uploads\/sites\/399\/2023\/05\/Nivel-de-Formacao-do-Participante.png\" class=\"attachment-full size-full wp-image-8860\" alt=\"\" srcset=\"https:\/\/www.ufsm.br\/app\/uploads\/sites\/399\/2023\/05\/Nivel-de-Formacao-do-Participante.png 1920w, https:\/\/www.ufsm.br\/app\/uploads\/sites\/399\/2023\/05\/Nivel-de-Formacao-do-Participante-300x78.png 300w, https:\/\/www.ufsm.br\/app\/uploads\/sites\/399\/2023\/05\/Nivel-de-Formacao-do-Participante-1024x267.png 1024w, https:\/\/www.ufsm.br\/app\/uploads\/sites\/399\/2023\/05\/Nivel-de-Formacao-do-Participante-768x200.png 768w, https:\/\/www.ufsm.br\/app\/uploads\/sites\/399\/2023\/05\/Nivel-de-Formacao-do-Participante-1536x400.png 1536w\" sizes=\"(max-width: 1920px) 100vw, 1920px\" \/>\t\t\t\t\t\t\t\t\t\t\t\t\t<\/div>\n\t\t\t\t<\/div>\n\t\t\t\t\t<\/div>\n\t\t<\/div>\n\t\t\t\t\t<\/div>\n\t\t<\/section>\n\t\t\t\t<\/div>\n\t\t","protected":false},"excerpt":{"rendered":"<p>Conforme publicado pela Portaria CNPq n\u00b0 1.237, 17 de fevereiro de 2023, as bolsas de forma\u00e7\u00e3o, pesquisa e outros benef\u00edcios no pa\u00eds, assim como a remunera\u00e7\u00e3o de servidores e empregados do Poder Executivo Federal, sofrem altera\u00e7\u00e3o a partir do dia 01 de maio deste ano.\u00a0 Assim, os valores m\u00e1ximos previstos no Anexo I da Resolu\u00e7\u00e3o [&hellip;]<\/p>\n","protected":false},"author":6854,"featured_media":5339,"comment_status":"closed","ping_status":"closed","sticky":false,"template":"","format":"standard","meta":{"episode_type":"","audio_file":"","cover_image":"","cover_image_id":"","duration":"","filesize":"","date_recorded":"","explicit":"","block":"","filesize_raw":"","footnotes":""},"categories":[6],"tags":[],"class_list":["post-5311","post","type-post","status-publish","format-standard","has-post-thumbnail","hentry","category-noticias"],"acf":[],"_links":{"self":[{"href":"https:\/\/www.ufsm.br\/pro-reitorias\/proinova\/wp-json\/wp\/v2\/posts\/5311","targetHints":{"allow":["GET"]}}],"collection":[{"href":"https:\/\/www.ufsm.br\/pro-reitorias\/proinova\/wp-json\/wp\/v2\/posts"}],"about":[{"href":"https:\/\/www.ufsm.br\/pro-reitorias\/proinova\/wp-json\/wp\/v2\/types\/post"}],"author":[{"embeddable":true,"href":"https:\/\/www.ufsm.br\/pro-reitorias\/proinova\/wp-json\/wp\/v2\/users\/6854"}],"replies":[{"embeddable":true,"href":"https:\/\/www.ufsm.br\/pro-reitorias\/proinova\/wp-json\/wp\/v2\/comments?post=5311"}],"version-history":[{"count":0,"href":"https:\/\/www.ufsm.br\/pro-reitorias\/proinova\/wp-json\/wp\/v2\/posts\/5311\/revisions"}],"wp:featuredmedia":[{"embeddable":true,"href":"https:\/\/www.ufsm.br\/pro-reitorias\/proinova\/wp-json\/wp\/v2\/media\/5339"}],"wp:attachment":[{"href":"https:\/\/www.ufsm.br\/pro-reitorias\/proinova\/wp-json\/wp\/v2\/media?parent=5311"}],"wp:term":[{"taxonomy":"category","embeddable":true,"href":"https:\/\/www.ufsm.br\/pro-reitorias\/proinova\/wp-json\/wp\/v2\/categories?post=5311"},{"taxonomy":"post_tag","embeddable":true,"href":"https:\/\/www.ufsm.br\/pro-reitorias\/proinova\/wp-json\/wp\/v2\/tags?post=5311"}],"curies":[{"name":"wp","href":"https:\/\/api.w.org\/{rel}","templated":true}]}}