{"id":5666,"date":"2023-08-01T16:23:30","date_gmt":"2023-08-01T19:23:30","guid":{"rendered":"https:\/\/www.ufsm.br\/pro-reitorias\/proinova\/?p=5666"},"modified":"2023-08-08T15:03:02","modified_gmt":"2023-08-08T18:03:02","slug":"abertas-as-inscricoes-para-acesso-gratuito-a-plataforma-de-inovacao-aberta","status":"publish","type":"post","link":"https:\/\/www.ufsm.br\/pro-reitorias\/proinova\/2023\/08\/01\/abertas-as-inscricoes-para-acesso-gratuito-a-plataforma-de-inovacao-aberta","title":{"rendered":"Abertas as inscri\u00e7\u00f5es para acesso gratuito \u00e0 Plataforma de Inova\u00e7\u00e3o Aberta"},"content":{"rendered":"\n<p><span style=\"font-weight: 400\">Est\u00e3o abertas as inscri\u00e7\u00f5es para a Chamada Interna aos professores interessados em acessar a Plataforma Vinglet. Os selecionados participar\u00e3o da capacita\u00e7\u00e3o e poder\u00e3o cadastrar login para uso em sala de aula e grupos de pesquisa. A Vinglet est\u00e1 presente em nove pa\u00edses, conectando Universidades com Empresas, Incubadoras, Aceleradoras e Institui\u00e7\u00f5es Nacionais e Internacionais digitalmente, por meio de desafios, inova\u00e7\u00e3o aberta e e-Learning.<\/span><\/p>\n<p><span style=\"font-weight: 400\">O acordo, firmado no primeiro semestre de 2023, possibilita \u00e0 Universidade Federal de Santa Maria (UFSM) acesso gratuito \u00e0 plataforma da empresa onde re\u00fanem-se diferentes agentes para solucionar problemas comuns e atingir objetivos, garantindo que os diferentes interesses sejam levados em conta.\u00a0<\/span><\/p>\n<p><span style=\"font-weight: 400\">A inova\u00e7\u00e3o aberta \u00e9 um modelo de colabora\u00e7\u00e3o onde se busca parceiros para integrar ao neg\u00f3cio e acelerar o processo de inova\u00e7\u00e3o. \u00c9 uma \u00f3tima oportunidade para acessar conhecimento externo e encontrar novos pontos de vista para o desenvolvimento de iniciativas e projetos que a organiza\u00e7\u00e3o n\u00e3o domina.<\/span><\/p>\n<p><span style=\"font-weight: 400\">As inscri\u00e7\u00f5es ficam abertas at\u00e9 o dia 15 de agosto e podem ser realizadas pelo <\/span><a href=\"https:\/\/docs.google.com\/forms\/d\/e\/1FAIpQLScZgdN4R5DQZpJrNIia97HqrLySOJ0aet3t4Er1eCxA-Unb8A\/viewform?usp=sf_link\"><span style=\"font-weight: 400\">formul\u00e1rio.<\/span><\/a><span style=\"font-weight: 400\">\u00a0 Em caso de d\u00favidas, a Coordenadoria de Educa\u00e7\u00e3o Empreendedora est\u00e1 dispon\u00edvel pelo e-mail <\/span><a href=\"mailto:proinova.ce@ufsm.br\"><span style=\"font-weight: 400\">proinova.ce@ufsm.br<\/span><\/a><\/p>\n<p>\u00a0<\/p>\n<p><em>Texto: Gabriela de Almeida \u2013 Bolsista de jornalismo<\/em><\/p>\n<p><em>Revis\u00e3o: Debora Seminoti Tamiosso \u2013 Comunica\u00e7\u00e3o Proinova<\/em><\/p>\n<p>\u00a0<\/p>\n<p>\u00a0<\/p>\n","protected":false},"excerpt":{"rendered":"<p>Est\u00e3o abertas as inscri\u00e7\u00f5es para a Chamada Interna aos professores interessados em acessar a Plataforma Vinglet. Os selecionados participar\u00e3o da capacita\u00e7\u00e3o e poder\u00e3o cadastrar login para uso em sala de aula e grupos de pesquisa. A Vinglet est\u00e1 presente em nove pa\u00edses, conectando Universidades com Empresas, Incubadoras, Aceleradoras e Institui\u00e7\u00f5es Nacionais e Internacionais digitalmente, por [&hellip;]<\/p>\n","protected":false},"author":6854,"featured_media":5667,"comment_status":"closed","ping_status":"closed","sticky":false,"template":"","format":"standard","meta":{"episode_type":"","audio_file":"","cover_image":"","cover_image_id":"","duration":"","filesize":"","date_recorded":"","explicit":"","block":"","filesize_raw":"","footnotes":""},"categories":[6],"tags":[],"class_list":["post-5666","post","type-post","status-publish","format-standard","has-post-thumbnail","hentry","category-noticias"],"acf":[],"_links":{"self":[{"href":"https:\/\/www.ufsm.br\/pro-reitorias\/proinova\/wp-json\/wp\/v2\/posts\/5666","targetHints":{"allow":["GET"]}}],"collection":[{"href":"https:\/\/www.ufsm.br\/pro-reitorias\/proinova\/wp-json\/wp\/v2\/posts"}],"about":[{"href":"https:\/\/www.ufsm.br\/pro-reitorias\/proinova\/wp-json\/wp\/v2\/types\/post"}],"author":[{"embeddable":true,"href":"https:\/\/www.ufsm.br\/pro-reitorias\/proinova\/wp-json\/wp\/v2\/users\/6854"}],"replies":[{"embeddable":true,"href":"https:\/\/www.ufsm.br\/pro-reitorias\/proinova\/wp-json\/wp\/v2\/comments?post=5666"}],"version-history":[{"count":0,"href":"https:\/\/www.ufsm.br\/pro-reitorias\/proinova\/wp-json\/wp\/v2\/posts\/5666\/revisions"}],"wp:featuredmedia":[{"embeddable":true,"href":"https:\/\/www.ufsm.br\/pro-reitorias\/proinova\/wp-json\/wp\/v2\/media\/5667"}],"wp:attachment":[{"href":"https:\/\/www.ufsm.br\/pro-reitorias\/proinova\/wp-json\/wp\/v2\/media?parent=5666"}],"wp:term":[{"taxonomy":"category","embeddable":true,"href":"https:\/\/www.ufsm.br\/pro-reitorias\/proinova\/wp-json\/wp\/v2\/categories?post=5666"},{"taxonomy":"post_tag","embeddable":true,"href":"https:\/\/www.ufsm.br\/pro-reitorias\/proinova\/wp-json\/wp\/v2\/tags?post=5666"}],"curies":[{"name":"wp","href":"https:\/\/api.w.org\/{rel}","templated":true}]}}