{"id":6114,"date":"2023-12-14T15:26:01","date_gmt":"2023-12-14T18:26:01","guid":{"rendered":"https:\/\/www.ufsm.br\/pro-reitorias\/proinova\/?p=6114"},"modified":"2023-12-14T15:36:44","modified_gmt":"2023-12-14T18:36:44","slug":"ufsm-tem-sete-projetos-aprovados-em-editais-da-secretaria-de-inovacao-ciencia-e-tecnologia-do-rs","status":"publish","type":"post","link":"https:\/\/www.ufsm.br\/pro-reitorias\/proinova\/2023\/12\/14\/ufsm-tem-sete-projetos-aprovados-em-editais-da-secretaria-de-inovacao-ciencia-e-tecnologia-do-rs","title":{"rendered":"UFSM tem sete projetos aprovados em editais da Secretaria de Inova\u00e7\u00e3o, Ci\u00eancia e Tecnologia do RS"},"content":{"rendered":"\t\t<div data-elementor-type=\"wp-post\" data-elementor-id=\"6114\" class=\"elementor elementor-6114\">\n\t\t\t\t\t\t<section class=\"elementor-section elementor-top-section elementor-element elementor-element-610b36b elementor-section-boxed elementor-section-height-default elementor-section-height-default\" data-id=\"610b36b\" data-element_type=\"section\">\n\t\t\t\t\t\t<div class=\"elementor-container elementor-column-gap-default\">\n\t\t\t\t\t<div class=\"elementor-column elementor-col-100 elementor-top-column elementor-element elementor-element-16a410c9\" data-id=\"16a410c9\" data-element_type=\"column\">\n\t\t\t<div class=\"elementor-widget-wrap elementor-element-populated\">\n\t\t\t\t\t\t<div class=\"elementor-element elementor-element-455b68e3 elementor-widget elementor-widget-text-editor\" data-id=\"455b68e3\" data-element_type=\"widget\" data-widget_type=\"text-editor.default\">\n\t\t\t\t<div class=\"elementor-widget-container\">\n\t\t\t\t\t\t\t<header class=\"entry-header\" style=\"color: #1c1c1c;font-size: 16px\">\n<div class=\"entry-meta row\" style=\"--bs-gutter-x: 1.5rem;--bs-gutter-y: 0;margin-left: calc(var(--bs-gutter-x)*-.5);margin-right: calc(var(--bs-gutter-x)*-.5);margin-top: calc(var(--bs-gutter-y)*-1)\">\n<div class=\"col-lg-12 text-center\" style=\"margin-top: var(--bs-gutter-y);padding-left: calc(var(--bs-gutter-x)*.5);padding-right: calc(var(--bs-gutter-x)*.5);width: 1100px\">\u00a0<\/div>\n<\/div>\n<\/header>\n<div class=\"entry-content noticia-conteudo\" style=\"color: #1c1c1c;font-size: 16px\">\n<p><span style=\"color: #204c90\"><a style=\"color: #204c90\" href=\"https:\/\/www.ufsm.br\/app\/uploads\/2023\/12\/WhatsApp-Image-2023-12-05-at-09.53.27.jpeg\"><img fetchpriority=\"high\" decoding=\"async\" class=\"alignright wp-image-64749\" src=\"https:\/\/www.ufsm.br\/app\/uploads\/2023\/12\/WhatsApp-Image-2023-12-05-at-09.53.27.jpeg\" alt=\"\" width=\"443\" height=\"443\" \/><\/a><\/span><span style=\"color: #1c1c1c;font-size: 16px;font-weight: var( --e-global-typography-text-font-weight );text-align: var(--bs-body-text-align)\">A UFSM teve sete projetos aprovados em diferentes\u00a0<\/span><a style=\"font-size: 16px;font-weight: var( --e-global-typography-text-font-weight );text-align: var(--bs-body-text-align);color: #204c90\" href=\"https:\/\/sict.rs.gov.br\/editais-2023\" target=\"_blank\" rel=\"noopener\">editais da Secretaria de Inova\u00e7\u00e3o, Ci\u00eancia\u00a0e Tecnologia (SICT)<\/a><span style=\"color: #1c1c1c;font-size: 16px;font-weight: var( --e-global-typography-text-font-weight );text-align: var(--bs-body-text-align)\">\u00a0do Rio Grande do Sul, perfazendo um valor de R$ 3.861.569,29 \u2013 considerando as contrapartidas, o valor total passa de R$ 6 milh\u00f5es. A Institui\u00e7\u00e3o j\u00e1 tem um hist\u00f3rico de aprova\u00e7\u00e3o nestas sele\u00e7\u00f5es estaduais, por\u00e9m, neste ano, pesquisadores e startups da UFSM conseguiram aprova\u00e7\u00e3o em todos os cinco editais, abertos praticamente de forma simult\u00e2nea pela SCTI, com uma atua\u00e7\u00e3o institucional, dando apoio aos pesquisadores e empresas envolvidas nos projetos. Os resultados finais foram divulgados h\u00e1 poucos dias.<\/span><\/p>\n<p>A Pr\u00f3-Reitoria de Inova\u00e7\u00e3o e Empreendedorismo (Proinova), por meio do N\u00facleo de Prospec\u00e7\u00e3o e Valora\u00e7\u00e3o (NPV), \u00e9 respons\u00e1vel por realizar a\u00e7\u00f5es estrat\u00e9gicas voltadas \u00e0 busca de fomentos, al\u00e9m de outras atividades relacionadas \u00e0 prospec\u00e7\u00e3o e transfer\u00eancia de tecnologia. A chefe do NPV, Cibele Silva do Couto, e o analista de neg\u00f3cios Marlone Xavier est\u00e3o \u00e0 frente deste trabalho de fomento, que tem como objetivo realizar a gest\u00e3o das chamadas\/editais tecnol\u00f3gicos, prospectando, divulgando e dando suporte aos pesquisadores e empresas. Com isso, gera-se mais oportunidades ao ecossistema inovador.<\/p>\n<p>Mais uma vez, este trabalho gerou\u00a0resultados positivos. \u201cAvaliamos como positivo o desempenho da UFSM, pois os pesquisadores submeteram projetos com grande potencial, tendo aprova\u00e7\u00e3o em todos os editais da SICT\u201d, avalia Cibele. Ela destaca que este perfil de projetos contemplados pelos editais da Secretaria Estadual\u00a0\u00e9 importante\u00a0para a Institui\u00e7\u00e3o, pois todos t\u00eam parceria com empresas, e um deles com duas institui\u00e7\u00f5es p\u00fablicas (prefeituras), gerando novos projetos, desenvolvimento e neg\u00f3cios, enfim, fortalecendo a parceria em redes.<\/p>\n<p>\u201cUm ponto interessante \u00e9 que normalmente cada edital da SICT tem um limite de propostas a serem enviados por Ecossistemas Regionais de Inova\u00e7\u00e3o (ERI). No caso do Edital Inova Agro, tinha um limitador de R$ 312 mil para cada ERI, e n\u00f3s tivemos tr\u00eas propostas aprovadas, duas quase no valor m\u00e1ximo\u201d, destaca Marlone. Ele salienta que, mesmo com os limitadores, os pesquisadores devem submeter suas propostas, j\u00e1 que, no caso deste edital, outro ERI n\u00e3o submeteu, e assim o ecossistema no qual est\u00e1 inserido a UFSM teve acesso \u00e0 submiss\u00e3o de duas propostas a mais.<\/p>\n<p>A aprova\u00e7\u00e3o dos projetos tamb\u00e9m \u00e9 resultado do trabalho do InovaTec UFSM Parque Tecnol\u00f3gico, vinculado \u00e0 Proinova, refor\u00e7ando seu compromisso com a pesquisa e a inova\u00e7\u00e3o, incentivando o desenvolvimento de novas ideias e produtos inovadores que fortalecem ainda mais o ecossistema local.<\/p>\n<p>O apoio da Proinova, por meio do NPV e do InovaTec UFSM Parque Tecnol\u00f3gico, foi essencial para que os pesquisadores e startups conseguissem submeter seus projetos aos editais. \u201cEles foram extremamente sol\u00edcitos e \u00e1geis no aux\u00edlio com a documenta\u00e7\u00e3o necess\u00e1ria. Al\u00e9m disso, vale destacar a experi\u00eancia deles na submiss\u00e3o de editais. Isso foi essencial para que o projeto fosse aprovado\u201d, destaca Bet\u00e2nia Vahl de Paula, CEO da Performance Vegetal, startup envolvida em um dos projetos aprovados.<\/p>\n<p>A Pr\u00f3-Reitoria de P\u00f3s-Gradua\u00e7\u00e3o e Pesquisa (PRPGP) e a Secretaria de Apoio Internacional (SAI) tamb\u00e9m auxiliam neste trabalho de prospectar oportunidades, enviando editais referentes a fomentos para obten\u00e7\u00e3o de bolsas, pr\u00eamios e chamadas internacionais para o Boletim de Oportunidades, que \u00e9 atualizado quinzenalmente e publicado pelo NPV\/Proinova.<\/p>\n<\/div>\t\t\t\t\t\t<\/div>\n\t\t\t\t<\/div>\n\t\t\t\t<div class=\"elementor-element elementor-element-155b601 elementor-widget elementor-widget-image\" data-id=\"155b601\" data-element_type=\"widget\" data-widget_type=\"image.default\">\n\t\t\t\t<div class=\"elementor-widget-container\">\n\t\t\t\t\t\t\t\t\t\t\t\t\t<img decoding=\"async\" width=\"1024\" height=\"506\" src=\"https:\/\/www.ufsm.br\/app\/uploads\/sites\/399\/2023\/12\/WhatsApp-Image-2023-12-05-at-09.46.25-1024x506.jpeg\" class=\"attachment-large size-large wp-image-6117\" alt=\"\" srcset=\"https:\/\/www.ufsm.br\/app\/uploads\/sites\/399\/2023\/12\/WhatsApp-Image-2023-12-05-at-09.46.25-1024x506.jpeg 1024w, https:\/\/www.ufsm.br\/app\/uploads\/sites\/399\/2023\/12\/WhatsApp-Image-2023-12-05-at-09.46.25-300x148.jpeg 300w, https:\/\/www.ufsm.br\/app\/uploads\/sites\/399\/2023\/12\/WhatsApp-Image-2023-12-05-at-09.46.25-768x380.jpeg 768w, https:\/\/www.ufsm.br\/app\/uploads\/sites\/399\/2023\/12\/WhatsApp-Image-2023-12-05-at-09.46.25.jpeg 1280w\" sizes=\"(max-width: 1024px) 100vw, 1024px\" \/>\t\t\t\t\t\t\t\t\t\t\t\t\t<\/div>\n\t\t\t\t<\/div>\n\t\t\t\t<div class=\"elementor-element elementor-element-cd71ca8 elementor-widget elementor-widget-text-editor\" data-id=\"cd71ca8\" data-element_type=\"widget\" data-widget_type=\"text-editor.default\">\n\t\t\t\t<div class=\"elementor-widget-container\">\n\t\t\t\t\t\t\t<blockquote>\n<p style=\"color: #1c1c1c;font-size: 16px\"><span style=\"font-weight: bolder\">Conhe\u00e7a os projetos da UFSM aprovados nos editais da SICT:<\/span><\/p>\n<\/blockquote>\n<h3 style=\"line-height: 1.2;font-size: 1.75rem;color: #1c1c1c\">\u201c<b>Living Lab de Bioinsumos da UFSM\u201d<\/b><\/h3>\n<p style=\"color: #1c1c1c;font-size: 16px\">O projeto \u201cLiving Lab de Bioinsumos da UFSM\u201d foi aprovado no Programa TEC4B \u2013 Tecnologia para Neg\u00f3cios, que visa \u00e0 cria\u00e7\u00e3o de living labs multiplataforma colaborativos, que t\u00eam o objetivo de contribuir para o acesso e utiliza\u00e7\u00e3o das mais recentes tecnologias da informa\u00e7\u00e3o e comunica\u00e7\u00e3o para a evolu\u00e7\u00e3o e desenvolvimento de produtos e servi\u00e7os inovadores. O valor total, somado \u00e0s contrapartidas, \u00e9 de R$ 1,7 milh\u00e3o.<\/p>\n<p style=\"color: #1c1c1c;font-size: 16px\">Living labs s\u00e3o ambientes de inova\u00e7\u00e3o nos quais se testam novas ideias e solu\u00e7\u00f5es no mundo real, envolvendo usu\u00e1rios e parceiros, empresas, institui\u00e7\u00f5es acad\u00eamicas e demais agentes interessados, auxiliando a desenvolver, aprimorar e adaptar os produtos e solu\u00e7\u00f5es antes de lan\u00e7\u00e1-los no mercado. Com o intuito de desenvolver produtos com maior n\u00edvel de maturidade tecnol\u00f3gica, o projeto do Living Lab de Bioinsumos da UFSM foi desenvolvido a partir de uma constru\u00e7\u00e3o conjunta por servidores da UFSM: Maria Daniele Dutra, gestora do InovaTec UFSM Parque Tecnol\u00f3gico, M\u00e1rcio Mazutti, professor do Departamento de Engenharia Qu\u00edmica, Luciano Pes, professor do col\u00e9gio Polit\u00e9cnico e coordenador do projeto Advanced Farm 360, al\u00e9m de empresas residentes na Pulsar Incubadora da UFSM, como Auster e Bioagreen, assim como as prefeituras de S\u00e3o Sep\u00e9 e Santiago. A gestora do InovaTec acrescenta o apoio de outros agentes do ecossistema que contribu\u00edram para o processo. \u201c\u00c9 importante ressaltar o apoio, via carta de manifesta\u00e7\u00e3o, de empresas da Pulsar Incubadora e dos demais ambientes de inova\u00e7\u00e3o de Santa Maria, que foram essenciais para o destaque do projeto\u201d, observa Maria Daniele.<\/p>\n<p style=\"color: #1c1c1c;font-size: 16px\">Al\u00e9m disso, o envolvimento do ecossistema de inova\u00e7\u00e3o na \u00e1rea j\u00e1 demonstra sua relev\u00e2ncia e comprometimento com a tem\u00e1tica, tendo em vista que o Parque Tecnol\u00f3gico da UFSM apresenta bioinsumos com um dos hubs de inova\u00e7\u00e3o, contando atualmente com 11 empresas do setor. Outros fatores apresentados no projeto s\u00e3o as caracter\u00edsticas dos ambientes dispon\u00edveis que favorecer\u00e3o a implementa\u00e7\u00e3o de um living lab de bioinsumos na UFSM, isso porque, al\u00e9m da planta piloto de bioinsumos Bio FabLab, ambiente de prototipagem de produtos e processos para obten\u00e7\u00e3o de bioinsumos para agricultura, estar em processo de incorpora\u00e7\u00e3o, a Institui\u00e7\u00e3o j\u00e1 possui infraestrutura de valida\u00e7\u00e3o que conta com a estrutura de casa de vegeta\u00e7\u00e3o para avalia\u00e7\u00f5es em condi\u00e7\u00f5es de semi campo, al\u00e9m de \u00e1rea experimental e equipamentos agr\u00edcolas para valida\u00e7\u00e3o dos produtos no campo, dispondo tamb\u00e9m de 130 hectares da \u00e1rea do Advanced Farm 360. Todas essas condi\u00e7\u00f5es evidenciam a capacidade e o potencial para desenvolver os processos necess\u00e1rios em um living lab.<\/p>\n<p style=\"color: #1c1c1c;font-size: 16px\">Ao falar sobre a aprova\u00e7\u00e3o do projeto no edital, Maria Daniele Dutra ressalta o trabalho em equipe como fator importante que viabiliza resultados positivos como este. \u201cEstamos trabalhando conjuntamente com os atores do ecossistema para que sejamos um elo de constru\u00e7\u00e3o de oportunidades, ent\u00e3o esta aprova\u00e7\u00e3o mostra que quando somamos esfor\u00e7os, somos mais efetivos nas conquistas de objetivos que ser\u00e3o para o bem conjunto\u201d, afirmou.<\/p>\n<p style=\"color: #1c1c1c;font-size: 16px\">Marcio Mazutti tamb\u00e9m falou a respeito deste ambiente colaborativo que contribui para o desenvolvimento e valida\u00e7\u00e3o de inova\u00e7\u00f5es em Bioinsumos. Segundo ele, o living lab contar\u00e1 com uma infraestrutura f\u00edsica composta por laborat\u00f3rios de pesquisa, que dar\u00e3o suporte aos projetos desenvolvidos, como a planta piloto de bioinsumos para a prototipa\u00e7\u00e3o de produtos ou processos e \u00e1rea experimental com infraestrutura completa para a valida\u00e7\u00e3o dos produtos em campo. \u201cO living lab bioinsumos congregar\u00e1 pesquisadores, empresas, governo e sociedade civil para fomentar discuss\u00f5es das estrat\u00e9gias para desenvolver economicamente a regi\u00e3o central do estado\u201d, finaliza.<\/p>\n<p style=\"color: #1c1c1c;font-size: 16px\">O projeto Living Lab de Bioinsumos na UFSM prop\u00f5e a implementa\u00e7\u00e3o de um ambiente de valida\u00e7\u00e3o de solu\u00e7\u00f5es em ambiente real na Regi\u00e3o Central do estado com o objetivo de \u201cser refer\u00eancia na prototipa\u00e7\u00e3o e provas de conceitos, a partir da promo\u00e7\u00e3o da inova\u00e7\u00e3o e desenvolvimento de pesquisas em novas tecnologias\u201d. Al\u00e9m disso, visa ao desenvolvimento de a\u00e7\u00f5es para transformar o living lab em uma plataforma de servi\u00e7os tecnol\u00f3gicos inovadores para atender as demandas de startups, micros, pequenas, m\u00e9dias e grandes empresas.<\/p>\n<h3 style=\"line-height: 1.2;font-size: 1.75rem;color: #1c1c1c\">\u201c<b>Avalia\u00e7\u00e3o da performance de \u00f3rteses e pr\u00f3teses\u201d<\/b><\/h3>\n<p style=\"color: #1c1c1c;font-size: 16px\">Pelo Edital Tech Futuro Sa\u00fade, foi contemplado o projeto \u201cAvalia\u00e7\u00e3o da performance de \u00f3rteses e pr\u00f3teses\u201d, coordenado pelo professor Luis Fernando Nicolini, do Departamento de Engenharia Mec\u00e2nica. O objetivo \u00e9 avaliar e validar a performance de \u00f3rteses e pr\u00f3teses por meio de testes experimentais e num\u00e9ricos, caracterizando e verificando se estes dispositivos atendem aos requisitos de usu\u00e1rio. Isso inclui oferecer estabilidade, durabilidade, baixo desgaste, bem como capacidade de se adaptar \u00e0s caracter\u00edsticas do usu\u00e1rio, entre outros. Segundo Nicolini, o processo de avalia\u00e7\u00e3o e valida\u00e7\u00e3o \u00e9 um passo fundamental para o desenvolvimento e avan\u00e7o tecnol\u00f3gico destes dispositivos no \u00e2mbito de gerar produtos acess\u00edveis, eficazes, eficientes, confort\u00e1veis, seguros e de alta qualidade atendendo \u00e0s expectativas do usu\u00e1rio.<\/p>\n<p style=\"color: #1c1c1c;font-size: 16px\">\u00d3rteses e pr\u00f3teses s\u00e3o dispositivos mec\u00e2nicos que t\u00eam por objetivo suportar, suprir, corrigir ou modificar as caracter\u00edsticas estruturais e funcionais do corpo auxiliando nas tarefas di\u00e1rias do usu\u00e1rio. Exemplos de \u00f3rteses e pr\u00f3teses s\u00e3o luvas rob\u00f3ticas, coletes para coluna vertebral e exoesqueletos. Por\u00e9m, os dispositivos dispon\u00edveis no mercado nem sempre atendem efetivamente \u00e0s necessidades dos usu\u00e1rios, o que gera abandono do produto. Conforme o professor coordenador, o Sistema \u00danico de Sa\u00fade (SUS) investe aproximadamente R$ 436 milh\u00f5es por ano em \u00f3rteses. Considerando um abandono m\u00e9dio de 1\/3 (33%), o desperd\u00edcio de recursos pode girar em torno de R$ 145 milh\u00f5es por ano, apenas de recursos p\u00fablicos.<\/p>\n<p style=\"color: #1c1c1c;font-size: 16px\">Nicolini explica que a ideia do projeto surgiu de forma incremental e colaborativa. \u201cEm 2013, quando ainda aluno da UFSM, tive a experi\u00eancia de trabalhar com projetos de \u00f3rteses juntamente com a Universidade de Harvard, nos Estados Unidos. Em seguida, os esfor\u00e7os foram direcionados para a \u00e1rea de implantes, juntamente com a Universidade Federal de Santa Catarina (UFSC). Em 2022, juntamente com os professores Cristiano Kulman e Edison Silva Lima, do Instituto Federal do Rio Grande do Sul (IFRS), o engenheiro Marx Ribeiro, da RWTH Aachen University, na Alemanha, bem como o professor Daniel De Castro, da Universidade Federal de Pelotas (UFPel), montamos o projeto preliminar na \u00e1rea \u00f3rteses e pr\u00f3teses. O projeto tomou corpo principalmente com o Departamento de Engenharia Mec\u00e2nica da UFSM e a empresa Ortopedia Campon\u00eas Ltda\u201d, relata.<\/p>\n<p style=\"color: #1c1c1c;font-size: 16px\">O projeto foi contemplado pelo edital com R$ 933 mil (valor total R$ 1.196.814,80). O montante ser\u00e1 aplicado em uma m\u00e1quina de fadiga, computadores, instrumenta\u00e7\u00e3o e bolsas. Segundo Nicolini, a aprova\u00e7\u00e3o no edital ser\u00e1 fundamental para impacto imediato e futuras expans\u00f5es na pesquisa de \u00f3rteses e pr\u00f3teses em n\u00edvel nacional. \u201cO montante \u00e9 fundamental para avan\u00e7armos nas pesquisas e realizarmos o desenvolvimento de \u00f3rteses e pr\u00f3teses eficazes, eficientes, confort\u00e1veis e com alto valor agregado. Vemos a UFSM com potencial para atuar como protagonista na pesquisa e desenvolvimento do setor. Mais importante, isso tem impacto direto na sociedade, pois contribui para que usu\u00e1rios de \u00f3rteses e pr\u00f3teses possam viver uma vida saud\u00e1vel, produtiva, independente e digna, com plena participa\u00e7\u00e3o no processo de educa\u00e7\u00e3o, do mercado de trabalho e da vida social\u201d, enfatiza.<\/p>\n<h3 style=\"line-height: 1.2;font-size: 1.75rem;color: #1c1c1c\">\u201c<b>Guardi\u00f5es da Ciber Sustentabilidade\u201d<\/b><\/h3>\n<p style=\"color: #1c1c1c;font-size: 16px\">O projeto \u201cGuardi\u00f5es da Ciber Sustentabilidade\u201d foi aprovado no Edital GameRS. Aliando videogame, meio ambiente e educa\u00e7\u00e3o, o projeto \u00e9 uma idealiza\u00e7\u00e3o do professor Ricardo Tombesi Macedo, do Departamento de Tecnologia da Informa\u00e7\u00e3o do Campus Frederico Westphalen, coordenador t\u00e9cnico da proposta. O projeto destaca-se por sua abordagem em usar a gamifica\u00e7\u00e3o para promover a conscientiza\u00e7\u00e3o sobre sustentabilidade nas escolas p\u00fablicas e privadas. A aprova\u00e7\u00e3o no edital GameRS representa um impulso significativo para a iniciativa, que busca n\u00e3o apenas transformar a experi\u00eancia educacional, mas tamb\u00e9m impactar positivamente a ind\u00fastria de jogos no Rio Grande do Sul.<\/p>\n<p style=\"color: #1c1c1c;font-size: 16px\">O professor destaca que os jogadores ter\u00e3o a oportunidade de explorar tr\u00eas mapas diferentes, cada um contextualizando um desastre ambiental brasileiro: queimadas no Cerrado; desmatamento da Amaz\u00f4nia; e o acidente com o C\u00e9sio 137, que ocorreu em 1987, em Goi\u00e2nia (GO). O objetivo \u00e9 que o jogador tente \u201cminimizar\u201d os efeitos negativos dos desastres, seja em rela\u00e7\u00e3o ao solo, ao ar ou \u00e0 \u00e1gua.<\/p>\n<p style=\"color: #1c1c1c;font-size: 16px\">O valor aprovado para o desenvolvimento da proposta \u201cGuardi\u00f5es da Ciber Sustentabilidade\u201d foi de R$ 201,4 mil (total de R$ 310 mil com as contrapartidas). O montante ser\u00e1 utilizado para a compra de equipamentos voltados \u00e0 programa\u00e7\u00e3o e ao desenvolvimento do jogo e para o pagamento de m\u00e3o-de-obra. O prazo m\u00e1ximo para a execu\u00e7\u00e3o do projeto \u00e9 de dois anos.<\/p>\n<p style=\"color: #1c1c1c;font-size: 16px\">O projeto ser\u00e1 desenvolvido pela UFSM, atrav\u00e9s da cria\u00e7\u00e3o de softwares e do jogo eletr\u00f4nico, em parceria com a startup Performance Digital, vinculada \u00e0 Pulsar Incubadora Tecnol\u00f3gica. O Instituto Municipal Assis Brasil, de Iju\u00ed (RS), ser\u00e1 a escola contemplada para a realiza\u00e7\u00e3o dos testes \u2013 os alunos ter\u00e3o a possibilidade de aprender com o videogame. \u00c0 Performance Vegetal, conforme Betania Vahl de Paula, CEO da startup, caber\u00e1 estruturar o produto do projeto, o jogo, em um modelo de neg\u00f3cio. \u201cA startup vai desenvolver canva, desenvolver canais de vendas, precifica\u00e7\u00e3o. A parte de mercado mesmo, essa \u00e9 a contribui\u00e7\u00e3o da Performance para esse projeto\u201d, explica.<\/p>\n<p style=\"color: #1c1c1c;font-size: 16px\">O coordenador comenta que a submiss\u00e3o e aprova\u00e7\u00e3o do projeto foi algo muito esperado, e garante que a equipe \u201cvai conseguir tirar o m\u00e1ximo de proveito para levar \u00e0 comunidade esse benef\u00edcio e fazer essa pesquisa com um n\u00edvel de excel\u00eancia\u201d.<\/p>\n<h3 style=\"line-height: 1.2;font-size: 1.75rem;color: #1c1c1c\">\u201c<b>Treinamento e Capacita\u00e7\u00e3o de Recursos Humanos em Microeletr\u00f4nica (Tche)\u201d<\/b><\/h3>\n<p style=\"color: #1c1c1c;font-size: 16px\">O projeto \u201cTreinamento e Capacita\u00e7\u00e3o de Recursos Humanos em Microeletr\u00f4nica (Tche)\u201d foi uma das propostas aprovadas no edital Inova Semicondutores. Com a aprova\u00e7\u00e3o, a Universidade vai desenvolver a capacita\u00e7\u00e3o de alunos do \u00faltimo semestre de cursos ligados \u00e0 microeletr\u00f4nica e semicondutores. O valor destinado \u00e0 proposta \u00e9 de R$ 999,5 mil (total de R$ 1,361 milh\u00e3o), que ser\u00e1 investido no custeio de bolsas para os alunos participantes do projeto e tamb\u00e9m em despesas com equipamentos e materiais.<\/p>\n<p style=\"color: #1c1c1c;font-size: 16px\">O edital contemplou tr\u00eas propostas voltadas para o desenvolvimento de circuitos internos integrados (popularmente conhecidos como \u201cchips\u201d), com o objetivo o apoio a projetos e implementa\u00e7\u00e3o de capacita\u00e7\u00e3o t\u00e9cnica, em n\u00edvel de extens\u00e3o universit\u00e1ria. Por isso, o projeto Tche ser\u00e1 aplicado de forma a capacitar alunos do \u00faltimo semestre dos cursos das \u00e1reas de Engenharia Eletr\u00f4nica, Ci\u00eancias da Computa\u00e7\u00e3o e Sistemas de Informa\u00e7\u00e3o, entre outros, e qualificar o trabalho promovido nessa \u00e1rea de atua\u00e7\u00e3o. Ao todo, 20 alunos ser\u00e3o selecionados para passar por um curso intensivo de seis meses para desenvolver seus conhecimentos te\u00f3ricos e pr\u00e1ticos na \u00e1rea de circuitos digitais.<\/p>\n<p style=\"color: #1c1c1c;font-size: 16px\">A proposta foi idealizada por uma equipe formada pelos professores Andr\u00e9 Luiz Aita (coordenador do projeto), Jo\u00e3o Baptista Martins, Leonardo Londero, C\u00e9sar Augusto Prior, Mateus Beck Rutzig, Everton Alceu Carara e Maur\u00edcio Banaszeski. O objetivo \u00e9 ampliar o trabalho desenvolvido na UFSM para al\u00e9m do tempo do edital e transformar Santa Maria em um grande centro de capacita\u00e7\u00e3o e forma\u00e7\u00e3o de recursos humanos em microeletr\u00f4nica.<\/p>\n<p style=\"color: #1c1c1c;font-size: 16px\">O professor Jo\u00e3o Baptista destaca que a ideia da cria\u00e7\u00e3o da proposta j\u00e1 era antiga, e que a divulga\u00e7\u00e3o do edital incentivou a equipe, porque \u00e9 uma grande oportunidade para a \u00e1rea da microeletr\u00f4nica. \u201cA gente sabe que a pr\u00f3pria pandemia trouxe uma car\u00eancia muito grande, para todo o mundo, de semicondutores. Isso fez com que o mundo inteiro olhasse com carinho para essa \u00e1rea extremamente importante: a \u00e1rea de circuitos internos integrados (chips) montados para uma ampla gama de aplica\u00e7\u00f5es\u201d, conclui o professor.<\/p>\n<h3 style=\"line-height: 1.2;font-size: 1.75rem;color: #1c1c1c\">\u201c<b>Destilador inovador para produ\u00e7\u00e3o de etanol em pequena escala: tecnologia para o desenvolvimento do agroneg\u00f3cio regional\u201d<\/b><\/h3>\n<p style=\"color: #1c1c1c;font-size: 16px\">O projeto \u201cDestilador inovador para produ\u00e7\u00e3o de etanol em pequena escala: tecnologia para o desenvolvimento do agroneg\u00f3cio regional\u201d, aprovado no Edital Inova Agro, objetiva aumentar a efici\u00eancia de produ\u00e7\u00e3o e transi\u00e7\u00e3o energ\u00e9tica do estado.<\/p>\n<p style=\"color: #1c1c1c;font-size: 16px\">Foi criado pelos docentes pesquisadores do Laborat\u00f3rio de Processamento de Biomassa e Biocombust\u00edveis (L2B) e do Programa de P\u00f3s-Gradua\u00e7\u00e3o em Engenharia Qu\u00edmica Fl\u00e1vio Dias Mayer, Ronaldo Hoffmann, Ederson Rossi Abaide e Michel Brondani. A ideia surgiu a partir de estudos desenvolvidos na Universidade, em que observou-se que a principal dificuldade para a produ\u00e7\u00e3o de etanol em pequena escala est\u00e1 no processo de destila\u00e7\u00e3o. Assim, a proposta objetiva a constru\u00e7\u00e3o de um prot\u00f3tipo de destilador para a produ\u00e7\u00e3o de etanol em pequena escala \u2013 em torno de 30 litros de etanol combust\u00edvel por hora \u2013 a partir de mat\u00e9rias-primas regionais, como cana-de-a\u00e7\u00facar, milho, arroz, trigo e mandioca.<\/p>\n<p style=\"color: #1c1c1c;font-size: 16px\">O projeto receber\u00e1 pelo edital a quantia de R$ 310 mil. O aporte financeiro permitir\u00e1 a aquisi\u00e7\u00e3o de um sistema de cromatografia l\u00edquida de alta efici\u00eancia, que viabilizar\u00e1 an\u00e1lises de amostras para valida\u00e7\u00e3o do processo de destila\u00e7\u00e3o proposto. Al\u00e9m disso, h\u00e1 a previs\u00e3o de uma bolsa DTI 1 \u2013 profissional de n\u00edvel superior, com titula\u00e7\u00e3o de doutor, que ir\u00e1 auxiliar na constitui\u00e7\u00e3o do prot\u00f3tipo. O trabalho conta com o apoio de uma empresa parceira, de Jaguari.<\/p>\n<p style=\"color: #1c1c1c;font-size: 16px\">Como principal resultado do projeto, ser\u00e1 obtido um equipamento em escala comercial para atender a demanda de produtores de etanol em pequena escala no estado, atrav\u00e9s de uma tecnologia mais eficiente, fabricada localmente, e adaptada a pequenas propriedades rurais, considerando a disponibilidade de mat\u00e9ria-prima e recursos humanos.<\/p>\n<p style=\"color: #1c1c1c;font-size: 16px\">Mayer destaca que o projeto permitir\u00e1 \u00e0 UFSM, por meio do L2B, a oportunidade de concretizar um trabalho antigo da Institui\u00e7\u00e3o e \u201coferecer apoio t\u00e9cnico ao setor produtivo, desde capacita\u00e7\u00f5es at\u00e9 servi\u00e7os de an\u00e1lises de laborat\u00f3rio para identifica\u00e7\u00e3o de qualidade de mat\u00e9rias-primas e do etanol combust\u00edvel\u201d.<\/p>\n<h3 style=\"line-height: 1.2;font-size: 1.75rem;color: #1c1c1c\"><b>\u201cAperfei\u00e7oamento de tecnologias para a produ\u00e7\u00e3o de culturas anuais de gr\u00e3os de sequeiro em terras baixas\u201d<\/b><\/h3>\n<p style=\"color: #1c1c1c;font-size: 16px\">O projeto \u201cAperfei\u00e7oamento de tecnologias para a produ\u00e7\u00e3o de culturas anuais de gr\u00e3os de sequeiro em terras baixas\u201d tamb\u00e9m foi aprovado pelo Edital Inova Agro. O valor a ser liberado \u00e9 de R$ 107 mil (total de R$ 295 mil com as contrapartidas). Coordenado pelo professor do Col\u00e9gio Polit\u00e9cnico Luciano Pes, o projeto tem como executora a startup Farm360 e como parceira a startup G2W Sistemas, ambas vinculadas \u00e0 Pulsar Incubadora Tecnol\u00f3gica. Com a proposta de inovar no sistema de plantabilidade, o projeto visa adequar e dimensionar o sistema sulco-camalh\u00e3o, que \u00e9, conforme a Embrapa, um sistema que consiste na estrutura\u00e7\u00e3o da lavoura para a irriga\u00e7\u00e3o por sulcos, obtendo-se, ao mesmo tempo, grande benef\u00edcio em drenagem, com o cultivo sobre os camalh\u00f5es formados entre os sulcos.<\/p>\n<p style=\"color: #1c1c1c;font-size: 16px\">Segundo Andr\u00e9 M\u00fcllich, CEO da Farm360, o papel da startup \u00e9 fazer todo o dimensionamento do projeto, realizando o estudo do terreno. J\u00e1 a G2W entra como fornecedora da antena que ser\u00e1 usada para medir a altimetria do talh\u00e3o.<\/p>\n<p style=\"color: #1c1c1c;font-size: 16px\">O projeto inclui uma \u00e1rea piloto no Col\u00e9gio Polit\u00e9cnico, na qual o sistema sulco-camalh\u00e3o j\u00e1 foi implementado mesmo antes da aprova\u00e7\u00e3o. A iniciativa busca n\u00e3o apenas realizar estudos dentro da Universidade, mas tamb\u00e9m estabelecer parcerias com produtores locais para dar continuidade \u00e0 pesquisa.<\/p>\n<blockquote style=\"line-height: 1.2;font-size: 1.75rem;color: #1c1c1c\">\n<p>\u201c<b>An\u00e1lise econ\u00f4mica e ambiental de lavouras de soja e arroz\u201d<\/b><\/p>\n<\/blockquote>\n<p style=\"color: #1c1c1c;font-size: 16px\">O Edital Inova Agro tamb\u00e9m aprovou, da UFSM, o projeto \u201cAn\u00e1lise econ\u00f4mica e ambiental de lavouras de soja e arroz\u201d. O valor aportado pela Secretaria \u00e9 de R$ 310 mil (total de R$ 523,5 mil com as contrapartidas). A coordena\u00e7\u00e3o \u00e9 do professor Alencar J\u00fanior Zanon.&nbsp;<\/p>\n<p style=\"color: #1c1c1c;font-size: 16px\">Todos os projetos aprovados nos editais da SICT ter\u00e3o o prazo m\u00e1ximo de dois anos para execu\u00e7\u00e3o. Alguns dos projetos contar\u00e3o com contrapartidas financeiras da UFSM e de empresas envolvidas.<\/p>\n<p style=\"color: #1c1c1c;font-size: 16px\">Na pr\u00f3xima etapa, de formaliza\u00e7\u00e3o dos contratos, a Coordenadoria de Projetos e Conv\u00eanios (Coproc) da Pr\u00f3-Reitoria de Planejamento (Proplan) prestar\u00e1 o aux\u00edlio necess\u00e1rios aos pesquisadores.&nbsp;<\/p>\n<p style=\"color: #1c1c1c;font-size: 16px\"><em>Texto: Andreina Possan, estudante de Jornalismo e estagi\u00e1ria da Ag\u00eancia de Not\u00edcias; Izadora Lemes Rocha e Fabr\u00edcio Dias, bolsistas de Jornalismo do InovaTec UFSM Parque Tecnol\u00f3gico<\/em><br><em>Edi\u00e7\u00e3o: Lucas Casali e Ricardo Bonfanti, jornalistas<\/em><br><em>Artes gr\u00e1ficas: Daniel Michelon De Carli<\/em><\/p>\t\t\t\t\t\t<\/div>\n\t\t\t\t<\/div>\n\t\t\t\t\t<\/div>\n\t\t<\/div>\n\t\t\t\t\t<\/div>\n\t\t<\/section>\n\t\t\t\t<\/div>\n\t\t","protected":false},"excerpt":{"rendered":"<p>Com apoio da Proinova, projetos em diversas \u00e1reas captaram R$ 3,8 milh\u00f5es<\/p>\n","protected":false},"author":6854,"featured_media":6115,"comment_status":"closed","ping_status":"closed","sticky":false,"template":"","format":"standard","meta":{"episode_type":"","audio_file":"","cover_image":"","cover_image_id":"","duration":"","filesize":"","date_recorded":"","explicit":"","block":"","filesize_raw":"","footnotes":""},"categories":[6],"tags":[],"class_list":["post-6114","post","type-post","status-publish","format-standard","has-post-thumbnail","hentry","category-noticias"],"acf":[],"_links":{"self":[{"href":"https:\/\/www.ufsm.br\/pro-reitorias\/proinova\/wp-json\/wp\/v2\/posts\/6114","targetHints":{"allow":["GET"]}}],"collection":[{"href":"https:\/\/www.ufsm.br\/pro-reitorias\/proinova\/wp-json\/wp\/v2\/posts"}],"about":[{"href":"https:\/\/www.ufsm.br\/pro-reitorias\/proinova\/wp-json\/wp\/v2\/types\/post"}],"author":[{"embeddable":true,"href":"https:\/\/www.ufsm.br\/pro-reitorias\/proinova\/wp-json\/wp\/v2\/users\/6854"}],"replies":[{"embeddable":true,"href":"https:\/\/www.ufsm.br\/pro-reitorias\/proinova\/wp-json\/wp\/v2\/comments?post=6114"}],"version-history":[{"count":0,"href":"https:\/\/www.ufsm.br\/pro-reitorias\/proinova\/wp-json\/wp\/v2\/posts\/6114\/revisions"}],"wp:featuredmedia":[{"embeddable":true,"href":"https:\/\/www.ufsm.br\/pro-reitorias\/proinova\/wp-json\/wp\/v2\/media\/6115"}],"wp:attachment":[{"href":"https:\/\/www.ufsm.br\/pro-reitorias\/proinova\/wp-json\/wp\/v2\/media?parent=6114"}],"wp:term":[{"taxonomy":"category","embeddable":true,"href":"https:\/\/www.ufsm.br\/pro-reitorias\/proinova\/wp-json\/wp\/v2\/categories?post=6114"},{"taxonomy":"post_tag","embeddable":true,"href":"https:\/\/www.ufsm.br\/pro-reitorias\/proinova\/wp-json\/wp\/v2\/tags?post=6114"}],"curies":[{"name":"wp","href":"https:\/\/api.w.org\/{rel}","templated":true}]}}