{"id":6449,"date":"2024-03-05T08:19:37","date_gmt":"2024-03-05T11:19:37","guid":{"rendered":"https:\/\/www.ufsm.br\/pro-reitorias\/proinova\/?p=6449"},"modified":"2024-03-05T08:19:39","modified_gmt":"2024-03-05T11:19:39","slug":"ufsm-e-neoenergia-se-unem-em-parceria-para-conservacao-e-restauracao-do-pampa-gaucho","status":"publish","type":"post","link":"https:\/\/www.ufsm.br\/pro-reitorias\/proinova\/2024\/03\/05\/ufsm-e-neoenergia-se-unem-em-parceria-para-conservacao-e-restauracao-do-pampa-gaucho","title":{"rendered":"UFSM e Neoenergia se unem em parceria para conserva\u00e7\u00e3o e restaura\u00e7\u00e3o do Pampa Ga\u00facho"},"content":{"rendered":"\n<p><span style=\"font-weight: 400\">A UFSM e a empresa <\/span><a href=\"https:\/\/www.neoenergia.com\/\"><span style=\"font-weight: 400\">Neoenergia<\/span><\/a><span style=\"font-weight: 400\"> firmaram uma parceria para o desenvolvimento de um projeto com aporte de mais de R$450mil, que visa a conserva\u00e7\u00e3o de esp\u00e9cies amea\u00e7adas e a restaura\u00e7\u00e3o de ecossistemas no Pampa Ga\u00facho. O projeto faz parte do Plano de A\u00e7\u00f5es Territoriais (PAT) Campanha Sul e Serra do Sudeste e tem como objetivo principal produzir conhecimento cient\u00edfico sobre a conserva\u00e7\u00e3o da biodiversidade e a restaura\u00e7\u00e3o de habitats e ecossistemas, com foco especial em esp\u00e9cies criticamente amea\u00e7adas.<\/span><\/p>\n<p><span style=\"font-weight: 400\">De acordo com a coordenadora do projeto, Ana Paula Moreira Rovedder, \u201cestamos montando as equipes, que contar\u00e3o com alunos de p\u00f3s-gradua\u00e7\u00e3o, inicia\u00e7\u00e3o cient\u00edfica e p\u00f3s-doutorado do N\u00facleo de Estudos e Pesquisas em Recupera\u00e7\u00e3o de \u00c1reas Degradadas (NEPRADE) da UFSM\u201d. As expedi\u00e7\u00f5es no territ\u00f3rio que abrange o PAT Campanha Sul e Serra do Sudeste iniciar\u00e3o em mar\u00e7o de 2024, com o objetivo de definir e referenciar as \u00e1reas de estudo e apresentar a proposta \u00e0s comunidades regionais e aos produtores rurais, que poder\u00e3o ser parceiros do projeto.<\/span><\/p>\n<p><span style=\"font-weight: 400\">A parceria com a Neoenergia proporcionar\u00e1 \u00e0 UFSM diversos benef\u00edcios, como a possibilidade da oferta de bolsas aos\u00a0 pesquisadores de mestrado, doutorado ou p\u00f3s-doutorado e a aquisi\u00e7\u00e3o de equipamentos para o n\u00facleo de pesquisa e o desenvolvimento de novas t\u00e9cnicas e conceitos para a restaura\u00e7\u00e3o de ecossistemas, especialmente os ecossistemas rochosos pouco estudados no Pampa.<\/span><\/p>\n<p><span style=\"font-weight: 400\">A coordenadora destaca que, ao desenvolver e aplicar conhecimentos cient\u00edficos e t\u00e9cnicas de restaura\u00e7\u00e3o e conserva\u00e7\u00e3o de \u00e1reas naturais, o projeto contribuir\u00e1 para a preserva\u00e7\u00e3o dos ecossistemas e, consequentemente, para a manuten\u00e7\u00e3o dos servi\u00e7os ecossist\u00eamicos, que desempenham um papel fundamental na mitiga\u00e7\u00e3o dos efeitos das mudan\u00e7as clim\u00e1ticas. Al\u00e9m disso, as t\u00e9cnicas desenvolvidas tamb\u00e9m poder\u00e3o ser aplicadas em outras \u00e1reas com caracter\u00edsticas semelhantes, contribuindo para a conserva\u00e7\u00e3o da biodiversidade e a preserva\u00e7\u00e3o desses ecossistemas \u00fanicos.<\/span><\/p>\n<p><span style=\"font-weight: 400\">Rovedder Conclui que, ao final do projeto, espera-se ter desenvolvido t\u00e9cnicas e tecnologias de restaura\u00e7\u00e3o e conserva\u00e7\u00e3o adaptadas \u00e0s condi\u00e7\u00f5es espec\u00edficas dos ecossistemas contemplados, contribuindo para a preserva\u00e7\u00e3o da biodiversidade e a resili\u00eancia clim\u00e1tica.<\/span><\/p>\n<p>\u00a0<\/p>\n<p dir=\"ltr\">Texto: Gabriela de Almeida \u2013 Bolsista de jornalismo<\/p>\n<p dir=\"ltr\">Revis\u00e3o: Debora Seminoti Tamiosso \u2013 Comunica\u00e7\u00e3o Proinova<\/p>\n","protected":false},"excerpt":{"rendered":"<p>A UFSM e a empresa Neoenergia firmaram uma parceria para o desenvolvimento de um projeto com aporte de mais de R$450mil, que visa a conserva\u00e7\u00e3o de esp\u00e9cies amea\u00e7adas e a restaura\u00e7\u00e3o de ecossistemas no Pampa Ga\u00facho. O projeto faz parte do Plano de A\u00e7\u00f5es Territoriais (PAT) Campanha Sul e Serra do Sudeste e tem como [&hellip;]<\/p>\n","protected":false},"author":6854,"featured_media":6450,"comment_status":"closed","ping_status":"closed","sticky":false,"template":"","format":"standard","meta":{"episode_type":"","audio_file":"","cover_image":"","cover_image_id":"","duration":"","filesize":"","date_recorded":"","explicit":"","block":"","filesize_raw":"","footnotes":""},"categories":[6],"tags":[],"class_list":["post-6449","post","type-post","status-publish","format-standard","has-post-thumbnail","hentry","category-noticias"],"acf":[],"_links":{"self":[{"href":"https:\/\/www.ufsm.br\/pro-reitorias\/proinova\/wp-json\/wp\/v2\/posts\/6449","targetHints":{"allow":["GET"]}}],"collection":[{"href":"https:\/\/www.ufsm.br\/pro-reitorias\/proinova\/wp-json\/wp\/v2\/posts"}],"about":[{"href":"https:\/\/www.ufsm.br\/pro-reitorias\/proinova\/wp-json\/wp\/v2\/types\/post"}],"author":[{"embeddable":true,"href":"https:\/\/www.ufsm.br\/pro-reitorias\/proinova\/wp-json\/wp\/v2\/users\/6854"}],"replies":[{"embeddable":true,"href":"https:\/\/www.ufsm.br\/pro-reitorias\/proinova\/wp-json\/wp\/v2\/comments?post=6449"}],"version-history":[{"count":0,"href":"https:\/\/www.ufsm.br\/pro-reitorias\/proinova\/wp-json\/wp\/v2\/posts\/6449\/revisions"}],"wp:featuredmedia":[{"embeddable":true,"href":"https:\/\/www.ufsm.br\/pro-reitorias\/proinova\/wp-json\/wp\/v2\/media\/6450"}],"wp:attachment":[{"href":"https:\/\/www.ufsm.br\/pro-reitorias\/proinova\/wp-json\/wp\/v2\/media?parent=6449"}],"wp:term":[{"taxonomy":"category","embeddable":true,"href":"https:\/\/www.ufsm.br\/pro-reitorias\/proinova\/wp-json\/wp\/v2\/categories?post=6449"},{"taxonomy":"post_tag","embeddable":true,"href":"https:\/\/www.ufsm.br\/pro-reitorias\/proinova\/wp-json\/wp\/v2\/tags?post=6449"}],"curies":[{"name":"wp","href":"https:\/\/api.w.org\/{rel}","templated":true}]}}