{"id":7057,"date":"2024-06-27T11:29:29","date_gmt":"2024-06-27T14:29:29","guid":{"rendered":"https:\/\/www.ufsm.br\/pro-reitorias\/proinova\/?p=7057"},"modified":"2024-06-27T11:32:31","modified_gmt":"2024-06-27T14:32:31","slug":"proinova-realiza-segundo-ideathon-com-alunos-do-ensino-medio-de-santa-maria","status":"publish","type":"post","link":"https:\/\/www.ufsm.br\/pro-reitorias\/proinova\/2024\/06\/27\/proinova-realiza-segundo-ideathon-com-alunos-do-ensino-medio-de-santa-maria","title":{"rendered":"Proinova realiza segundo Ideathon com alunos do ensino m\u00e9dio de Santa Maria"},"content":{"rendered":"\t\t<div data-elementor-type=\"wp-post\" data-elementor-id=\"7057\" class=\"elementor elementor-7057\">\n\t\t\t\t\t\t<section class=\"elementor-section elementor-top-section elementor-element elementor-element-2e01de1f elementor-section-boxed elementor-section-height-default elementor-section-height-default\" data-id=\"2e01de1f\" data-element_type=\"section\">\n\t\t\t\t\t\t<div class=\"elementor-container elementor-column-gap-default\">\n\t\t\t\t\t<div class=\"elementor-column elementor-col-100 elementor-top-column elementor-element elementor-element-4d455ac6\" data-id=\"4d455ac6\" data-element_type=\"column\">\n\t\t\t<div class=\"elementor-widget-wrap elementor-element-populated\">\n\t\t\t\t\t\t<div class=\"elementor-element elementor-element-7b5ce5cf elementor-widget elementor-widget-text-editor\" data-id=\"7b5ce5cf\" data-element_type=\"widget\" data-widget_type=\"text-editor.default\">\n\t\t\t\t<div class=\"elementor-widget-container\">\n\t\t\t\t\t\t\t<!-- wp:tadv\/classic-paragraph \/-->\t\t\t\t\t\t<\/div>\n\t\t\t\t<\/div>\n\t\t\t\t\t<\/div>\n\t\t<\/div>\n\t\t\t\t\t<\/div>\n\t\t<\/section>\n\t\t\t\t<section class=\"elementor-section elementor-top-section elementor-element elementor-element-59ee82a elementor-section-boxed elementor-section-height-default elementor-section-height-default\" data-id=\"59ee82a\" data-element_type=\"section\">\n\t\t\t\t\t\t<div class=\"elementor-container elementor-column-gap-default\">\n\t\t\t\t\t<div class=\"elementor-column elementor-col-100 elementor-top-column elementor-element elementor-element-0f92ac9\" data-id=\"0f92ac9\" data-element_type=\"column\">\n\t\t\t<div class=\"elementor-widget-wrap elementor-element-populated\">\n\t\t\t\t\t\t<section class=\"elementor-section elementor-inner-section elementor-element elementor-element-f8aa35a elementor-section-boxed elementor-section-height-default elementor-section-height-default\" data-id=\"f8aa35a\" data-element_type=\"section\">\n\t\t\t\t\t\t<div class=\"elementor-container elementor-column-gap-default\">\n\t\t\t\t\t<div class=\"elementor-column elementor-col-50 elementor-inner-column elementor-element elementor-element-ed543e6\" data-id=\"ed543e6\" data-element_type=\"column\">\n\t\t\t<div class=\"elementor-widget-wrap elementor-element-populated\">\n\t\t\t\t\t\t<div class=\"elementor-element elementor-element-e6fb3d1 elementor-widget elementor-widget-image\" data-id=\"e6fb3d1\" data-element_type=\"widget\" data-widget_type=\"image.default\">\n\t\t\t\t<div class=\"elementor-widget-container\">\n\t\t\t\t\t\t\t\t\t\t\t\t\t<img fetchpriority=\"high\" decoding=\"async\" width=\"1024\" height=\"768\" src=\"https:\/\/www.ufsm.br\/app\/uploads\/sites\/399\/2024\/06\/WhatsApp-Image-2024-06-27-at-11.00.25-1-1024x768.jpeg\" class=\"attachment-large size-large wp-image-7059\" alt=\"\" srcset=\"https:\/\/www.ufsm.br\/app\/uploads\/sites\/399\/2024\/06\/WhatsApp-Image-2024-06-27-at-11.00.25-1-1024x768.jpeg 1024w, https:\/\/www.ufsm.br\/app\/uploads\/sites\/399\/2024\/06\/WhatsApp-Image-2024-06-27-at-11.00.25-1-300x225.jpeg 300w, https:\/\/www.ufsm.br\/app\/uploads\/sites\/399\/2024\/06\/WhatsApp-Image-2024-06-27-at-11.00.25-1-768x576.jpeg 768w, https:\/\/www.ufsm.br\/app\/uploads\/sites\/399\/2024\/06\/WhatsApp-Image-2024-06-27-at-11.00.25-1.jpeg 1280w\" sizes=\"(max-width: 1024px) 100vw, 1024px\" \/>\t\t\t\t\t\t\t\t\t\t\t\t\t<\/div>\n\t\t\t\t<\/div>\n\t\t\t\t\t<\/div>\n\t\t<\/div>\n\t\t\t\t<div class=\"elementor-column elementor-col-50 elementor-inner-column elementor-element elementor-element-b8e0956\" data-id=\"b8e0956\" data-element_type=\"column\">\n\t\t\t<div class=\"elementor-widget-wrap elementor-element-populated\">\n\t\t\t\t\t\t<div class=\"elementor-element elementor-element-67b7029 elementor-widget elementor-widget-image\" data-id=\"67b7029\" data-element_type=\"widget\" data-widget_type=\"image.default\">\n\t\t\t\t<div class=\"elementor-widget-container\">\n\t\t\t\t\t\t\t\t\t\t\t\t\t<img decoding=\"async\" width=\"1024\" height=\"747\" src=\"https:\/\/www.ufsm.br\/app\/uploads\/sites\/399\/2024\/06\/WhatsApp-Image-2024-06-27-at-11.01.16-1024x747.jpeg\" class=\"attachment-large size-large wp-image-7060\" alt=\"\" srcset=\"https:\/\/www.ufsm.br\/app\/uploads\/sites\/399\/2024\/06\/WhatsApp-Image-2024-06-27-at-11.01.16-1024x747.jpeg 1024w, https:\/\/www.ufsm.br\/app\/uploads\/sites\/399\/2024\/06\/WhatsApp-Image-2024-06-27-at-11.01.16-300x219.jpeg 300w, https:\/\/www.ufsm.br\/app\/uploads\/sites\/399\/2024\/06\/WhatsApp-Image-2024-06-27-at-11.01.16-768x560.jpeg 768w, https:\/\/www.ufsm.br\/app\/uploads\/sites\/399\/2024\/06\/WhatsApp-Image-2024-06-27-at-11.01.16.jpeg 1200w\" sizes=\"(max-width: 1024px) 100vw, 1024px\" \/>\t\t\t\t\t\t\t\t\t\t\t\t\t<\/div>\n\t\t\t\t<\/div>\n\t\t\t\t\t<\/div>\n\t\t<\/div>\n\t\t\t\t\t<\/div>\n\t\t<\/section>\n\t\t\t\t\t<\/div>\n\t\t<\/div>\n\t\t\t\t\t<\/div>\n\t\t<\/section>\n\t\t\t\t<section class=\"elementor-section elementor-top-section elementor-element elementor-element-c01b4b2 elementor-section-boxed elementor-section-height-default elementor-section-height-default\" data-id=\"c01b4b2\" data-element_type=\"section\">\n\t\t\t\t\t\t<div class=\"elementor-container elementor-column-gap-default\">\n\t\t\t\t\t<div class=\"elementor-column elementor-col-100 elementor-top-column elementor-element elementor-element-ae34c94\" data-id=\"ae34c94\" data-element_type=\"column\">\n\t\t\t<div class=\"elementor-widget-wrap elementor-element-populated\">\n\t\t\t\t\t\t<div class=\"elementor-element elementor-element-607a794 elementor-widget elementor-widget-text-editor\" data-id=\"607a794\" data-element_type=\"widget\" data-widget_type=\"text-editor.default\">\n\t\t\t\t<div class=\"elementor-widget-container\">\n\t\t\t\t\t\t\t<p dir=\"ltr\" style=\"line-height: 1.38;margin-top: 0pt;margin-bottom: 0pt\"><span style=\"font-size: 12pt;font-family: Montserrat,sans-serif;color: #000000;background-color: transparent;font-weight: 400;font-style: normal;font-variant: normal;text-decoration: none;vertical-align: baseline\">Na \u00faltima ter\u00e7a-feira, 25, a Coordenadoria de Educa\u00e7\u00e3o Empreendedora (CEE) da Proinova realizou o Ideathon com estudantes do ensino m\u00e9dio de escolas p\u00fablicas de Santa Maria. A Maratona de Inova\u00e7\u00e3o reuniu os estudantes com o objetivo de incentivar o trabalho em equipe e a gera\u00e7\u00e3o de solu\u00e7\u00f5es criativas.<\/span><\/p>\n<p dir=\"ltr\" style=\"line-height: 1.38;margin-top: 0pt;margin-bottom: 0pt\"><span style=\"font-size: 12pt;font-family: Montserrat,sans-serif;color: #000000;background-color: transparent;font-weight: 400;font-style: normal;font-variant: normal;text-decoration: none;vertical-align: baseline\">\u00a0<\/span><\/p>\n<p dir=\"ltr\" style=\"line-height: 1.38;margin-top: 0pt;margin-bottom: 0pt\"><span style=\"font-size: 12pt;font-family: Montserrat,sans-serif;color: #000000;background-color: transparent;font-weight: 400;font-style: normal;font-variant: normal;text-decoration: none;vertical-align: baseline\">A Coordenadora do CEE, Carmen Brum Rosa, destacou a import\u00e2ncia de se trabalhar a criatividade dentro das escolas e incentivar os alunos a pensar em resolu\u00e7\u00f5es para seus problemas, que podem ser comuns aos colegas.<\/span><\/p>\n<p dir=\"ltr\" style=\"line-height: 1.38;margin-top: 0pt;margin-bottom: 0pt\"><span style=\"font-size: 12pt;font-family: Montserrat,sans-serif;color: #000000;background-color: transparent;font-weight: 400;font-style: normal;font-variant: normal;text-decoration: none;vertical-align: baseline\">\u201cDesde o primeiro momento da Maratona, n\u00f3s convidamos os alunos a compartilhar os problemas que enfrentam diariamente e pensar em maneiras de deixar a ida ao col\u00e9gio mais entusiasmante. Eles se questionam se esse problema n\u00e3o \u00e9 o mesmo dos colegas e, a partir desse olhar cr\u00edtico, procuram solu\u00e7\u00f5es.\u201d &#8211; afirmou a Coordenadora.<\/span><\/p>\n<p dir=\"ltr\" style=\"line-height: 1.38;margin-top: 0pt;margin-bottom: 0pt\"><span style=\"font-size: 12pt;font-family: Montserrat,sans-serif;color: #000000;background-color: transparent;font-weight: 400;font-style: normal;font-variant: normal;text-decoration: none;vertical-align: baseline\">\u00a0<\/span><\/p>\n<p dir=\"ltr\" style=\"line-height: 1.38;margin-top: 0pt;margin-bottom: 0pt\"><span style=\"font-size: 12pt;font-family: Montserrat,sans-serif;color: #000000;background-color: transparent;font-weight: 400;font-style: normal;font-variant: normal;text-decoration: none;vertical-align: baseline\">Tamb\u00e9m esteve presente na atividade a Liga i9, organiza\u00e7\u00e3o de empreendedorismo formada por estudantes da UFSM. Eles contribu\u00edram como mentores e ajudaram a conduzir as atividades do Ideathon. Tamb\u00e9m apresentaram aos alunos a oportunidade de fazer parte da Liga i9 ao ingressarem na Universidade.<\/span><\/p>\n<p dir=\"ltr\" style=\"line-height: 1.38;margin-top: 0pt;margin-bottom: 0pt\"><span style=\"font-size: 12pt;font-family: Montserrat,sans-serif;color: #000000;background-color: transparent;font-weight: 400;font-style: normal;font-variant: normal;text-decoration: none;vertical-align: baseline\">\u00a0<\/span><\/p>\n<p dir=\"ltr\" style=\"line-height: 1.38;margin-top: 0pt;margin-bottom: 0pt\"><span style=\"font-size: 12pt;font-family: Montserrat,sans-serif;color: #000000;background-color: transparent;font-weight: 400;font-style: normal;font-variant: normal;text-decoration: none;vertical-align: baseline\">O evento integrou as a\u00e7\u00f5es do<\/span><a style=\"text-decoration: none\" href=\"https:\/\/www.ufsm.br\/pro-reitorias\/proinova\/2024\/06\/05\/proinova-participa-do-conecta-cidade-universitaria-com-dinamicas-e-palestras\"><span style=\"font-size: 12pt;font-family: Montserrat,sans-serif;color: #1155cc;background-color: transparent;font-weight: 400;font-style: normal;font-variant: normal;text-decoration: underline;vertical-align: baseline\"> \u201cConecta Cidade Universit\u00e1ria\u201d<\/span><\/a><span style=\"font-size: 12pt;font-family: Montserrat,sans-serif;color: #000000;background-color: transparent;font-weight: 400;font-style: normal;font-variant: normal;text-decoration: none;vertical-align: baseline\"> e recebeu os estudantes das escolas que participaram <\/span><span style=\"font-size: 12pt;font-family: Montserrat,sans-serif;color: #212529;background-color: #ffffff;font-weight: 400;font-style: normal;font-variant: normal;text-decoration: none;vertical-align: baseline\">do evento Inova\u00e7\u00e3o e Leitura, da Feira Fora da Feira, anexa \u00e0 programa\u00e7\u00e3o da 51\u00aa Feira do Livro de Santa Maria. As atividades ocorreram no LabCriativo, das 14h \u00e0s 17h, no Mercado da Vila Belga.<\/span><\/p>\n<p dir=\"ltr\" style=\"line-height: 1.38;margin-top: 0pt;margin-bottom: 0pt\"><span style=\"font-size: 12pt;font-family: Montserrat,sans-serif;color: #212529;background-color: #ffffff;font-weight: 400;font-style: normal;font-variant: normal;text-decoration: none;vertical-align: baseline\">\u00a0<\/span><\/p>\n<p dir=\"ltr\" style=\"line-height: 1.38;margin-top: 0pt;margin-bottom: 0pt\"><span style=\"font-size: 12pt;font-family: Montserrat,sans-serif;color: #212529;background-color: #ffffff;font-weight: 400;font-style: normal;font-variant: normal;text-decoration: none;vertical-align: baseline\">Ainda ser\u00e3o realizadas mais duas rodadas de Ideathon, que acontecer\u00e3o nos dias 2 e 11 de julho.<\/span><\/p>\n<p dir=\"ltr\" style=\"line-height: 1.38;margin-top: 0pt;margin-bottom: 0pt\"><span style=\"font-size: 12pt;font-family: Montserrat,sans-serif;color: #212529;background-color: #ffffff;font-weight: 400;font-style: normal;font-variant: normal;text-decoration: none;vertical-align: baseline\">\u00a0<\/span><\/p>\n<p dir=\"ltr\" style=\"line-height: 1.38;margin-top: 0pt;margin-bottom: 0pt\"><span style=\"font-size: 12pt;font-family: Montserrat,sans-serif;color: #212529;background-color: #ffffff;font-weight: 400;font-style: normal;font-variant: normal;text-decoration: none;vertical-align: baseline\">\u00a0<\/span><\/p>\n<p dir=\"ltr\" style=\"line-height: 1.38;margin-top: 0pt;margin-bottom: 0pt\"><span>Texto: Gabriela de Almeida, bolsista de jornalismo da Proinova.<\/span><\/p>\n<p dir=\"ltr\" style=\"line-height: 1.38;margin-top: 0pt;margin-bottom: 0pt\"><span>Revis\u00e3o: Debora Seminoti Tamiosso, comunica\u00e7\u00e3o Proinova.<\/span><\/p>\t\t\t\t\t\t<\/div>\n\t\t\t\t<\/div>\n\t\t\t\t\t<\/div>\n\t\t<\/div>\n\t\t\t\t\t<\/div>\n\t\t<\/section>\n\t\t\t\t<\/div>\n\t\t","protected":false},"excerpt":{"rendered":"<p>Na \u00faltima ter\u00e7a-feira, 25, a Coordenadoria de Educa\u00e7\u00e3o Empreendedora (CEE) da Proinova realizou o Ideathon com estudantes do ensino m\u00e9dio de escolas p\u00fablicas de Santa Maria. A Maratona de Inova\u00e7\u00e3o reuniu os estudantes com o objetivo de incentivar o trabalho em equipe e a gera\u00e7\u00e3o de solu\u00e7\u00f5es criativas. \u00a0 A Coordenadora do CEE, Carmen Brum [&hellip;]<\/p>\n","protected":false},"author":6854,"featured_media":7058,"comment_status":"closed","ping_status":"closed","sticky":false,"template":"","format":"standard","meta":{"episode_type":"","audio_file":"","cover_image":"","cover_image_id":"","duration":"","filesize":"","date_recorded":"","explicit":"","block":"","filesize_raw":"","footnotes":""},"categories":[6],"tags":[],"class_list":["post-7057","post","type-post","status-publish","format-standard","has-post-thumbnail","hentry","category-noticias"],"acf":[],"_links":{"self":[{"href":"https:\/\/www.ufsm.br\/pro-reitorias\/proinova\/wp-json\/wp\/v2\/posts\/7057","targetHints":{"allow":["GET"]}}],"collection":[{"href":"https:\/\/www.ufsm.br\/pro-reitorias\/proinova\/wp-json\/wp\/v2\/posts"}],"about":[{"href":"https:\/\/www.ufsm.br\/pro-reitorias\/proinova\/wp-json\/wp\/v2\/types\/post"}],"author":[{"embeddable":true,"href":"https:\/\/www.ufsm.br\/pro-reitorias\/proinova\/wp-json\/wp\/v2\/users\/6854"}],"replies":[{"embeddable":true,"href":"https:\/\/www.ufsm.br\/pro-reitorias\/proinova\/wp-json\/wp\/v2\/comments?post=7057"}],"version-history":[{"count":0,"href":"https:\/\/www.ufsm.br\/pro-reitorias\/proinova\/wp-json\/wp\/v2\/posts\/7057\/revisions"}],"wp:featuredmedia":[{"embeddable":true,"href":"https:\/\/www.ufsm.br\/pro-reitorias\/proinova\/wp-json\/wp\/v2\/media\/7058"}],"wp:attachment":[{"href":"https:\/\/www.ufsm.br\/pro-reitorias\/proinova\/wp-json\/wp\/v2\/media?parent=7057"}],"wp:term":[{"taxonomy":"category","embeddable":true,"href":"https:\/\/www.ufsm.br\/pro-reitorias\/proinova\/wp-json\/wp\/v2\/categories?post=7057"},{"taxonomy":"post_tag","embeddable":true,"href":"https:\/\/www.ufsm.br\/pro-reitorias\/proinova\/wp-json\/wp\/v2\/tags?post=7057"}],"curies":[{"name":"wp","href":"https:\/\/api.w.org\/{rel}","templated":true}]}}