{"id":7510,"date":"2024-10-04T10:38:07","date_gmt":"2024-10-04T13:38:07","guid":{"rendered":"https:\/\/www.ufsm.br\/pro-reitorias\/proinova\/?p=7510"},"modified":"2024-10-04T11:03:38","modified_gmt":"2024-10-04T14:03:38","slug":"ufsm-participa-de-projeto-para-desenvolver-estacao-de-troca-de-baterias-inovadora-para-micromobilidade","status":"publish","type":"post","link":"https:\/\/www.ufsm.br\/pro-reitorias\/proinova\/2024\/10\/04\/ufsm-participa-de-projeto-para-desenvolver-estacao-de-troca-de-baterias-inovadora-para-micromobilidade","title":{"rendered":"UFSM participa de projeto para desenvolver esta\u00e7\u00e3o de troca de baterias inovadora para micromobilidade"},"content":{"rendered":"\n<p><span style=\"font-weight: 400\">A UFSM assinou um acordo de parceria para desenvolver o projeto \u201cArmazenamento virtual de energia para transa\u00e7\u00f5es peer to peer baseada em rede de esta\u00e7\u00f5es de recarga battery swap de micromobilidade\u201d, voltado para a cria\u00e7\u00e3o da primeira esta\u00e7\u00e3o de troca de baterias para micromobilidade no Brasil, com foco em bicicletas e motos el\u00e9tricas. A proposta, desenvolvida em parceria com a startup <\/span><a href=\"https:\/\/www.energy2go.com.br\/\"><span style=\"font-weight: 400\">Energy2Go<\/span><\/a><span style=\"font-weight: 400\"> e com colabora\u00e7\u00e3o da <\/span><a href=\"https:\/\/www.itaipuparquetec.org.br\/cibiogas\/\"><span style=\"font-weight: 400\">Cibiog\u00e1s<\/span><\/a><span style=\"font-weight: 400\">, foi aprovada pela Financiadora de Estudos e Projetos (FINEP) no \u00e2mbito do programa de inova\u00e7\u00f5es radicais no setor el\u00e9trico, com um valor total de mais de R$8 milh\u00f5es, sendo quase R$2 milh\u00f5es o valor contratado para a UFSM.<\/span><\/p>\n<p><span style=\"font-weight: 400\">O objetivo principal do projeto \u00e9 construir uma esta\u00e7\u00e3o de \u201cswap\u201d de baterias que n\u00e3o s\u00f3 facilite a troca de baterias de ve\u00edculos de micromobilidade, como tamb\u00e9m permita a transa\u00e7\u00e3o de energia entre as baterias e a rede el\u00e9trica. &#8220;Quando a esta\u00e7\u00e3o n\u00e3o estiver sendo usada para troca de baterias, a energia armazenada poder\u00e1 ser devolvida \u00e0 rede ou ser utilizada para recarregar baterias, aproveitando excedentes de energia solar, e\u00f3lica ou de biomassa&#8221;, explica a coordenadora da iniciativa na UFSM, professora Luciane Silva Neves.<\/span><\/p>\n<p><span style=\"font-weight: 400\">Al\u00e9m de facilitar a mobilidade el\u00e9trica, a esta\u00e7\u00e3o ter\u00e1 uma fun\u00e7\u00e3o dupla ao atuar como uma \u201cusina virtual\u201d de energia. Isso permitir\u00e1 a uni\u00e3o de v\u00e1rias esta\u00e7\u00f5es, formando uma central de armazenamento que tanto pode fornecer energia quanto absorver excedentes, contribuindo para o equil\u00edbrio da rede el\u00e9trica. A inova\u00e7\u00e3o ser\u00e1 pioneira no Brasil e ter\u00e1 a primeira esta\u00e7\u00e3o f\u00edsica instalada na UFSM, marcando um avan\u00e7o significativo na micromobilidade do pa\u00eds. &#8220;A maior parte dos deliveries j\u00e1 est\u00e1 migrando para motos el\u00e9tricas. Queremos n\u00e3o apenas desenvolver a tecnologia, mas tamb\u00e9m impulsionar o uso desses ve\u00edculos na cidade&#8221;, acrescenta a coordenadora.<\/span><\/p>\n<p><span style=\"font-weight: 400\">Al\u00e9m da esta\u00e7\u00e3o, o projeto tamb\u00e9m trar\u00e1 mais benef\u00edcio \u00e0 UFSM. Tr\u00eas doutorandos e at\u00e9 dois mestrandos ir\u00e3o desenvolver suas pesquisas no \u00e2mbito da iniciativa, juntamente com dois t\u00e9cnicos da universidade. Ainda,\u00a0 a parceria inclui a aquisi\u00e7\u00e3o de duas motos e duas bicicletas el\u00e9tricas\u00a0 e de uma esta\u00e7\u00e3o de troca de baterias que ficar\u00e1 permanentemente na universidade. Para a sociedade, por sua vez, o impacto vai al\u00e9m da tecnologia. A expectativa \u00e9 que o projeto colabore com o aprimoramento da regula\u00e7\u00e3o de sistemas de armazenamento de energia, que a Ag\u00eancia Nacional de Energia El\u00e9trica (ANEEL) deve lan\u00e7ar at\u00e9 o final de 2024.<\/span><\/p>\n<p><span style=\"font-weight: 400\">Durante o desenvolvimento do projeto, a equipe da Universidade ir\u00e1 se concentrar no desenvolvimento do software de gest\u00e3o das baterias, contratos inteligentes e algoritmos para o agendamento das trocas, enquanto a Cibiog\u00e1s ficar\u00e1 respons\u00e1vel pelos aspectos regulat\u00f3rios e a Energy2Go desenvolver\u00e1 a esta\u00e7\u00e3o. A conclus\u00e3o do projeto est\u00e1 prevista para meados de 2025, com o desenvolvimento de 15 a 20 esta\u00e7\u00f5es de troca de baterias que ser\u00e3o instaladas em cidades como Rio de Janeiro, Paran\u00e1 e S\u00e3o Paulo. A UFSM ter\u00e1 uma esta\u00e7\u00e3o modelo, enquanto a equipe de pesquisadores trabalha para que a tecnologia alcance o n\u00edvel de maturidade necess\u00e1rio para uma eventual industrializa\u00e7\u00e3o e inser\u00e7\u00e3o no mercado.<\/span><\/p>\n<p>\u00a0<\/p>\n<p><em>Texto: Gabriela de Almeida, bolsista de comunica\u00e7\u00e3o da Proinova.<\/em><\/p>\n<p><em>Revis\u00e3o: Debora Seminoti Tamiosso, comunica\u00e7\u00e3o Proinova.<\/em><\/p>\n","protected":false},"excerpt":{"rendered":"<p>A UFSM assinou um acordo de parceria para desenvolver o projeto \u201cArmazenamento virtual de energia para transa\u00e7\u00f5es peer to peer baseada em rede de esta\u00e7\u00f5es de recarga battery swap de micromobilidade\u201d, voltado para a cria\u00e7\u00e3o da primeira esta\u00e7\u00e3o de troca de baterias para micromobilidade no Brasil, com foco em bicicletas e motos el\u00e9tricas. A proposta, [&hellip;]<\/p>\n","protected":false},"author":6854,"featured_media":7511,"comment_status":"closed","ping_status":"closed","sticky":false,"template":"","format":"standard","meta":{"episode_type":"","audio_file":"","cover_image":"","cover_image_id":"","duration":"","filesize":"","date_recorded":"","explicit":"","block":"","filesize_raw":"","footnotes":""},"categories":[6],"tags":[],"class_list":["post-7510","post","type-post","status-publish","format-standard","has-post-thumbnail","hentry","category-noticias"],"acf":[],"_links":{"self":[{"href":"https:\/\/www.ufsm.br\/pro-reitorias\/proinova\/wp-json\/wp\/v2\/posts\/7510","targetHints":{"allow":["GET"]}}],"collection":[{"href":"https:\/\/www.ufsm.br\/pro-reitorias\/proinova\/wp-json\/wp\/v2\/posts"}],"about":[{"href":"https:\/\/www.ufsm.br\/pro-reitorias\/proinova\/wp-json\/wp\/v2\/types\/post"}],"author":[{"embeddable":true,"href":"https:\/\/www.ufsm.br\/pro-reitorias\/proinova\/wp-json\/wp\/v2\/users\/6854"}],"replies":[{"embeddable":true,"href":"https:\/\/www.ufsm.br\/pro-reitorias\/proinova\/wp-json\/wp\/v2\/comments?post=7510"}],"version-history":[{"count":0,"href":"https:\/\/www.ufsm.br\/pro-reitorias\/proinova\/wp-json\/wp\/v2\/posts\/7510\/revisions"}],"wp:featuredmedia":[{"embeddable":true,"href":"https:\/\/www.ufsm.br\/pro-reitorias\/proinova\/wp-json\/wp\/v2\/media\/7511"}],"wp:attachment":[{"href":"https:\/\/www.ufsm.br\/pro-reitorias\/proinova\/wp-json\/wp\/v2\/media?parent=7510"}],"wp:term":[{"taxonomy":"category","embeddable":true,"href":"https:\/\/www.ufsm.br\/pro-reitorias\/proinova\/wp-json\/wp\/v2\/categories?post=7510"},{"taxonomy":"post_tag","embeddable":true,"href":"https:\/\/www.ufsm.br\/pro-reitorias\/proinova\/wp-json\/wp\/v2\/tags?post=7510"}],"curies":[{"name":"wp","href":"https:\/\/api.w.org\/{rel}","templated":true}]}}