{"id":8402,"date":"2025-05-05T14:43:43","date_gmt":"2025-05-05T17:43:43","guid":{"rendered":"https:\/\/www.ufsm.br\/pro-reitorias\/proinova\/?p=8402"},"modified":"2025-05-05T14:43:44","modified_gmt":"2025-05-05T17:43:44","slug":"publicado-o-edital-de-concessao-de-cotas-iti-aos-docentes-da-ufsm","status":"publish","type":"post","link":"https:\/\/www.ufsm.br\/pro-reitorias\/proinova\/2025\/05\/05\/publicado-o-edital-de-concessao-de-cotas-iti-aos-docentes-da-ufsm","title":{"rendered":"Publicado o edital de concess\u00e3o de cotas ITI aos docentes da UFSM"},"content":{"rendered":"\n<p><span style=\"font-weight: 400\">A Pr\u00f3-Reitoria de Inova\u00e7\u00e3o e Empreendedorismo (PROINOVA) e a Pr\u00f3-Reitoria de P\u00f3s-Gradua\u00e7\u00e3o e Pesquisa (PRPGP) informam que est\u00e1 publicado o edital de concess\u00e3o de cotas de bolsas de ITI. As inscri\u00e7\u00f5es de solicita\u00e7\u00f5es est\u00e3o abertas de 01 a 14 de maio de 2025 exclusivamente pelo Portal Docente ou pelo Portal de Recursos Humanos da UFSM. A<\/span><span style=\"font-weight: 400\">s orienta\u00e7\u00f5es e demais etapas constam no<\/span><span style=\"font-weight: 400\"> Edital ITI Unificado PRPGP\/UFSM N.\u00ba 010\/2025.\u00a0<\/span><\/p>\n<p><span style=\"font-weight: 400\">As cotas de bolsas do Programa Institucional de Bolsas de Inicia\u00e7\u00e3o em Desenvolvimento Tecnol\u00f3gico e Inova\u00e7\u00e3o PIBITI do CNPq e PROBITI da FAPERGS, tem o per\u00edodo de vig\u00eancia entre 01\/09\/2025 e 31\/08\/2026, o qual se constituir\u00e1 das etapas descritas no edital, conforme a Chamada CNPq No 06\/2024, a Resolu\u00e7\u00e3o Normativa RN 017\/2006 do CNPq e o Edital 02\/2025 da FAPERGS.<\/span><\/p>\n<p><span style=\"font-weight: 400\">\u00a0O(A)s docentes da UFSM interessados devem clicar no link abaixo para acessarem o Edital com o cronograma das etapas e toda a documenta\u00e7\u00e3o necess\u00e1ria para submiss\u00e3o das solicita\u00e7\u00f5es.\u00a0\u00a0\u00a0<\/span><\/p>\n<p><a href=\"https:\/\/www.ufsm.br\/pro-reitorias\/proinova\/editais\/010-2025\"><span style=\"font-weight: 400\">Edital <\/span><span style=\"font-weight: 400\">010\/2025 &#8211; ITI Unificado PRPGP\/UFSM.<\/span><\/a><\/p>\n\n\n","protected":false},"excerpt":{"rendered":"<p>A Pr\u00f3-Reitoria de Inova\u00e7\u00e3o e Empreendedorismo (PROINOVA) e a Pr\u00f3-Reitoria de P\u00f3s-Gradua\u00e7\u00e3o e Pesquisa (PRPGP) informam que est\u00e1 publicado o edital de concess\u00e3o de cotas de bolsas de ITI. As inscri\u00e7\u00f5es de solicita\u00e7\u00f5es est\u00e3o abertas de 01 a 14 de maio de 2025 exclusivamente pelo Portal Docente ou pelo Portal de Recursos Humanos da UFSM. [&hellip;]<\/p>\n","protected":false},"author":8827,"featured_media":0,"comment_status":"closed","ping_status":"closed","sticky":false,"template":"","format":"standard","meta":{"episode_type":"","audio_file":"","cover_image":"","cover_image_id":"","duration":"","filesize":"","date_recorded":"","explicit":"","block":"","filesize_raw":"","footnotes":""},"categories":[6],"tags":[673],"class_list":["post-8402","post","type-post","status-publish","format-standard","hentry","category-noticias","tag-drops"],"acf":[],"_links":{"self":[{"href":"https:\/\/www.ufsm.br\/pro-reitorias\/proinova\/wp-json\/wp\/v2\/posts\/8402","targetHints":{"allow":["GET"]}}],"collection":[{"href":"https:\/\/www.ufsm.br\/pro-reitorias\/proinova\/wp-json\/wp\/v2\/posts"}],"about":[{"href":"https:\/\/www.ufsm.br\/pro-reitorias\/proinova\/wp-json\/wp\/v2\/types\/post"}],"author":[{"embeddable":true,"href":"https:\/\/www.ufsm.br\/pro-reitorias\/proinova\/wp-json\/wp\/v2\/users\/8827"}],"replies":[{"embeddable":true,"href":"https:\/\/www.ufsm.br\/pro-reitorias\/proinova\/wp-json\/wp\/v2\/comments?post=8402"}],"version-history":[{"count":0,"href":"https:\/\/www.ufsm.br\/pro-reitorias\/proinova\/wp-json\/wp\/v2\/posts\/8402\/revisions"}],"wp:attachment":[{"href":"https:\/\/www.ufsm.br\/pro-reitorias\/proinova\/wp-json\/wp\/v2\/media?parent=8402"}],"wp:term":[{"taxonomy":"category","embeddable":true,"href":"https:\/\/www.ufsm.br\/pro-reitorias\/proinova\/wp-json\/wp\/v2\/categories?post=8402"},{"taxonomy":"post_tag","embeddable":true,"href":"https:\/\/www.ufsm.br\/pro-reitorias\/proinova\/wp-json\/wp\/v2\/tags?post=8402"}],"curies":[{"name":"wp","href":"https:\/\/api.w.org\/{rel}","templated":true}]}}