{"id":8464,"date":"2025-05-16T16:08:52","date_gmt":"2025-05-16T19:08:52","guid":{"rendered":"https:\/\/www.ufsm.br\/pro-reitorias\/proinova\/?p=8464"},"modified":"2025-05-19T15:52:30","modified_gmt":"2025-05-19T18:52:30","slug":"inovacao-e-seguranca-juridica-sao-temas-centrais-de-evento-realizado-na-ufsm","status":"publish","type":"post","link":"https:\/\/www.ufsm.br\/pro-reitorias\/proinova\/2025\/05\/16\/inovacao-e-seguranca-juridica-sao-temas-centrais-de-evento-realizado-na-ufsm","title":{"rendered":"Inova\u00e7\u00e3o e seguran\u00e7a jur\u00eddica s\u00e3o temas centrais de evento realizado na UFSM"},"content":{"rendered":"\t\t<div data-elementor-type=\"wp-post\" data-elementor-id=\"8464\" class=\"elementor elementor-8464\">\n\t\t\t\t\t\t<section class=\"elementor-section elementor-top-section elementor-element elementor-element-337d6eb8 elementor-section-boxed elementor-section-height-default elementor-section-height-default\" data-id=\"337d6eb8\" data-element_type=\"section\">\n\t\t\t\t\t\t<div class=\"elementor-container elementor-column-gap-default\">\n\t\t\t\t\t<div class=\"elementor-column elementor-col-100 elementor-top-column elementor-element elementor-element-d0b3748\" data-id=\"d0b3748\" data-element_type=\"column\">\n\t\t\t<div class=\"elementor-widget-wrap elementor-element-populated\">\n\t\t\t\t\t\t<div class=\"elementor-element elementor-element-54458211 elementor-widget elementor-widget-text-editor\" data-id=\"54458211\" data-element_type=\"widget\" data-widget_type=\"text-editor.default\">\n\t\t\t\t<div class=\"elementor-widget-container\">\n\t\t\t\t\t\t\t<!-- wp:tadv\/classic-paragraph -->\n<p><span style=\"font-weight: 400\">Na \u00faltima ter\u00e7a-feira, 13 de maio, a UFSM recebeu os Procuradores Federais Ronaldo Orlandi da Silva e B\u00e1rbara Tuyama Sollero, para palestrar no evento \u201cCT&amp;I: Fortalecendo a Inova\u00e7\u00e3o na UFSM\u201d, promovido pela Pr\u00f3-Reitoria de Inova\u00e7\u00e3o e Empreendedorismo da Universidade. As palestras abordaram os temas:\u00a0<\/span><\/p>\n<ul>\n<li style=\"font-weight: 400\"><span style=\"font-weight: 400\">Apresenta\u00e7\u00e3o sobre a Equipe Nacional de Ci\u00eancia, Tecnologia e Inova\u00e7\u00e3o \u2013 ECT&amp;I<\/span><\/li>\n<li style=\"font-weight: 400\"><span style=\"font-weight: 400\">Benef\u00edcios do ingresso da UFSM na ECT&amp;I;<\/span><\/li>\n<li style=\"font-weight: 400\"><span style=\"font-weight: 400\">Import\u00e2ncia da cl\u00e1usula de PI e TT nos contratos de acordo de parceria (divis\u00e3o de titularidade, cess\u00e3o no P&amp;D, valora\u00e7\u00e3o);<\/span><\/li>\n<li style=\"font-weight: 400\"><span style=\"font-weight: 400\">Import\u00e2ncia da formaliza\u00e7\u00e3o de todos os tipos de intera\u00e7\u00e3o com entes externos e consequ\u00eancias da falta de formaliza\u00e7\u00e3o.<\/span><\/li>\n<\/ul>\n<p><span style=\"font-weight: 400\">De acordo com Ronaldo Orlandi da Silva, o ingresso da UFSM na ECT&amp;I permitir\u00e1 maior agilidade e seguran\u00e7a jur\u00eddica nos processos da \u00e1rea. \u201cA Procuradoria local ter\u00e1 o apoio de colegas especializados e experientes, dando mais celeridade aos processos e maior seguran\u00e7a jur\u00eddica na atua\u00e7\u00e3o da PROINOVA nos projetos da \u00e1rea do Marco Legal de Ci\u00eancia, Tecnologia e Inova\u00e7\u00e3o\u201d, afirmou.<\/span><\/p>\n<p><span style=\"font-weight: 400\">Com experi\u00eancia em institui\u00e7\u00f5es como CNEN e UFMG, Orlandi destacou os desafios mais comuns enfrentados pelas universidades na gest\u00e3o de projetos de inova\u00e7\u00e3o. Entre eles, apontou a falta de integra\u00e7\u00e3o entre \u00f3rg\u00e3os jur\u00eddicos e N\u00facleos de Inova\u00e7\u00e3o Tecnol\u00f3gica (NITs), aus\u00eancia de fluxos de trabalho padronizados e pol\u00edticas de inova\u00e7\u00e3o desatualizadas.<\/span><\/p>\n<p><span style=\"font-weight: 400\">Sobre a import\u00e2ncia das cl\u00e1usulas de Propriedade Intelectual e Transfer\u00eancia de Tecnologia nos contratos, o procurador afirmou: \u201cEssas cl\u00e1usulas asseguram direitos e protegem o patrim\u00f4nio da universidade. Sem elas, h\u00e1 riscos jur\u00eddicos e patrimoniais que podem recair sobre os agentes envolvidos\u201d, alertou.<\/span><\/p>\n<p><span style=\"font-weight: 400\">A Procuradora Federal B\u00e1rbara Tuyama Sollero tamb\u00e9m refor\u00e7ou, em entrevista, a import\u00e2ncia da formaliza\u00e7\u00e3o das intera\u00e7\u00f5es com entes externos. \u201cQuando reuni\u00f5es, e-mails e conversas ficam formalizados no processo administrativo, torna-se poss\u00edvel justificar a lisura dos atos administrativos e a sua conformidade com a lei, al\u00e9m de deixar claro que o contato \u00e9 institucional, evitando conflitos e lit\u00edgios\u201d, destacou.<\/span><\/p>\n<p><span style=\"font-weight: 400\">B\u00e1rbara tamb\u00e9m comentou que, em parcerias internacionais, \u00e9 essencial considerar as quest\u00f5es de imunidade jurisdicional. \u201cEm caso de conflito com entidades que possuem imunidade, n\u00e3o seria poss\u00edvel acionar a justi\u00e7a brasileira sem que houvesse ren\u00fancia expressa dessa prerrogativa\u201d, explicou.<\/span><\/p>\n<p><span style=\"font-weight: 400\">Ela avaliou positivamente a iniciativa da UFSM em promover o evento, destacando que \u201cessas a\u00e7\u00f5es aproximam a universidade e as unidades de assessoramento jur\u00eddico, permitindo uma compreens\u00e3o m\u00fatua das demandas e desafios, o que contribui para um assessoramento mais eficiente\u201d.<\/span><\/p>\n<p><span style=\"font-weight: 400\">Al\u00e9m das palestras com os Procuradores Federais, a programa\u00e7\u00e3o tamb\u00e9m incluiu:<\/span><\/p>\n<p><span style=\"font-weight: 400\">&#8211; Lan\u00e7amento do Programa de Propriedade Intelectual da UFSM, que promove capacita\u00e7\u00f5es e mentorias e a disciplina \u201c<\/span><span style=\"font-weight: 400\">Introdu\u00e7\u00e3o \u00e0 Propriedade Intelectu<\/span><span style=\"font-weight: 400\">al\u201d, dispon\u00edvel como Atividade Complementar de P\u00f3s-Gradua\u00e7\u00e3o (ACPG)<\/span><span style=\"font-weight: 400\">. Essas a\u00e7\u00f5es <\/span><span style=\"font-weight: 400\">buscam sensibilizar a comunidade universit\u00e1ria sobre a import\u00e2ncia da propriedade intelectual, apresentar as diretrizes e benef\u00edcios da prote\u00e7\u00e3o das cria\u00e7\u00f5es e estimular a participa\u00e7\u00e3o ativa de pesquisadores, estudantes e empreendedores na gera\u00e7\u00e3o de conhecimento com impacto social e econ\u00f4mico.\u00a0<\/span><\/p>\n<p><span style=\"font-weight: 400\">&#8211;\u00a0 Apresenta\u00e7\u00e3o sobre as atualiza\u00e7\u00f5es na formaliza\u00e7\u00e3o dos projetos de Pesquisa, Desenvolvimento e Inova\u00e7\u00e3o (PD&amp;I), realizadas pelo N\u00facleo de Apoio a Projetos (NAP) da Proinova. As atualiza\u00e7\u00f5es buscam facilitar os processos burocr\u00e1ticos, otimizando o tempo para a formaliza\u00e7\u00e3o dos projetos.<\/span><\/p>\n<p><span style=\"font-weight: 400\">Confira a grava\u00e7\u00e3o do evento, dispon\u00edvel no Youtube: <\/span><a href=\"https:\/\/youtu.be\/05ggNP5x0WU\"><span style=\"font-weight: 400\" data-rich-links=\"{&quot;fple-t&quot;:&quot;CT&amp;I - Fortalecendo a inova\u00e7\u00e3o na UFSM&quot;,&quot;fple-u&quot;:&quot;https:\/\/youtu.be\/05ggNP5x0WU&quot;,&quot;fple-mt&quot;:null,&quot;type&quot;:&quot;first-party-link&quot;}\">CT&amp;I &#8211; Fortalecendo a inova\u00e7\u00e3o na UFSM<\/span><\/a><\/p>\n<p>\u00a0<\/p>\n<h1><b>Sobre os palestrantes\u00a0<\/b><\/h1>\n<p><b>B\u00e1rbara Tuyama Sollero:<\/b><\/p>\n<p>Procuradora Federal, desde 2007, membro da Equipe de Ci\u00eancia, Tecnologia e Inova\u00e7\u00e3o (ECT&amp;I). Mestre em Direito pela UFMG.<\/p>\n<p><b>Ronaldo Orlandi da Silva:<\/b><\/p>\n<p><span style=\"font-weight: 400\">Procurador Federal da Advocacia-Geral da Uni\u00e3o \u2013 AGU. Trabalhou por 20 anos na Procuradoria Federal junto \u00e0 Comiss\u00e3o Nacional de Energia Nuclear &#8211; CNEN, em institutos de pesquisa em S\u00e3o Paulo e Belo Horizonte. Atuou tamb\u00e9m, por 8 anos, na Procuradoria Federal junto \u00e0 Universidade Federal de Minas Gerais \u2013 UFMG. Desde 2023 faz parte da equipe de Ci\u00eancia, Tecnologia e Inova\u00e7\u00e3o da Procuradoria-Geral Federal.<\/span><\/p>\n<p>\u00a0<\/p>\n<p>Fotos do evento:<\/p>\n<!-- \/wp:tadv\/classic-paragraph -->\t\t\t\t\t\t<\/div>\n\t\t\t\t<\/div>\n\t\t\t\t<div class=\"elementor-element elementor-element-9aaa8dc elementor-arrows-position-inside elementor-pagination-position-outside elementor-widget elementor-widget-image-carousel\" data-id=\"9aaa8dc\" data-element_type=\"widget\" data-settings=\"{&quot;navigation&quot;:&quot;both&quot;,&quot;autoplay&quot;:&quot;yes&quot;,&quot;pause_on_hover&quot;:&quot;yes&quot;,&quot;pause_on_interaction&quot;:&quot;yes&quot;,&quot;autoplay_speed&quot;:5000,&quot;infinite&quot;:&quot;yes&quot;,&quot;speed&quot;:500}\" data-widget_type=\"image-carousel.default\">\n\t\t\t\t<div class=\"elementor-widget-container\">\n\t\t\t\t\t<div class=\"elementor-image-carousel-wrapper swiper\" dir=\"ltr\">\n\t\t\t<div class=\"elementor-image-carousel swiper-wrapper\" aria-live=\"off\">\n\t\t\t\t\t\t\t\t<div class=\"swiper-slide\" role=\"group\" aria-roledescription=\"slide\" aria-label=\"1 of 7\"><figure class=\"swiper-slide-inner\"><img decoding=\"async\" class=\"swiper-slide-image\" src=\"https:\/\/www.ufsm.br\/app\/uploads\/sites\/399\/2025\/05\/Print-Procuradora-palestra-225x300.jpg\" alt=\"Print Procuradora palestra\" \/><\/figure><\/div><div class=\"swiper-slide\" role=\"group\" aria-roledescription=\"slide\" aria-label=\"2 of 7\"><figure class=\"swiper-slide-inner\"><img decoding=\"async\" class=\"swiper-slide-image\" src=\"https:\/\/www.ufsm.br\/app\/uploads\/sites\/399\/2025\/05\/Print-Procuradora-168x300.jpg\" alt=\"Print Procuradora\" \/><\/figure><\/div><div class=\"swiper-slide\" role=\"group\" aria-roledescription=\"slide\" aria-label=\"3 of 7\"><figure class=\"swiper-slide-inner\"><img decoding=\"async\" class=\"swiper-slide-image\" src=\"https:\/\/www.ufsm.br\/app\/uploads\/sites\/399\/2025\/05\/Print-procurador-palestra-225x300.jpg\" alt=\"Print procurador palestra\" \/><\/figure><\/div><div class=\"swiper-slide\" role=\"group\" aria-roledescription=\"slide\" aria-label=\"4 of 7\"><figure class=\"swiper-slide-inner\"><img decoding=\"async\" class=\"swiper-slide-image\" src=\"https:\/\/www.ufsm.br\/app\/uploads\/sites\/399\/2025\/05\/Print-Procurador-169x300.jpg\" alt=\"Print Procurador\" \/><\/figure><\/div><div class=\"swiper-slide\" role=\"group\" aria-roledescription=\"slide\" aria-label=\"5 of 7\"><figure class=\"swiper-slide-inner\"><img decoding=\"async\" class=\"swiper-slide-image\" src=\"https:\/\/www.ufsm.br\/app\/uploads\/sites\/399\/2025\/05\/Print-Lucio-225x300.jpg\" alt=\"Print Lucio\" \/><\/figure><\/div><div class=\"swiper-slide\" role=\"group\" aria-roledescription=\"slide\" aria-label=\"6 of 7\"><figure class=\"swiper-slide-inner\"><img decoding=\"async\" class=\"swiper-slide-image\" src=\"https:\/\/www.ufsm.br\/app\/uploads\/sites\/399\/2025\/05\/Print-Ives-225x300.jpg\" alt=\"Print Ives\" \/><\/figure><\/div><div class=\"swiper-slide\" role=\"group\" aria-roledescription=\"slide\" aria-label=\"7 of 7\"><figure class=\"swiper-slide-inner\"><img decoding=\"async\" class=\"swiper-slide-image\" src=\"https:\/\/www.ufsm.br\/app\/uploads\/sites\/399\/2025\/05\/20250513_142729-168x300.jpg\" alt=\"20250513_142729\" \/><\/figure><\/div>\t\t\t<\/div>\n\t\t\t\t\t\t\t\t\t\t\t\t<div class=\"elementor-swiper-button elementor-swiper-button-prev\" role=\"button\" tabindex=\"0\">\n\t\t\t\t\t\t<i aria-hidden=\"true\" class=\"eicon-chevron-left\"><\/i>\t\t\t\t\t<\/div>\n\t\t\t\t\t<div class=\"elementor-swiper-button elementor-swiper-button-next\" role=\"button\" tabindex=\"0\">\n\t\t\t\t\t\t<i aria-hidden=\"true\" class=\"eicon-chevron-right\"><\/i>\t\t\t\t\t<\/div>\n\t\t\t\t\n\t\t\t\t\t\t\t\t\t<div class=\"swiper-pagination\"><\/div>\n\t\t\t\t\t\t\t\t\t<\/div>\n\t\t\t\t<\/div>\n\t\t\t\t<\/div>\n\t\t\t\t\t<\/div>\n\t\t<\/div>\n\t\t\t\t\t<\/div>\n\t\t<\/section>\n\t\t\t\t<section class=\"elementor-section elementor-top-section elementor-element elementor-element-d3aca39 elementor-section-boxed elementor-section-height-default elementor-section-height-default\" data-id=\"d3aca39\" data-element_type=\"section\">\n\t\t\t\t\t\t<div class=\"elementor-container elementor-column-gap-default\">\n\t\t\t\t\t<div class=\"elementor-column elementor-col-100 elementor-top-column elementor-element elementor-element-fed3ee0\" data-id=\"fed3ee0\" data-element_type=\"column\">\n\t\t\t<div class=\"elementor-widget-wrap elementor-element-populated\">\n\t\t\t\t\t\t<div class=\"elementor-element elementor-element-dd81998 elementor-widget elementor-widget-text-editor\" data-id=\"dd81998\" data-element_type=\"widget\" data-widget_type=\"text-editor.default\">\n\t\t\t\t<div class=\"elementor-widget-container\">\n\t\t\t\t\t\t\t<p><em>Texto: Gabriela de Almeida, bolsista de jornalismo da Proinova. <\/em><\/p>\n<p><em>Revis\u00e3o: Debora Seminoti Tamiosso, comunica\u00e7\u00e3o Proinova.<\/em><\/p>\n<p>Fotos: Comunica\u00e7\u00e3o Proinova.<\/p>\t\t\t\t\t\t<\/div>\n\t\t\t\t<\/div>\n\t\t\t\t\t<\/div>\n\t\t<\/div>\n\t\t\t\t\t<\/div>\n\t\t<\/section>\n\t\t\t\t<\/div>\n\t\t","protected":false},"excerpt":{"rendered":"<p>O evento \u201cCT&amp;I: Fortalecendo a Inova\u00e7\u00e3o na UFSM\u201d contou com a presen\u00e7a dos Procuradores Federais Ronaldo Orlandi da Silva e B\u00e1rbara Tuyama Sollero<\/p>\n","protected":false},"author":6854,"featured_media":8465,"comment_status":"closed","ping_status":"closed","sticky":false,"template":"","format":"standard","meta":{"episode_type":"","audio_file":"","cover_image":"","cover_image_id":"","duration":"","filesize":"","date_recorded":"","explicit":"","block":"","filesize_raw":"","footnotes":""},"categories":[6],"tags":[],"class_list":["post-8464","post","type-post","status-publish","format-standard","has-post-thumbnail","hentry","category-noticias"],"acf":[],"_links":{"self":[{"href":"https:\/\/www.ufsm.br\/pro-reitorias\/proinova\/wp-json\/wp\/v2\/posts\/8464","targetHints":{"allow":["GET"]}}],"collection":[{"href":"https:\/\/www.ufsm.br\/pro-reitorias\/proinova\/wp-json\/wp\/v2\/posts"}],"about":[{"href":"https:\/\/www.ufsm.br\/pro-reitorias\/proinova\/wp-json\/wp\/v2\/types\/post"}],"author":[{"embeddable":true,"href":"https:\/\/www.ufsm.br\/pro-reitorias\/proinova\/wp-json\/wp\/v2\/users\/6854"}],"replies":[{"embeddable":true,"href":"https:\/\/www.ufsm.br\/pro-reitorias\/proinova\/wp-json\/wp\/v2\/comments?post=8464"}],"version-history":[{"count":0,"href":"https:\/\/www.ufsm.br\/pro-reitorias\/proinova\/wp-json\/wp\/v2\/posts\/8464\/revisions"}],"wp:featuredmedia":[{"embeddable":true,"href":"https:\/\/www.ufsm.br\/pro-reitorias\/proinova\/wp-json\/wp\/v2\/media\/8465"}],"wp:attachment":[{"href":"https:\/\/www.ufsm.br\/pro-reitorias\/proinova\/wp-json\/wp\/v2\/media?parent=8464"}],"wp:term":[{"taxonomy":"category","embeddable":true,"href":"https:\/\/www.ufsm.br\/pro-reitorias\/proinova\/wp-json\/wp\/v2\/categories?post=8464"},{"taxonomy":"post_tag","embeddable":true,"href":"https:\/\/www.ufsm.br\/pro-reitorias\/proinova\/wp-json\/wp\/v2\/tags?post=8464"}],"curies":[{"name":"wp","href":"https:\/\/api.w.org\/{rel}","templated":true}]}}