{"id":8547,"date":"2025-06-10T16:11:05","date_gmt":"2025-06-10T19:11:05","guid":{"rendered":"https:\/\/www.ufsm.br\/pro-reitorias\/proinova\/?p=8547"},"modified":"2025-06-25T14:59:16","modified_gmt":"2025-06-25T17:59:16","slug":"apresentacao-de-pitches-marca-encerramento-do-programa-de-inovacao-aberta-do-ccs","status":"publish","type":"post","link":"https:\/\/www.ufsm.br\/pro-reitorias\/proinova\/2025\/06\/10\/apresentacao-de-pitches-marca-encerramento-do-programa-de-inovacao-aberta-do-ccs","title":{"rendered":"Apresenta\u00e7\u00e3o de pitches marca encerramento do Programa de Inova\u00e7\u00e3o Aberta do CCS"},"content":{"rendered":"\t\t<div data-elementor-type=\"wp-post\" data-elementor-id=\"8547\" class=\"elementor elementor-8547\">\n\t\t\t\t\t\t<section class=\"elementor-section elementor-top-section elementor-element elementor-element-195ef3a7 elementor-section-boxed elementor-section-height-default elementor-section-height-default\" data-id=\"195ef3a7\" data-element_type=\"section\">\n\t\t\t\t\t\t<div class=\"elementor-container elementor-column-gap-default\">\n\t\t\t\t\t<div class=\"elementor-column elementor-col-100 elementor-top-column elementor-element elementor-element-3e292b74\" data-id=\"3e292b74\" data-element_type=\"column\">\n\t\t\t<div class=\"elementor-widget-wrap elementor-element-populated\">\n\t\t\t\t\t\t<div class=\"elementor-element elementor-element-64c987f7 elementor-widget elementor-widget-text-editor\" data-id=\"64c987f7\" data-element_type=\"widget\" data-widget_type=\"text-editor.default\">\n\t\t\t\t<div class=\"elementor-widget-container\">\n\t\t\t\t\t\t\t<!-- wp:tadv\/classic-paragraph -->\n<p><span style=\"font-weight: 400\">A Pr\u00f3-Reitoria de Inova\u00e7\u00e3o e Empreendedorismo (Proinova), em parceria com o Centro de Ci\u00eancias da Sa\u00fade (CCS), promove o evento \u201cConex\u00f5es para o Futuro: Parcerias Estrat\u00e9gicas e Inova\u00e7\u00e3o Aberta\u201d, que celebra o encerramento do Programa de Inova\u00e7\u00e3o Aberta CCS.<\/span><\/p>\n<p><span style=\"font-weight: 400\">Durante o encontro ser\u00e3o apresentados os <\/span><i><span style=\"font-weight: 400\">pitches<\/span><\/i><span style=\"font-weight: 400\"> dos projetos participantes da etapa de modelagem de neg\u00f3cios, com solu\u00e7\u00f5es inovadoras desenvolvidas ao longo do programa.<\/span><\/p>\n<p><span style=\"font-weight: 400\">O Programa de Inova\u00e7\u00e3o Aberta CCS promoveu a conex\u00e3o entre a pesquisa acad\u00eamica e o ecossistema de inova\u00e7\u00e3o, capacitando pesquisadores para atuarem na interface entre ci\u00eancia e mercado.<\/span><\/p>\n<p><span style=\"font-weight: 400\">Os participantes passaram por um percurso formativo que incluiu treinamentos, submiss\u00e3o de projetos, estrutura\u00e7\u00e3o de business cases, propostas de parcerias estrat\u00e9gicas e entrevistas com profissionais do setor da sa\u00fade. O objetivo foi identificar desafios reais e transform\u00e1-los em solu\u00e7\u00f5es aplic\u00e1veis, alinhadas ao mercado e com potencial de impacto.<\/span><\/p>\n<p><span style=\"font-weight: 400\">\ud83d\udcc5 <\/span><b>Data:<\/b><span style=\"font-weight: 400\"> 03 de julho<\/span><span style=\"font-weight: 400\"><br \/><\/span><span style=\"font-weight: 400\"> \u23f0 <\/span><b>Hor\u00e1rio:<\/b><span style=\"font-weight: 400\"> A partir das 08h30min<\/span><span style=\"font-weight: 400\"><br \/><\/span><span style=\"font-weight: 400\"> \ud83d\udccd <\/span><b>Local:<\/b><span style=\"font-weight: 400\"> Espa\u00e7o Collab InovaTec UFSM\u00a0<\/span><span style=\"font-weight: 400\"><br \/><\/span><span style=\"font-weight: 400\"> \ud83d\udd17 <\/span><b>Formato h\u00edbrido<\/b><span style=\"font-weight: 400\">, com transmiss\u00e3o pelo Google Meet para inscritos que n\u00e3o estar\u00e3o em Santa Maria &#8211; RS na data do evento.<br \/><br \/><br \/>Conhe\u00e7a os projetos que ser\u00e3o apresentados:<br \/><\/span><\/p>\n<p><span style=\"font-weight: 400\"><strong>&#8220;Filmes Hidrossol\u00faveis para Aplica\u00e7\u00f5es Cosm\u00e9ticas Avan\u00e7adas\u201d<\/strong>\u00a0<\/span><\/p>\n<p><span style=\"font-weight: 400\">Inova\u00e7\u00e3o desenvolvida: <\/span><span style=\"font-weight: 400\">Biopol\u00edmeros sol\u00faveis s\u00e3o uma alternativa promissora aos ingredientes convencionais em cosm\u00e9ticos, oferecendo resist\u00eancia \u00e0 \u00e1gua, menor custo e menor impacto ambiental.<\/span><\/p>\n<p><span style=\"font-weight: 400\">Por: Let\u00edcia Cruz e Charlene Menezes<br \/><\/span><span style=\"font-weight: 400\"><br \/><\/span><\/p>\n<p><span style=\"font-weight: 500\"><strong>\u201cEfeitos da Anredera cordifolia em cicatriza\u00e7\u00e3o de les\u00f5es de pele de pessoas com diabetes<\/strong>\u201d:<\/span><\/p>\n<p><span style=\"font-weight: 400\">Inova\u00e7\u00e3o desenvolvida: <\/span><span style=\"font-weight: 400\">Desenvolver uma indica\u00e7\u00e3o terap\u00eautica para les\u00f5es de dif\u00edcil cicatriza\u00e7\u00e3o em pessoas com diabetes ser\u00e1 uma inova\u00e7\u00e3o. As op\u00e7\u00f5es atuais s\u00e3o caras e de acesso limitado, apesar da alta incid\u00eancia dessas les\u00f5es, especialmente em idosos com diabetes.<\/span><\/p>\n<p><span style=\"font-weight: 400\">Por: Maria Denise Schimith, Fernanda Barbisan, Ivana Beatrice M\u00e2nica da Cruz e Elisa Vanessa Heisler.<br \/><\/span><span style=\"font-weight: 400\"><br \/><\/span><\/p>\n<p><strong>\u2018\u2019\u00d3rtese de posicionamento para m\u00e3o hemipl\u00e9gica\u2019\u2019<\/strong><\/p>\n<p><span style=\"font-weight: 400\">Inova\u00e7\u00e3o desenvolvida:\u00a0<\/span><span style=\"font-weight: 400\">A inova\u00e7\u00e3o est\u00e1 no design da \u00f3rtese, que inibe padr\u00f5es motores inadequados e permite ao usu\u00e1rio coloc\u00e1-la e retir\u00e1-la de forma independente, conforme orienta\u00e7\u00e3o do fisioterapeuta.<\/span><\/p>\n<p><span style=\"font-weight: 400\">Por: Ana Lucia Prado, Sergio Brondan e Julia Mazzanti<\/span><\/p>\n<p>\u00a0<\/p>\n<p><strong>\u201cDesenvolvimento de Novos Candidatos a Filtros Solares Org\u00e2nicos\u2019\u2019<\/strong><\/p>\n<p><span style=\"font-weight: 400\">Inova\u00e7\u00e3o desenvolvida: <\/span><span style=\"font-weight: 400\">A inova\u00e7\u00e3o est\u00e1 no uso de novas mol\u00e9culas com boa fotoestabilidade e resultados promissores de seguran\u00e7a em estudos preliminares.<\/span><\/p>\n<p><span style=\"font-weight: 400\">Por: Gabriela Marcon, Fernando Fumagalli, Leticia Cruz e Andressa Castro<\/span><\/p>\n<p><br \/><br \/><strong>\u201cValia\u00e7\u00e3o do impacto da terapia celular e proloterapia nas les\u00f5es musculoesquel\u00e9ticas.\u2019\u2019<\/strong><\/p>\n<p><span style=\"font-weight: 400\">\u00a0Inova\u00e7\u00e3o desenvolvida:\u00a0<\/span><span style=\"font-weight: 400\">Terapias como PRP, PRP-LR, plasma rico em fibrina, BMAC e CAG t\u00eam sido usadas no tratamento de les\u00f5es musculoesquel\u00e9ticas. No entanto, seus mecanismos de a\u00e7\u00e3o ainda n\u00e3o s\u00e3o totalmente compreendidos e os efeitos cl\u00ednicos precisam de mais evid\u00eancias.<\/span><\/p>\n<p><span style=\"font-weight: 400\">Por: Suzinara de Lima, Helena Noal, Marcio Rubin e Jocelaine Graci\u00f3li<\/span><\/p>\n<p>\u00a0<\/p>\n<p><strong>\u201cAplicativo m\u00f3vel para o c\u00e1lculo da dosagem dos antimicrobianos em pediatria: Tradu\u00e7\u00e3o do conhecimento\u2019\u2019<\/strong><\/p>\n<p><span style=\"font-weight: 400\">Inova\u00e7\u00e3o desenvolvida: A abordagem \u00e9 inovadora por envolver uma equipe multidisciplinar desde o in\u00edcio e atender a uma demanda real da enfermagem pedi\u00e1trica. O aplicativo m\u00f3vel para c\u00e1lculo preciso de antimicrobianos em pediatria atende \u00e0 necessidade de melhorar a seguran\u00e7a do paciente na administra\u00e7\u00e3o de medicamentos.<\/span><\/p>\n<p><span style=\"font-weight: 400\">Por: Ana Cl\u00e1udia Neves, Rafaela Andolhe e Cristiane de Paula<\/span><\/p>\n<p><span style=\"font-weight: 400\"><br \/><strong>\u201cSolu\u00e7\u00f5es em IA para m\u00e9dicos\u201d<\/strong><\/span><\/p>\n<p><span style=\"font-weight: 400\">Inova\u00e7\u00e3o desenvolvida: N\u00e3o h\u00e1 no mercado uma tecnologia de intelig\u00eancia artificial que auxilia m\u00e9dicos na tomada de decis\u00e3o de forma integrada. Melhora no atendimento ao paciente com decis\u00f5es baseadas nas melhores evid\u00eancias, reduzindo burocracias e aumentando o tempo dedicado \u00e0 escuta ativa.<\/span><\/p>\n<p><span style=\"font-weight: 400\">Por: Guilherme Rossato<\/span><\/p>\n<p>\u00a0<\/p>\n<p><strong>&#8220;<\/strong><span style=\"font-weight: 400\"><strong>Dispositivo integrado para eleva\u00e7\u00e3o e pesagem de pacientes em macas de unidades m\u00f3veis em sa\u00fade&#8221;<\/strong><br \/><br \/>Inova\u00e7\u00e3o desenvolvida: Esta pesquisa prop\u00f5e um sistema inovador que integra eleva\u00e7\u00e3o autom\u00e1tica das macas e pesagem precisa de pacientes em ambul\u00e2ncias. A solu\u00e7\u00e3o reduz o esfor\u00e7o f\u00edsico da equipe, previne les\u00f5es e melhora a precis\u00e3o na administra\u00e7\u00e3o de medicamentos. Sua combina\u00e7\u00e3o de ergonomia e tecnologia promove mais seguran\u00e7a e efici\u00eancia no atendimento m\u00f3vel.<\/span><\/p>\n<p><span style=\"font-weight: 400\">\u00a0Por: Marion Silva<\/span><\/p>\n<!-- \/wp:tadv\/classic-paragraph --><!-- wp:tadv\/classic-paragraph \/-->\t\t\t\t\t\t<\/div>\n\t\t\t\t<\/div>\n\t\t\t\t\t<\/div>\n\t\t<\/div>\n\t\t\t\t\t<\/div>\n\t\t<\/section>\n\t\t\t\t<\/div>\n\t\t","protected":false},"excerpt":{"rendered":"<p>\u201cConex\u00f5es para o Futuro: Parcerias Estrat\u00e9gicas e Inova\u00e7\u00e3o Aberta\u201d acontece no dia 03 de julho no Espa\u00e7o Collab InovaTec <\/p>\n","protected":false},"author":650,"featured_media":0,"comment_status":"closed","ping_status":"closed","sticky":false,"template":"","format":"standard","meta":{"episode_type":"","audio_file":"","cover_image":"","cover_image_id":"","duration":"","filesize":"","date_recorded":"","explicit":"","block":"","filesize_raw":"","footnotes":""},"categories":[6],"tags":[673],"class_list":["post-8547","post","type-post","status-publish","format-standard","hentry","category-noticias","tag-drops"],"acf":[],"_links":{"self":[{"href":"https:\/\/www.ufsm.br\/pro-reitorias\/proinova\/wp-json\/wp\/v2\/posts\/8547","targetHints":{"allow":["GET"]}}],"collection":[{"href":"https:\/\/www.ufsm.br\/pro-reitorias\/proinova\/wp-json\/wp\/v2\/posts"}],"about":[{"href":"https:\/\/www.ufsm.br\/pro-reitorias\/proinova\/wp-json\/wp\/v2\/types\/post"}],"author":[{"embeddable":true,"href":"https:\/\/www.ufsm.br\/pro-reitorias\/proinova\/wp-json\/wp\/v2\/users\/650"}],"replies":[{"embeddable":true,"href":"https:\/\/www.ufsm.br\/pro-reitorias\/proinova\/wp-json\/wp\/v2\/comments?post=8547"}],"version-history":[{"count":0,"href":"https:\/\/www.ufsm.br\/pro-reitorias\/proinova\/wp-json\/wp\/v2\/posts\/8547\/revisions"}],"wp:attachment":[{"href":"https:\/\/www.ufsm.br\/pro-reitorias\/proinova\/wp-json\/wp\/v2\/media?parent=8547"}],"wp:term":[{"taxonomy":"category","embeddable":true,"href":"https:\/\/www.ufsm.br\/pro-reitorias\/proinova\/wp-json\/wp\/v2\/categories?post=8547"},{"taxonomy":"post_tag","embeddable":true,"href":"https:\/\/www.ufsm.br\/pro-reitorias\/proinova\/wp-json\/wp\/v2\/tags?post=8547"}],"curies":[{"name":"wp","href":"https:\/\/api.w.org\/{rel}","templated":true}]}}