{"id":8602,"date":"2025-06-25T14:21:46","date_gmt":"2025-06-25T17:21:46","guid":{"rendered":"https:\/\/www.ufsm.br\/pro-reitorias\/proinova\/?p=8602"},"modified":"2025-06-25T14:29:59","modified_gmt":"2025-06-25T17:29:59","slug":"ufsm-e-cmpc-desenvolvem-projeto-na-area-de-melhoramento-florestal","status":"publish","type":"post","link":"https:\/\/www.ufsm.br\/pro-reitorias\/proinova\/2025\/06\/25\/ufsm-e-cmpc-desenvolvem-projeto-na-area-de-melhoramento-florestal","title":{"rendered":"UFSM e CMPC desenvolvem projeto na \u00e1rea de melhoramento florestal\u00a0"},"content":{"rendered":"\t\t<div data-elementor-type=\"wp-post\" data-elementor-id=\"8602\" class=\"elementor elementor-8602\">\n\t\t\t\t\t\t<section class=\"elementor-section elementor-top-section elementor-element elementor-element-34e30a39 elementor-section-boxed elementor-section-height-default elementor-section-height-default\" data-id=\"34e30a39\" data-element_type=\"section\">\n\t\t\t\t\t\t<div class=\"elementor-container elementor-column-gap-default\">\n\t\t\t\t\t<div class=\"elementor-column elementor-col-100 elementor-top-column elementor-element elementor-element-4fd756bb\" data-id=\"4fd756bb\" data-element_type=\"column\">\n\t\t\t<div class=\"elementor-widget-wrap elementor-element-populated\">\n\t\t\t\t\t\t<div class=\"elementor-element elementor-element-8636733 elementor-widget elementor-widget-text-editor\" data-id=\"8636733\" data-element_type=\"widget\" data-widget_type=\"text-editor.default\">\n\t\t\t\t<div class=\"elementor-widget-container\">\n\t\t\t\t\t\t\t<!-- wp:tadv\/classic-paragraph -->\n<p><span style=\"font-weight: 400\">A Universidade Federal de Santa Maria (UFSM) e a empresa <\/span><a href=\"https:\/\/cmpcbrasil.com.br\/\"><span style=\"font-weight: 400\">CMPC<\/span><\/a><span style=\"font-weight: 400\"> assinaram um acordo de parceria para realizar o projeto \u201cEstrat\u00e9gias para otimiza\u00e7\u00e3o do resgate e propaga\u00e7\u00e3o <\/span><i><span style=\"font-weight: 400\">in vitro<\/span><\/i><span style=\"font-weight: 400\"> de clones recalcitrantes de <\/span><i><span style=\"font-weight: 400\">Eucalyptus<\/span><\/i><span style=\"font-weight: 400\"> spp\u201d. A pesquisa faz parte da tese de doutorado do aluno Hendrick da Costa de Souza, vinculado ao Programa de P\u00f3s-Gradua\u00e7\u00e3o em Engenharia Florestal da UFSM e orientado pelo professor do Departamento de Ci\u00eancias Florestais da UFSM, Ezequiel Gasparin, que tamb\u00e9m \u00e9 o coordenador do projeto.\u00a0<\/span><\/p>\n<p><span style=\"font-weight: 400\">A pesquisa tem como objetivo estudar clones do g\u00eanero <\/span><i><span style=\"font-weight: 400\">Eucalyptus<\/span><\/i><span style=\"font-weight: 400\">, que possuem grande import\u00e2ncia comercial, a fim de otimizar a propaga\u00e7\u00e3o clonal desses materiais gen\u00e9ticos, principalmente os classificados como clones recalcitrantes. Um clone recalcitrante \u00e9 aquele que apresenta baixo enraizamento advent\u00edcio na propaga\u00e7\u00e3o vegetativa, t\u00e9cnica de clonagem que se usa em programas de melhoramento gen\u00e9tico e na produ\u00e7\u00e3o de florestas comerciais. Segundo o coordenador do projeto, geralmente esses clones s\u00e3o adaptados a climas subtropicais, como o Sul do Brasil, onde o inverno apresenta baixas temperaturas e ocorr\u00eancia de geadas. As causas da recalcitr\u00e2ncia s\u00e3o diversas, muitas vezes relacionadas \u00e0s caracter\u00edsticas do pr\u00f3prio material gen\u00e9tico, al\u00e9m de envolver aspectos fisiol\u00f3gicos, nutricionais e ambientais.<\/span><\/p>\n<p><span style=\"font-weight: 400\">\u201cNa pesquisa, estamos estudando tr\u00eas clones de interesse da empresa, atrav\u00e9s de v\u00e1rios experimentos que est\u00e3o sendo desenvolvidos\u201d, afirmou Gasparin. Um dos experimentos avalia o efeito da fertiliza\u00e7\u00e3o, ou seja, da nutri\u00e7\u00e3o de cepas\u00a0 no campo, no processo de resgate vegetativo desse material e na produ\u00e7\u00e3o de mudas em viveiro. Outro estudo conduzido \u00e9 o desenvolvimento de um protocolo de micropropaga\u00e7\u00e3o, ou seja, de propaga\u00e7\u00e3o <\/span><i><span style=\"font-weight: 400\">in vitro<\/span><\/i><span style=\"font-weight: 400\">, de dois materiais gen\u00e9ticos: um h\u00edbrido de <\/span><i><span style=\"font-weight: 400\">Corymbia<\/span><\/i><span style=\"font-weight: 400\"> e um clone de <\/span><i><span style=\"font-weight: 400\">Eucalyptus benthamii<\/span><\/i><span style=\"font-weight: 400\">.<\/span><\/p>\n<p><span style=\"font-weight: 400\">Como dito pelo professor, a micropropaga\u00e7\u00e3o \u00e9 uma t\u00e9cnica da biotecnologia, que inclui as etapas de estabelecimento, multiplica\u00e7\u00e3o, enraizamento e aclimatiza\u00e7\u00e3o, at\u00e9 se obter um material rejuvenescido e revigorado, que deve, ao final, apresentar melhores respostas no enraizamento para produ\u00e7\u00e3o de mudas clonais, al\u00e9m da aus\u00eancia de doen\u00e7as. A ideia \u00e9 formar microjardins clonais no laborat\u00f3rio, para que essas microcepas forne\u00e7am prop\u00e1gulos, que chamamos de microestacas, visando a produ\u00e7\u00e3o de mudas desses materiais que apresentam dificuldades na propaga\u00e7\u00e3o por m\u00e9todos convencionais\u201d. Al\u00e9m disso, Gasparin destacou que se busca identificar os fatores limitantes no enraizamento, por meio de an\u00e1lises anat\u00f4micas, bioqu\u00edmicas e gen\u00e9ticas, que ser\u00e3o realizadas ao longo do projeto.<\/span><\/p>\n<!-- \/wp:tadv\/classic-paragraph -->\t\t\t\t\t\t<\/div>\n\t\t\t\t<\/div>\n\t\t\t\t\t<\/div>\n\t\t<\/div>\n\t\t\t\t\t<\/div>\n\t\t<\/section>\n\t\t\t\t<section class=\"elementor-section elementor-top-section elementor-element elementor-element-0567e94 elementor-section-boxed elementor-section-height-default elementor-section-height-default\" data-id=\"0567e94\" data-element_type=\"section\">\n\t\t\t\t\t\t<div class=\"elementor-container elementor-column-gap-default\">\n\t\t\t\t\t<div class=\"elementor-column elementor-col-100 elementor-top-column elementor-element elementor-element-c06cec2\" data-id=\"c06cec2\" data-element_type=\"column\">\n\t\t\t<div class=\"elementor-widget-wrap elementor-element-populated\">\n\t\t\t\t\t\t<div class=\"elementor-element elementor-element-978fdbf elementor-widget elementor-widget-image-gallery\" data-id=\"978fdbf\" data-element_type=\"widget\" data-widget_type=\"image-gallery.default\">\n\t\t\t\t<div class=\"elementor-widget-container\">\n\t\t\t\t\t<div class=\"elementor-image-gallery\">\n\t\t\t<div id='gallery-1' class='gallery galleryid-8602 gallery-columns-3 gallery-size-medium'><figure class='gallery-item'>\n\t\t\t<div class='gallery-icon landscape'>\n\t\t\t\t<a data-elementor-open-lightbox=\"yes\" data-elementor-lightbox-slideshow=\"978fdbf\" data-elementor-lightbox-title=\"WhatsApp Image 2025-05-28 at 15.23.27\" data-e-action-hash=\"#elementor-action%3Aaction%3Dlightbox%26settings%3DeyJpZCI6ODYwOCwidXJsIjoiaHR0cHM6XC9cL3d3dy51ZnNtLmJyXC9hcHBcL3VwbG9hZHNcL3NpdGVzXC8zOTlcLzIwMjVcLzA2XC9XaGF0c0FwcC1JbWFnZS0yMDI1LTA1LTI4LWF0LTE1LjIzLjI3LTIuanBlZyIsInNsaWRlc2hvdyI6Ijk3OGZkYmYifQ%3D%3D\" href='https:\/\/www.ufsm.br\/app\/uploads\/sites\/399\/2025\/06\/WhatsApp-Image-2025-05-28-at-15.23.27-2.jpeg'><img fetchpriority=\"high\" decoding=\"async\" width=\"300\" height=\"225\" src=\"https:\/\/www.ufsm.br\/app\/uploads\/sites\/399\/2025\/06\/WhatsApp-Image-2025-05-28-at-15.23.27-2-300x225.jpeg\" class=\"attachment-medium size-medium\" alt=\"\" aria-describedby=\"gallery-1-8608\" srcset=\"https:\/\/www.ufsm.br\/app\/uploads\/sites\/399\/2025\/06\/WhatsApp-Image-2025-05-28-at-15.23.27-2-300x225.jpeg 300w, https:\/\/www.ufsm.br\/app\/uploads\/sites\/399\/2025\/06\/WhatsApp-Image-2025-05-28-at-15.23.27-2-1024x768.jpeg 1024w, https:\/\/www.ufsm.br\/app\/uploads\/sites\/399\/2025\/06\/WhatsApp-Image-2025-05-28-at-15.23.27-2-768x576.jpeg 768w, https:\/\/www.ufsm.br\/app\/uploads\/sites\/399\/2025\/06\/WhatsApp-Image-2025-05-28-at-15.23.27-2.jpeg 1280w\" sizes=\"(max-width: 300px) 100vw, 300px\" \/><\/a>\n\t\t\t<\/div>\n\t\t\t\t<figcaption class='wp-caption-text gallery-caption' id='gallery-1-8608'>\n\t\t\t\tAvalia\u00e7\u00e3o do enraizamento e atributos morfol\u00f3gicos das estacas coletadas no campo na fase de produ\u00e7\u00e3o de mudas em viveiro.\n\t\t\t\t<\/figcaption><\/figure><figure class='gallery-item'>\n\t\t\t<div class='gallery-icon portrait'>\n\t\t\t\t<a data-elementor-open-lightbox=\"yes\" data-elementor-lightbox-slideshow=\"978fdbf\" data-elementor-lightbox-title=\"WhatsApp Image 2025-05-28 at 15.23.27 (1)\" data-e-action-hash=\"#elementor-action%3Aaction%3Dlightbox%26settings%3DeyJpZCI6ODYwNywidXJsIjoiaHR0cHM6XC9cL3d3dy51ZnNtLmJyXC9hcHBcL3VwbG9hZHNcL3NpdGVzXC8zOTlcLzIwMjVcLzA2XC9XaGF0c0FwcC1JbWFnZS0yMDI1LTA1LTI4LWF0LTE1LjIzLjI3LTEtMS5qcGVnIiwic2xpZGVzaG93IjoiOTc4ZmRiZiJ9\" href='https:\/\/www.ufsm.br\/app\/uploads\/sites\/399\/2025\/06\/WhatsApp-Image-2025-05-28-at-15.23.27-1-1.jpeg'><img decoding=\"async\" width=\"225\" height=\"300\" src=\"https:\/\/www.ufsm.br\/app\/uploads\/sites\/399\/2025\/06\/WhatsApp-Image-2025-05-28-at-15.23.27-1-1-225x300.jpeg\" class=\"attachment-medium size-medium\" alt=\"\" aria-describedby=\"gallery-1-8607\" srcset=\"https:\/\/www.ufsm.br\/app\/uploads\/sites\/399\/2025\/06\/WhatsApp-Image-2025-05-28-at-15.23.27-1-1-225x300.jpeg 225w, https:\/\/www.ufsm.br\/app\/uploads\/sites\/399\/2025\/06\/WhatsApp-Image-2025-05-28-at-15.23.27-1-1-768x1024.jpeg 768w, https:\/\/www.ufsm.br\/app\/uploads\/sites\/399\/2025\/06\/WhatsApp-Image-2025-05-28-at-15.23.27-1-1.jpeg 960w\" sizes=\"(max-width: 225px) 100vw, 225px\" \/><\/a>\n\t\t\t<\/div>\n\t\t\t\t<figcaption class='wp-caption-text gallery-caption' id='gallery-1-8607'>\n\t\t\t\t Resgate vegetativo no campo por meio da coleta de brotos epic\u00f3rmicos para obten\u00e7\u00e3o de estacas.\n\t\t\t\t<\/figcaption><\/figure><figure class='gallery-item'>\n\t\t\t<div class='gallery-icon portrait'>\n\t\t\t\t<a data-elementor-open-lightbox=\"yes\" data-elementor-lightbox-slideshow=\"978fdbf\" data-elementor-lightbox-title=\"WhatsApp Image 2025-05-28 at 15.23.26\" data-e-action-hash=\"#elementor-action%3Aaction%3Dlightbox%26settings%3DeyJpZCI6ODYwNiwidXJsIjoiaHR0cHM6XC9cL3d3dy51ZnNtLmJyXC9hcHBcL3VwbG9hZHNcL3NpdGVzXC8zOTlcLzIwMjVcLzA2XC9XaGF0c0FwcC1JbWFnZS0yMDI1LTA1LTI4LWF0LTE1LjIzLjI2LmpwZWciLCJzbGlkZXNob3ciOiI5NzhmZGJmIn0%3D\" href='https:\/\/www.ufsm.br\/app\/uploads\/sites\/399\/2025\/06\/WhatsApp-Image-2025-05-28-at-15.23.26.jpeg'><img decoding=\"async\" width=\"209\" height=\"300\" src=\"https:\/\/www.ufsm.br\/app\/uploads\/sites\/399\/2025\/06\/WhatsApp-Image-2025-05-28-at-15.23.26-209x300.jpeg\" class=\"attachment-medium size-medium\" alt=\"\" aria-describedby=\"gallery-1-8606\" srcset=\"https:\/\/www.ufsm.br\/app\/uploads\/sites\/399\/2025\/06\/WhatsApp-Image-2025-05-28-at-15.23.26-209x300.jpeg 209w, https:\/\/www.ufsm.br\/app\/uploads\/sites\/399\/2025\/06\/WhatsApp-Image-2025-05-28-at-15.23.26-712x1024.jpeg 712w, https:\/\/www.ufsm.br\/app\/uploads\/sites\/399\/2025\/06\/WhatsApp-Image-2025-05-28-at-15.23.26-768x1105.jpeg 768w, https:\/\/www.ufsm.br\/app\/uploads\/sites\/399\/2025\/06\/WhatsApp-Image-2025-05-28-at-15.23.26.jpeg 1068w\" sizes=\"(max-width: 209px) 100vw, 209px\" \/><\/a>\n\t\t\t<\/div>\n\t\t\t\t<figcaption class='wp-caption-text gallery-caption' id='gallery-1-8606'>\n\t\t\t\tEtapa de estabelecimento in vitro na micropropaga\u00e7\u00e3o.\n\t\t\t\t<\/figcaption><\/figure>\n\t\t<\/div>\n\t\t<\/div>\n\t\t\t\t<\/div>\n\t\t\t\t<\/div>\n\t\t\t\t\t<\/div>\n\t\t<\/div>\n\t\t\t\t\t<\/div>\n\t\t<\/section>\n\t\t\t\t<section class=\"elementor-section elementor-top-section elementor-element elementor-element-158a114 elementor-section-boxed elementor-section-height-default elementor-section-height-default\" data-id=\"158a114\" data-element_type=\"section\">\n\t\t\t\t\t\t<div class=\"elementor-container elementor-column-gap-default\">\n\t\t\t\t\t<div class=\"elementor-column elementor-col-100 elementor-top-column elementor-element elementor-element-7e4cd9d\" data-id=\"7e4cd9d\" data-element_type=\"column\">\n\t\t\t<div class=\"elementor-widget-wrap elementor-element-populated\">\n\t\t\t\t\t\t<div class=\"elementor-element elementor-element-beccbaa elementor-widget elementor-widget-text-editor\" data-id=\"beccbaa\" data-element_type=\"widget\" data-widget_type=\"text-editor.default\">\n\t\t\t\t<div class=\"elementor-widget-container\">\n\t\t\t\t\t\t\t<p dir=\"ltr\" style=\"line-height: 1.3800000000000001;margin-top: 0pt;margin-bottom: 0pt\"><span style=\"font-size: 12pt;font-family: Montserrat,sans-serif;color: #000000;background-color: transparent;font-weight: 400;font-style: normal;font-variant: normal;text-decoration: none;vertical-align: baseline\">A pesquisa foi motivada principalmente pela demanda da empresa CMPC, na \u00e1rea de melhoramento florestal, coordenada pelo pesquisador Osmarino Pires dos Santos, devido \u00e0s dificuldades na propaga\u00e7\u00e3o vegetativa de alguns clones.\u00a0 A CMPC \u00e9 a principal empresa do setor de celulose no estado do Rio Grande do Sul, e uma das maiores ind\u00fastrias do segmento na Am\u00e9rica Latina. Ela possui um acervo gen\u00e9tico vasto, com plantios de diferentes clones de <\/span><span style=\"font-size: 12pt;font-family: Montserrat,sans-serif;color: #000000;background-color: transparent;font-weight: 400;font-style: italic;font-variant: normal;text-decoration: none;vertical-align: baseline\">Eucalyptus. <\/span><span style=\"font-size: 12pt;font-family: Montserrat,sans-serif;color: #000000;background-color: transparent;font-weight: 400;font-style: normal;font-variant: normal;text-decoration: none;vertical-align: baseline\">Segundo o coordenador, a parceria com a empresa \u00e9 de longa data: \u201cDesde que eu ingressei na universidade como docente, n\u00f3s j\u00e1 mantemos essa colabora\u00e7\u00e3o. Realizamos viagens t\u00e9cnicas com alunos da gradua\u00e7\u00e3o e da p\u00f3s-gradua\u00e7\u00e3o, tanto por demanda das disciplinas nas aulas pr\u00e1ticas quanto por demandas espec\u00edficas da empresa\u201d. O projeto tamb\u00e9m visa capacitar discentes de gradua\u00e7\u00e3o e p\u00f3s-gradua\u00e7\u00e3o, j\u00e1 que est\u00e1 vinculado a uma tese de doutorado.<\/span><\/p>\n<p dir=\"ltr\" style=\"line-height: 1.3800000000000001;margin-top: 0pt;margin-bottom: 0pt\"><span style=\"font-size: 12pt;font-family: Montserrat,sans-serif;color: #000000;background-color: transparent;font-weight: 400;font-style: normal;font-variant: normal;text-decoration: none;vertical-align: baseline\">\u00a0<\/span><\/p>\n<p dir=\"ltr\" style=\"line-height: 1.3800000000000001;margin-top: 0pt;margin-bottom: 0pt\"><span style=\"font-size: 12pt;font-family: Montserrat,sans-serif;color: #000000;background-color: transparent;font-weight: 400;font-style: normal;font-variant: normal;text-decoration: none;vertical-align: baseline\">A CMPC fornece ao projeto suporte financeiro para a condu\u00e7\u00e3o da pesquisa, al\u00e9m de suporte log\u00edstico. Tamb\u00e9m disponibiliza o apoio dos colaboradores nas atividades de campo e no viveiro, al\u00e9m de fornecer o material gen\u00e9tico, clones de propriedade da empresa. A UFSM, por sua vez, contribui com recursos humanos, alunos de gradua\u00e7\u00e3o e p\u00f3s-gradua\u00e7\u00e3o, tanto de mestrado quanto de doutorado. Tamb\u00e9m oferece infraestrutura de laborat\u00f3rio, como o Laborat\u00f3rio de Micropropaga\u00e7\u00e3o Florestal, vinculado ao Laborat\u00f3rio de Silvicultura e\u00a0 Viveiro Florestal, al\u00e9m do conhecimento t\u00e9cnico e cient\u00edfico.<\/span><\/p>\n<p dir=\"ltr\" style=\"line-height: 1.3800000000000001;margin-top: 0pt;margin-bottom: 0pt\"><span style=\"font-size: 12pt;font-family: Montserrat,sans-serif;color: #000000;background-color: transparent;font-weight: 400;font-style: normal;font-variant: normal;text-decoration: none;vertical-align: baseline\">\u00a0<\/span><\/p>\n<p dir=\"ltr\" style=\"line-height: 1.3800000000000001;margin-top: 0pt;margin-bottom: 0pt\"><span style=\"font-size: 12pt;font-family: Montserrat,sans-serif;color: #000000;background-color: transparent;font-weight: 400;font-style: normal;font-variant: normal;text-decoration: none;vertical-align: baseline\">Al\u00e9m da empresa, a pesquisa tamb\u00e9m conta com o apoio da Funda\u00e7\u00e3o de Apoio a Tecnologia e a Ci\u00eancia (FATEC) e com a parceria da Universidade Federal do Paran\u00e1 (UFPR) e da Universidade Federal de Lavras (UFLA), onde o doutorando Hendrick esteve recentemente, realizando um treinamento no Laborat\u00f3rio de Cultivo <\/span><span style=\"font-size: 12pt;font-family: Montserrat,sans-serif;color: #000000;background-color: transparent;font-weight: 400;font-style: italic;font-variant: normal;text-decoration: none;vertical-align: baseline\">In Vitro <\/span><span style=\"font-size: 12pt;font-family: Montserrat,sans-serif;color: #000000;background-color: transparent;font-weight: 400;font-style: normal;font-variant: normal;text-decoration: none;vertical-align: baseline\">de Esp\u00e9cies Florestais da UFLA, com aux\u00edlio financeiro da FAPERGS. O projeto tamb\u00e9m conta com\u00a0 bolsas de inicia\u00e7\u00e3o cient\u00edfica da UFSM, FIPE e FINOVA Tec.<\/span><\/p>\n<p dir=\"ltr\" style=\"line-height: 1.3800000000000001;margin-top: 0pt;margin-bottom: 0pt\"><span style=\"font-size: 12pt;font-family: Montserrat,sans-serif;color: #000000;background-color: transparent;font-weight: 400;font-style: normal;font-variant: normal;text-decoration: none;vertical-align: baseline\">\u00a0<\/span><\/p>\n<p dir=\"ltr\" style=\"line-height: 1.3800000000000001;margin-top: 0pt;margin-bottom: 0pt\"><span style=\"font-size: 12pt;font-family: Montserrat,sans-serif;color: #000000;background-color: transparent;font-weight: 400;font-style: normal;font-variant: normal;text-decoration: none;vertical-align: baseline\">Gasparin destacou que as parcerias com o setor privado aproximam a Universidade do mercado de trabalho, al\u00e9m de contribuir para o desenvolvimento do setor florestal. \u201cIsso permite que os alunos tenham contato direto com o dia a dia da empresa, conhe\u00e7am o programa de melhoramento gen\u00e9tico e convivam com pesquisadores e analistas da empresa. Essa troca de experi\u00eancias \u00e9 fundamental\u201d, afirmou. Al\u00e9m disso, destacou que os\u00a0 alunos participam ativamente das atividades, tanto em laborat\u00f3rio quanto em campo, o que contribui para a forma\u00e7\u00e3o profissional. Eles desenvolvem n\u00e3o s\u00f3 habilidades pr\u00e1ticas, mas tamb\u00e9m compet\u00eancias acad\u00eamicas, como escrita cient\u00edfica, an\u00e1lise de dados e aprofundamento na \u00e1rea de melhoramento gen\u00e9tico, gerando resultados que ser\u00e3o publicados em peri\u00f3dicos cient\u00edficos. Um dos grandes desafios da silvicultura \u00e9 desenvolver materiais gen\u00e9ticos que sejam cada vez mais tolerantes aos diferentes tipos de estresse, potencializados principalmente por eventos clim\u00e1ticos extremos.<\/span><\/p>\n<p dir=\"ltr\" style=\"line-height: 1.3800000000000001;margin-top: 0pt;margin-bottom: 0pt\"><span style=\"font-size: 12pt;font-family: Montserrat,sans-serif;color: #000000;background-color: transparent;font-weight: 400;font-style: normal;font-variant: normal;text-decoration: none;vertical-align: baseline\">\u00a0<\/span><\/p>\n<p dir=\"ltr\" style=\"line-height: 1.3800000000000001;margin-top: 0pt;margin-bottom: 0pt\"><span style=\"font-size: 12pt;font-family: Montserrat,sans-serif;color: #000000;background-color: transparent;font-weight: 400;font-style: normal;font-variant: normal;text-decoration: none;vertical-align: baseline\">Para concluir, o coordenador destacou: \u201cO projeto de pesquisa tamb\u00e9m tem como expectativa gerar inova\u00e7\u00f5es tecnol\u00f3gicas, seja na melhoria de processos produtivos, seja no desenvolvimento de protocolos otimizados para a micropropaga\u00e7\u00e3o e produ\u00e7\u00e3o de mudas clonais\u201d. Ao final do projeto, a expectativa \u00e9 que os resultados possam ser aplicados diretamente no programa de melhoramento gen\u00e9tico da empresa, contribuindo para a produ\u00e7\u00e3o de mudas de qualidade superior e a implanta\u00e7\u00e3o de florestas com materiais que possuem limita\u00e7\u00f5es na propaga\u00e7\u00e3o clonal.<\/span><\/p>\t\t\t\t\t\t<\/div>\n\t\t\t\t<\/div>\n\t\t\t\t\t<\/div>\n\t\t<\/div>\n\t\t\t\t\t<\/div>\n\t\t<\/section>\n\t\t\t\t<section class=\"elementor-section elementor-top-section elementor-element elementor-element-17bacd9 elementor-section-boxed elementor-section-height-default elementor-section-height-default\" data-id=\"17bacd9\" data-element_type=\"section\">\n\t\t\t\t\t\t<div class=\"elementor-container elementor-column-gap-default\">\n\t\t\t\t\t<div class=\"elementor-column elementor-col-100 elementor-top-column elementor-element elementor-element-5283d64\" data-id=\"5283d64\" data-element_type=\"column\">\n\t\t\t<div class=\"elementor-widget-wrap elementor-element-populated\">\n\t\t\t\t\t\t<div class=\"elementor-element elementor-element-066803c elementor-widget elementor-widget-text-editor\" data-id=\"066803c\" data-element_type=\"widget\" data-widget_type=\"text-editor.default\">\n\t\t\t\t<div class=\"elementor-widget-container\">\n\t\t\t\t\t\t\t<p>\u00a0<\/p>\n<p><em>Texto: Gabriela de Almeida, bolsista de jornalismo da Proinova. <\/em><\/p>\n<p><em>Revis\u00e3o: Debora Seminoti Tamiosso, comunica\u00e7\u00e3o Proinova. <\/em><\/p>\n<p><em>Fotos: <i><span style=\"font-weight: 400\">Hendrick da Costa de Souza<\/span><\/i><\/em><\/p>\t\t\t\t\t\t<\/div>\n\t\t\t\t<\/div>\n\t\t\t\t\t<\/div>\n\t\t<\/div>\n\t\t\t\t\t<\/div>\n\t\t<\/section>\n\t\t\t\t<\/div>\n\t\t","protected":false},"excerpt":{"rendered":"<p>A Universidade Federal de Santa Maria (UFSM) e a empresa CMPC assinaram um acordo de parceria para realizar o projeto \u201cEstrat\u00e9gias para otimiza\u00e7\u00e3o do resgate e propaga\u00e7\u00e3o in vitro de clones recalcitrantes de Eucalyptus spp\u201d. A pesquisa faz parte da tese de doutorado do aluno Hendrick da Costa de Souza, vinculado ao Programa de P\u00f3s-Gradua\u00e7\u00e3o [&hellip;]<\/p>\n","protected":false},"author":6854,"featured_media":8603,"comment_status":"closed","ping_status":"closed","sticky":false,"template":"","format":"standard","meta":{"episode_type":"","audio_file":"","cover_image":"","cover_image_id":"","duration":"","filesize":"","date_recorded":"","explicit":"","block":"","filesize_raw":"","footnotes":""},"categories":[6],"tags":[],"class_list":["post-8602","post","type-post","status-publish","format-standard","has-post-thumbnail","hentry","category-noticias"],"acf":[],"_links":{"self":[{"href":"https:\/\/www.ufsm.br\/pro-reitorias\/proinova\/wp-json\/wp\/v2\/posts\/8602","targetHints":{"allow":["GET"]}}],"collection":[{"href":"https:\/\/www.ufsm.br\/pro-reitorias\/proinova\/wp-json\/wp\/v2\/posts"}],"about":[{"href":"https:\/\/www.ufsm.br\/pro-reitorias\/proinova\/wp-json\/wp\/v2\/types\/post"}],"author":[{"embeddable":true,"href":"https:\/\/www.ufsm.br\/pro-reitorias\/proinova\/wp-json\/wp\/v2\/users\/6854"}],"replies":[{"embeddable":true,"href":"https:\/\/www.ufsm.br\/pro-reitorias\/proinova\/wp-json\/wp\/v2\/comments?post=8602"}],"version-history":[{"count":0,"href":"https:\/\/www.ufsm.br\/pro-reitorias\/proinova\/wp-json\/wp\/v2\/posts\/8602\/revisions"}],"wp:featuredmedia":[{"embeddable":true,"href":"https:\/\/www.ufsm.br\/pro-reitorias\/proinova\/wp-json\/wp\/v2\/media\/8603"}],"wp:attachment":[{"href":"https:\/\/www.ufsm.br\/pro-reitorias\/proinova\/wp-json\/wp\/v2\/media?parent=8602"}],"wp:term":[{"taxonomy":"category","embeddable":true,"href":"https:\/\/www.ufsm.br\/pro-reitorias\/proinova\/wp-json\/wp\/v2\/categories?post=8602"},{"taxonomy":"post_tag","embeddable":true,"href":"https:\/\/www.ufsm.br\/pro-reitorias\/proinova\/wp-json\/wp\/v2\/tags?post=8602"}],"curies":[{"name":"wp","href":"https:\/\/api.w.org\/{rel}","templated":true}]}}