{"id":9288,"date":"2026-02-20T14:45:39","date_gmt":"2026-02-20T17:45:39","guid":{"rendered":"https:\/\/www.ufsm.br\/pro-reitorias\/proinova\/?p=9288"},"modified":"2026-02-20T14:48:07","modified_gmt":"2026-02-20T17:48:07","slug":"finep-mais-inovacao-r-300-milhoes-para-cadeias-agroindustriais-sustentaveis","status":"publish","type":"post","link":"https:\/\/www.ufsm.br\/pro-reitorias\/proinova\/2026\/02\/20\/finep-mais-inovacao-r-300-milhoes-para-cadeias-agroindustriais-sustentaveis","title":{"rendered":"Finep Mais Inova\u00e7\u00e3o: R$ 300 Milh\u00f5es para Cadeias Agroindustriais Sustent\u00e1veis"},"content":{"rendered":"\t\t<div data-elementor-type=\"wp-post\" data-elementor-id=\"9288\" class=\"elementor elementor-9288\">\n\t\t\t\t\t\t<section class=\"elementor-section elementor-top-section elementor-element elementor-element-86eb9f4 elementor-section-boxed elementor-section-height-default elementor-section-height-default\" data-id=\"86eb9f4\" data-element_type=\"section\">\n\t\t\t\t\t\t<div class=\"elementor-container elementor-column-gap-default\">\n\t\t\t\t\t<div class=\"elementor-column elementor-col-50 elementor-top-column elementor-element elementor-element-2b7088a\" data-id=\"2b7088a\" data-element_type=\"column\">\n\t\t\t<div class=\"elementor-widget-wrap elementor-element-populated\">\n\t\t\t\t\t\t<div class=\"elementor-element elementor-element-249f5d6 elementor-widget elementor-widget-image\" data-id=\"249f5d6\" data-element_type=\"widget\" data-widget_type=\"image.default\">\n\t\t\t\t<div class=\"elementor-widget-container\">\n\t\t\t\t\t\t\t\t\t\t\t\t\t<img fetchpriority=\"high\" decoding=\"async\" width=\"819\" height=\"1024\" src=\"https:\/\/www.ufsm.br\/app\/uploads\/sites\/399\/2026\/02\/Card_EDITAL_2026-Cadeias-Agroindustriais-819x1024.jpg\" class=\"attachment-large size-large wp-image-9289\" alt=\"\" srcset=\"https:\/\/www.ufsm.br\/app\/uploads\/sites\/399\/2026\/02\/Card_EDITAL_2026-Cadeias-Agroindustriais-819x1024.jpg 819w, https:\/\/www.ufsm.br\/app\/uploads\/sites\/399\/2026\/02\/Card_EDITAL_2026-Cadeias-Agroindustriais-240x300.jpg 240w, https:\/\/www.ufsm.br\/app\/uploads\/sites\/399\/2026\/02\/Card_EDITAL_2026-Cadeias-Agroindustriais-768x960.jpg 768w, https:\/\/www.ufsm.br\/app\/uploads\/sites\/399\/2026\/02\/Card_EDITAL_2026-Cadeias-Agroindustriais-1229x1536.jpg 1229w, https:\/\/www.ufsm.br\/app\/uploads\/sites\/399\/2026\/02\/Card_EDITAL_2026-Cadeias-Agroindustriais-1638x2048.jpg 1638w, https:\/\/www.ufsm.br\/app\/uploads\/sites\/399\/2026\/02\/Card_EDITAL_2026-Cadeias-Agroindustriais.jpg 1920w\" sizes=\"(max-width: 819px) 100vw, 819px\" \/>\t\t\t\t\t\t\t\t\t\t\t\t\t<\/div>\n\t\t\t\t<\/div>\n\t\t\t\t\t<\/div>\n\t\t<\/div>\n\t\t\t\t<div class=\"elementor-column elementor-col-50 elementor-top-column elementor-element elementor-element-12bbb12\" data-id=\"12bbb12\" data-element_type=\"column\">\n\t\t\t<div class=\"elementor-widget-wrap elementor-element-populated\">\n\t\t\t\t\t\t<div class=\"elementor-element elementor-element-40060ee elementor-widget elementor-widget-text-editor\" data-id=\"40060ee\" data-element_type=\"widget\" data-widget_type=\"text-editor.default\">\n\t\t\t\t<div class=\"elementor-widget-container\">\n\t\t\t\t\t\t\t<p>A Finep anunciou a abertura da Rodada 2 do <a href=\"http:\/\/www.finep.gov.br\/images\/chamadas-publicas\/2026\/06022026_C_Agro_Regulamento.pdf\">programa Mais Inova\u00e7\u00e3o Brasil, focada no desenvolvimento das Cadeias Agroindustriais Sustent\u00e1veis<\/a>. Esta sele\u00e7\u00e3o p\u00fablica visa conceder recursos de subven\u00e7\u00e3o econ\u00f4mica para projetos que promovam a inova\u00e7\u00e3o na agroind\u00fastria nacional, garantindo a seguran\u00e7a alimentar e a sustentabilidade no campo.<\/p><p>O foco principal \u00e9 o desenvolvimento de produtos ou processos inovadores que fortale\u00e7am a produtividade agr\u00edcola brasileira e a autonomia tecnol\u00f3gica do setor.<\/p><p>As propostas devem ser enviadas por Empresas. Institui\u00e7\u00f5es de Ci\u00eancia e Tecnologia (ICTs) podem participar como parceiras ou prestadoras de servi\u00e7os no projeto.<br \/><br \/>N\u00edvel de Maturidade Tecnol\u00f3gica (TRL): Ser\u00e3o aceitos projetos que estejam entre os n\u00edveis TRL 3 a 8 (da prova de conceito at\u00e9 a demonstra\u00e7\u00e3o em ambiente operacional).<\/p><p><b>Prazo recebimento propostas: <\/b><span style=\"font-weight: 400\">30\/09\/2026<\/span><\/p>\t\t\t\t\t\t<\/div>\n\t\t\t\t<\/div>\n\t\t\t\t\t<\/div>\n\t\t<\/div>\n\t\t\t\t\t<\/div>\n\t\t<\/section>\n\t\t\t\t<\/div>\n\t\t","protected":false},"excerpt":{"rendered":"<p>A Finep anunciou a abertura da Rodada 2 do programa Mais Inova\u00e7\u00e3o Brasil, focada no desenvolvimento das Cadeias Agroindustriais Sustent\u00e1veis. Esta sele\u00e7\u00e3o p\u00fablica visa conceder recursos de subven\u00e7\u00e3o econ\u00f4mica para projetos que promovam a inova\u00e7\u00e3o na agroind\u00fastria nacional, garantindo a seguran\u00e7a alimentar e a sustentabilidade no campo. O foco principal \u00e9 o desenvolvimento de produtos [&hellip;]<\/p>\n","protected":false},"author":650,"featured_media":0,"comment_status":"closed","ping_status":"closed","sticky":false,"template":"","format":"standard","meta":{"episode_type":"","audio_file":"","cover_image":"","cover_image_id":"","duration":"","filesize":"","date_recorded":"","explicit":"","block":"","filesize_raw":"","footnotes":""},"categories":[6],"tags":[215,673],"class_list":["post-9288","post","type-post","status-publish","format-standard","hentry","category-noticias","tag-inovacaoufsm","tag-drops"],"acf":[],"_links":{"self":[{"href":"https:\/\/www.ufsm.br\/pro-reitorias\/proinova\/wp-json\/wp\/v2\/posts\/9288","targetHints":{"allow":["GET"]}}],"collection":[{"href":"https:\/\/www.ufsm.br\/pro-reitorias\/proinova\/wp-json\/wp\/v2\/posts"}],"about":[{"href":"https:\/\/www.ufsm.br\/pro-reitorias\/proinova\/wp-json\/wp\/v2\/types\/post"}],"author":[{"embeddable":true,"href":"https:\/\/www.ufsm.br\/pro-reitorias\/proinova\/wp-json\/wp\/v2\/users\/650"}],"replies":[{"embeddable":true,"href":"https:\/\/www.ufsm.br\/pro-reitorias\/proinova\/wp-json\/wp\/v2\/comments?post=9288"}],"version-history":[{"count":0,"href":"https:\/\/www.ufsm.br\/pro-reitorias\/proinova\/wp-json\/wp\/v2\/posts\/9288\/revisions"}],"wp:attachment":[{"href":"https:\/\/www.ufsm.br\/pro-reitorias\/proinova\/wp-json\/wp\/v2\/media?parent=9288"}],"wp:term":[{"taxonomy":"category","embeddable":true,"href":"https:\/\/www.ufsm.br\/pro-reitorias\/proinova\/wp-json\/wp\/v2\/categories?post=9288"},{"taxonomy":"post_tag","embeddable":true,"href":"https:\/\/www.ufsm.br\/pro-reitorias\/proinova\/wp-json\/wp\/v2\/tags?post=9288"}],"curies":[{"name":"wp","href":"https:\/\/api.w.org\/{rel}","templated":true}]}}