{"id":9330,"date":"2026-03-03T11:01:55","date_gmt":"2026-03-03T14:01:55","guid":{"rendered":"https:\/\/www.ufsm.br\/pro-reitorias\/proinova\/?p=9330"},"modified":"2026-03-03T11:01:58","modified_gmt":"2026-03-03T14:01:58","slug":"finep-mais-inovacao-brasil-transformacao-mineral-rodada-2","status":"publish","type":"post","link":"https:\/\/www.ufsm.br\/pro-reitorias\/proinova\/2026\/03\/03\/finep-mais-inovacao-brasil-transformacao-mineral-rodada-2","title":{"rendered":"Finep Mais Inova\u00e7\u00e3o Brasil: Transforma\u00e7\u00e3o Mineral (Rodada 2)"},"content":{"rendered":"\n<p><span style=\"font-weight: 400\">O Programa Finep Mais Inova\u00e7\u00e3o Brasil lan\u00e7ou sua segunda rodada focada em <a href=\"http:\/\/www.finep.gov.br\/chamadas-publicas\/chamadapublica\/771\">Transforma\u00e7\u00e3o Mineral<\/a>, destinada a impulsionar o setor atrav\u00e9s de pesquisa, desenvolvimento e inova\u00e7\u00e3o tecnol\u00f3gica. Esta sele\u00e7\u00e3o p\u00fablica busca apoiar projetos que apresentem risco tecnol\u00f3gico e alto potencial de impacto, promovendo a soberania nacional e a sustentabilidade no setor mineral.<\/span><\/p>\n<p><span style=\"font-weight: 400\">O objetivo do edital \u00e9 conceder recursos de subven\u00e7\u00e3o econ\u00f4mica (recursos n\u00e3o reembols\u00e1veis) para atividades de PD&amp;I em projetos inovadores. O edital exige obrigatoriamente a parceria entre empresas e Institui\u00e7\u00f5es Cient\u00edficas, Tecnol\u00f3gicas e de Inova\u00e7\u00e3o (ICTs).<\/span><\/p>\n<p><span style=\"font-weight: 400\">Os projetos devem estar inseridos em uma das cinco frentes: Linha 1: Minerais e Materiais Cr\u00edticos e Estrat\u00e9gicos para Transi\u00e7\u00e3o Energ\u00e9tica e Descarboniza\u00e7\u00e3o; Linha 2: Minera\u00e7\u00e3o Urbana; Linha 3: \u00cdm\u00e3s de Terras-Raras; Linha 4: Tecnologias Sustent\u00e1veis para Minera\u00e7\u00e3o; Linha 5: Descarboniza\u00e7\u00e3o da Transforma\u00e7\u00e3o Mineral.<\/span><\/p>\n<p><span style=\"font-weight: 400\">Para garantir que a inova\u00e7\u00e3o chegue ao mercado, os projetos devem respeitar os seguintes n\u00edveis de maturidade:<\/span><\/p>\n<p><span style=\"font-weight: 400\">Regra Geral: TRL 3 a 7.<\/span><span style=\"font-weight: 400\"><br \/><\/span><span style=\"font-weight: 400\">Tem\u00e1ticas 2 e 3 (Minera\u00e7\u00e3o Urbana e \u00cdm\u00e3s): TRL 6 inicial, podendo atingir TRL 8.<\/span><\/p>\n<p><span style=\"font-weight: 400\">Podem participar empresas brasileiras de todos os portes, sendo obrigat\u00f3rio parceria com ICTs, atuando como prestadoras de servi\u00e7os ou parceiras de pesquisa.<\/span><\/p>\n<p><span style=\"font-weight: 400\">O montante total dispon\u00edvel para esta sele\u00e7\u00e3o \u00e9 de R$ 200 milh\u00f5es e as propostas ser\u00e3o recebidas at\u00e9 o dia 31\/08\/2026.<\/span><\/p>\n","protected":false},"excerpt":{"rendered":"<p>O Programa Finep Mais Inova\u00e7\u00e3o Brasil lan\u00e7ou sua segunda rodada focada em Transforma\u00e7\u00e3o Mineral, destinada a impulsionar o setor atrav\u00e9s de pesquisa, desenvolvimento e inova\u00e7\u00e3o tecnol\u00f3gica. Esta sele\u00e7\u00e3o p\u00fablica busca apoiar projetos que apresentem risco tecnol\u00f3gico e alto potencial de impacto, promovendo a soberania nacional e a sustentabilidade no setor mineral. O objetivo do edital [&hellip;]<\/p>\n","protected":false},"author":650,"featured_media":0,"comment_status":"closed","ping_status":"closed","sticky":false,"template":"","format":"standard","meta":{"episode_type":"","audio_file":"","cover_image":"","cover_image_id":"","duration":"","filesize":"","date_recorded":"","explicit":"","block":"","filesize_raw":"","footnotes":""},"categories":[6],"tags":[215,673],"class_list":["post-9330","post","type-post","status-publish","format-standard","hentry","category-noticias","tag-inovacaoufsm","tag-drops"],"acf":[],"_links":{"self":[{"href":"https:\/\/www.ufsm.br\/pro-reitorias\/proinova\/wp-json\/wp\/v2\/posts\/9330","targetHints":{"allow":["GET"]}}],"collection":[{"href":"https:\/\/www.ufsm.br\/pro-reitorias\/proinova\/wp-json\/wp\/v2\/posts"}],"about":[{"href":"https:\/\/www.ufsm.br\/pro-reitorias\/proinova\/wp-json\/wp\/v2\/types\/post"}],"author":[{"embeddable":true,"href":"https:\/\/www.ufsm.br\/pro-reitorias\/proinova\/wp-json\/wp\/v2\/users\/650"}],"replies":[{"embeddable":true,"href":"https:\/\/www.ufsm.br\/pro-reitorias\/proinova\/wp-json\/wp\/v2\/comments?post=9330"}],"version-history":[{"count":0,"href":"https:\/\/www.ufsm.br\/pro-reitorias\/proinova\/wp-json\/wp\/v2\/posts\/9330\/revisions"}],"wp:attachment":[{"href":"https:\/\/www.ufsm.br\/pro-reitorias\/proinova\/wp-json\/wp\/v2\/media?parent=9330"}],"wp:term":[{"taxonomy":"category","embeddable":true,"href":"https:\/\/www.ufsm.br\/pro-reitorias\/proinova\/wp-json\/wp\/v2\/categories?post=9330"},{"taxonomy":"post_tag","embeddable":true,"href":"https:\/\/www.ufsm.br\/pro-reitorias\/proinova\/wp-json\/wp\/v2\/tags?post=9330"}],"curies":[{"name":"wp","href":"https:\/\/api.w.org\/{rel}","templated":true}]}}