{"id":9371,"date":"2026-03-09T14:08:18","date_gmt":"2026-03-09T17:08:18","guid":{"rendered":"https:\/\/www.ufsm.br\/pro-reitorias\/proinova\/?p=9371"},"modified":"2026-03-09T14:08:20","modified_gmt":"2026-03-09T17:08:20","slug":"presidente-do-inesc-pd-brasil-estara-na-ufsm-para-falar-sobre-pesquisa-e-gestao-da-ciencia","status":"publish","type":"post","link":"https:\/\/www.ufsm.br\/pro-reitorias\/proinova\/2026\/03\/09\/presidente-do-inesc-pd-brasil-estara-na-ufsm-para-falar-sobre-pesquisa-e-gestao-da-ciencia","title":{"rendered":"Presidente do INESC P&amp;D Brasil estar\u00e1 na UFSM para falar sobre pesquisa e gest\u00e3o da ci\u00eancia"},"content":{"rendered":"\n<p>No pr\u00f3ximo dia 16 de mar\u00e7o, a Universidade Federal de Santa Maria (UFSM) receber\u00e1 a visita do Professor Vladimiro Miranda, Presidente do INESC Brasil P&amp;D. O encontro conta com o apoio do Centro de Tecnologia (CT-UFSM). Vladimiro vai ministrar a palestra \u201cPesquisa e Gest\u00e3o da Ci\u00eancia: Realidades e Inova\u00e7\u00e3o nas Pol\u00edticas\u201d e, logo ap\u00f3s, ser\u00e1 o lan\u00e7amento do livro \u201cGest\u00e3o de Pesquisa &#8211; Pol\u00edticas e Realidades\u201d.<br><br>Vladimiro Miranda e\u0301 um cientista reconhecido pela Universidade de Stanford como um dos mais influentes do mundo na sua a\u0301rea de especialidade de energia. Esteve na fundac\u0327a\u0303o de institutos de investigac\u0327a\u0303o e inovac\u0327a\u0303o na Europa, China e Ame\u0301rica do Sul, sendo ainda hoje Presidente do INESC P&amp;D Brasil, e ostenta o reconhecimento ma\u0301ximo de Fellow do IEEE, organizac\u0327a\u0303o de cie\u0302ncia e engenharia, com sede nos Estados Unidos. E\u0301 conselheiro cienti\u0301fico e te\u0301cnico de va\u0301rias organizac\u0327o\u0303es internacionais na Europa, A\u0301frica, A\u0301sia e Ame\u0301rica do Sul.<br>Tem uma extensa obra te\u0301cnica como autor e coautor de publicac\u0327o\u0303es cienti\u0301ficas. Foi durante muitos anos o coordenador do BIP Boletim do INESC TEC, onde pontuou pelo interessante recorte da prosa dos seus editoriais. E\u0301, hoje, Professor Eme\u0301rito da Universidade do Porto.<br><br>O encontro \u00e9 gratuito e acontecer\u00e1 no Espa\u00e7o Collab InovaTec (Pr\u00e9dio 61H) a partir das 10h.<\/p>\n","protected":false},"excerpt":{"rendered":"<p>O evento acontece no pr\u00f3ximo dia 16 de mar\u00e7o no Espa\u00e7o Collab (Pr\u00e9dio 61H)<\/p>\n","protected":false},"author":650,"featured_media":0,"comment_status":"closed","ping_status":"closed","sticky":false,"template":"","format":"standard","meta":{"episode_type":"","audio_file":"","cover_image":"","cover_image_id":"","duration":"","filesize":"","date_recorded":"","explicit":"","block":"","filesize_raw":"","footnotes":""},"categories":[6],"tags":[215,673],"class_list":["post-9371","post","type-post","status-publish","format-standard","hentry","category-noticias","tag-inovacaoufsm","tag-drops"],"acf":[],"_links":{"self":[{"href":"https:\/\/www.ufsm.br\/pro-reitorias\/proinova\/wp-json\/wp\/v2\/posts\/9371","targetHints":{"allow":["GET"]}}],"collection":[{"href":"https:\/\/www.ufsm.br\/pro-reitorias\/proinova\/wp-json\/wp\/v2\/posts"}],"about":[{"href":"https:\/\/www.ufsm.br\/pro-reitorias\/proinova\/wp-json\/wp\/v2\/types\/post"}],"author":[{"embeddable":true,"href":"https:\/\/www.ufsm.br\/pro-reitorias\/proinova\/wp-json\/wp\/v2\/users\/650"}],"replies":[{"embeddable":true,"href":"https:\/\/www.ufsm.br\/pro-reitorias\/proinova\/wp-json\/wp\/v2\/comments?post=9371"}],"version-history":[{"count":0,"href":"https:\/\/www.ufsm.br\/pro-reitorias\/proinova\/wp-json\/wp\/v2\/posts\/9371\/revisions"}],"wp:attachment":[{"href":"https:\/\/www.ufsm.br\/pro-reitorias\/proinova\/wp-json\/wp\/v2\/media?parent=9371"}],"wp:term":[{"taxonomy":"category","embeddable":true,"href":"https:\/\/www.ufsm.br\/pro-reitorias\/proinova\/wp-json\/wp\/v2\/categories?post=9371"},{"taxonomy":"post_tag","embeddable":true,"href":"https:\/\/www.ufsm.br\/pro-reitorias\/proinova\/wp-json\/wp\/v2\/tags?post=9371"}],"curies":[{"name":"wp","href":"https:\/\/api.w.org\/{rel}","templated":true}]}}