{"id":9386,"date":"2026-03-17T10:29:19","date_gmt":"2026-03-17T13:29:19","guid":{"rendered":"https:\/\/www.ufsm.br\/pro-reitorias\/proinova\/?p=9386"},"modified":"2026-03-17T10:29:21","modified_gmt":"2026-03-17T13:29:21","slug":"finep-mais-inovacao-brasil-rodada-2-tecnologias-digitais","status":"publish","type":"post","link":"https:\/\/www.ufsm.br\/pro-reitorias\/proinova\/2026\/03\/17\/finep-mais-inovacao-brasil-rodada-2-tecnologias-digitais","title":{"rendered":"Finep Mais Inova\u00e7\u00e3o Brasil: Rodada 2 \u2013 Tecnologias Digitais"},"content":{"rendered":"\n<p>A Finep lan\u00e7ou a segunda rodada da sele\u00e7\u00e3o p\u00fablica Mais Inova\u00e7\u00e3o Brasil, focada exclusivamente em Tecnologias Digitais. O edital visa acelerar o desenvolvimento de produtos e processos inovadores que apresentem risco tecnol\u00f3gico, fortalecendo a soberania digital e a capacidade competitiva das empresas brasileiras.<\/p>\n\n\n\n<p>Com um aporte total de R$ 300 milh\u00f5es, a iniciativa busca projetos que transformem o cen\u00e1rio da Intelig\u00eancia Artificial, Rob\u00f3tica e Tecnologias Qu\u00e2nticas no pa\u00eds.<\/p>\n\n\n\n<p>As propostas devem estar inseridas em um dos seguintes eixos:<br>Linha 1: Pilha de Intelig\u00eancia Artificial Nacional (Plataformas de opera\u00e7\u00e3o, software de sistema e otimiza\u00e7\u00e3o de infraestrutura computacional).<br>Linha 2: GPU Clouds (Solu\u00e7\u00f5es intensivas em IA).<br>Linha 3: Rob\u00f3tica Avan\u00e7ada com IA.<br>Linha 4: IA para Prote\u00e7\u00e3o Digital de Crian\u00e7as e Adolescentes.<br>Linha 5: Tecnologias Qu\u00e2nticas.<br>Linha 6: Modelos de IA Generativa.<br><br>Conhe\u00e7a os valores por proposta:<br>Arranjo Simples: De R$ 5 milh\u00f5es a R$ 25 milh\u00f5es por projeto.<br>Arranjo em Rede: De R$ 5 milh\u00f5es a R$ 40 milh\u00f5es por projeto.<br>Maturidade (TRL): Projetos de TRL 3 a 8.<\/p>\n\n\n\n<p>Requisitos de Maturidade (TRL)<br>O edital foca em projetos que percorram os n\u00edveis de maturidade tecnol\u00f3gica de TRL 3 a TRL 8.<\/p>\n\n\n\n<p>Nota Importante: Para projetos que visam atingir o TRL 8 (demonstra\u00e7\u00e3o do sistema real em ambiente operacional), o ponto de partida deve estar obrigatoriamente entre TRL 3 e 6.<\/p>\n\n\n\n<p>A submiss\u00e3o deve ser feita por Empresas. Institui\u00e7\u00f5es de Ci\u00eancia e Tecnologia (ICTs) podem participar como parceiras ou prestadoras de servi\u00e7os dentro do projeto.<\/p>\n\n\n\n<p>Prazo final para recebimento de propostas: 30 de setembro de 2026. Saiba mais no <a href=\"http:\/\/www.finep.gov.br\/images\/chamadas-publicas\/2026\/12_03_2026_TA_Regulamento.pdf\" data-type=\"link\" data-id=\"http:\/\/www.finep.gov.br\/images\/chamadas-publicas\/2026\/12_03_2026_TA_Regulamento.pdf\">site da Finep<\/a> ou pelo e-mail proinova.npv@ufsm.br<\/p>\n","protected":false},"excerpt":{"rendered":"<p>A Finep lan\u00e7ou a segunda rodada da sele\u00e7\u00e3o p\u00fablica Mais Inova\u00e7\u00e3o Brasil, focada exclusivamente em Tecnologias Digitais. O edital visa acelerar o desenvolvimento de produtos e processos inovadores que apresentem risco tecnol\u00f3gico, fortalecendo a soberania digital e a capacidade competitiva das empresas brasileiras. Com um aporte total de R$ 300 milh\u00f5es, a iniciativa busca projetos [&hellip;]<\/p>\n","protected":false},"author":650,"featured_media":0,"comment_status":"closed","ping_status":"closed","sticky":false,"template":"","format":"standard","meta":{"episode_type":"","audio_file":"","cover_image":"","cover_image_id":"","duration":"","filesize":"","date_recorded":"","explicit":"","block":"","filesize_raw":"","footnotes":""},"categories":[6],"tags":[673],"class_list":["post-9386","post","type-post","status-publish","format-standard","hentry","category-noticias","tag-drops"],"acf":[],"_links":{"self":[{"href":"https:\/\/www.ufsm.br\/pro-reitorias\/proinova\/wp-json\/wp\/v2\/posts\/9386","targetHints":{"allow":["GET"]}}],"collection":[{"href":"https:\/\/www.ufsm.br\/pro-reitorias\/proinova\/wp-json\/wp\/v2\/posts"}],"about":[{"href":"https:\/\/www.ufsm.br\/pro-reitorias\/proinova\/wp-json\/wp\/v2\/types\/post"}],"author":[{"embeddable":true,"href":"https:\/\/www.ufsm.br\/pro-reitorias\/proinova\/wp-json\/wp\/v2\/users\/650"}],"replies":[{"embeddable":true,"href":"https:\/\/www.ufsm.br\/pro-reitorias\/proinova\/wp-json\/wp\/v2\/comments?post=9386"}],"version-history":[{"count":0,"href":"https:\/\/www.ufsm.br\/pro-reitorias\/proinova\/wp-json\/wp\/v2\/posts\/9386\/revisions"}],"wp:attachment":[{"href":"https:\/\/www.ufsm.br\/pro-reitorias\/proinova\/wp-json\/wp\/v2\/media?parent=9386"}],"wp:term":[{"taxonomy":"category","embeddable":true,"href":"https:\/\/www.ufsm.br\/pro-reitorias\/proinova\/wp-json\/wp\/v2\/categories?post=9386"},{"taxonomy":"post_tag","embeddable":true,"href":"https:\/\/www.ufsm.br\/pro-reitorias\/proinova\/wp-json\/wp\/v2\/tags?post=9386"}],"curies":[{"name":"wp","href":"https:\/\/api.w.org\/{rel}","templated":true}]}}