{"id":9416,"date":"2026-04-01T13:57:03","date_gmt":"2026-04-01T16:57:03","guid":{"rendered":"https:\/\/www.ufsm.br\/pro-reitorias\/proinova\/?p=9416"},"modified":"2026-04-01T14:15:37","modified_gmt":"2026-04-01T17:15:37","slug":"ufsm-registra-13-concessoes-de-patentes-de-invencao-em-2025","status":"publish","type":"post","link":"https:\/\/www.ufsm.br\/pro-reitorias\/proinova\/2026\/04\/01\/ufsm-registra-13-concessoes-de-patentes-de-invencao-em-2025","title":{"rendered":"UFSM registra 13 concess\u00f5es de patentes de inven\u00e7\u00e3o em 2025"},"content":{"rendered":"\n<p><span style=\"font-weight: 400\">A UFSM encerrou o per\u00edodo at\u00e9 31 de dezembro de 2025 com a concess\u00e3o de 13 patentes de inven\u00e7\u00e3o pelo Instituto Nacional da Propriedade Industrial (INPI). Os resultados refletem a diversidade das pesquisas desenvolvidas na institui\u00e7\u00e3o e o fortalecimento das a\u00e7\u00f5es de prote\u00e7\u00e3o intelectual conduzidas com o apoio da Pr\u00f3-Reitoria de Inova\u00e7\u00e3o e Empreendedorismo (Proinova).<\/span><\/p>\n<p><span style=\"font-weight: 400\">As patentes concedidas em 2025 abrangem diferentes \u00e1reas do conhecimento, como engenharia el\u00e9trica, engenharia mec\u00e2nica, engenharia qu\u00edmica, nanotecnologia, energia, computa\u00e7\u00e3o, agricultura, meteorologia e cosm\u00e9ticos, demonstrando o car\u00e1ter multidisciplinar da produ\u00e7\u00e3o cient\u00edfica e tecnol\u00f3gica da UFSM .<\/span><\/p>\n<p><span style=\"font-weight: 400\">Entre os destaques do ano, est\u00e1 a patente BR 102018006434 &#8211; \u201cSistema e m\u00e9todo de simula\u00e7\u00e3o em multiresolu\u00e7\u00e3o\u201d, desenvolvida pelo professor Raul Ceretta Nunes, em cotitularidade entre a UFSM e o Ex\u00e9rcito Brasileiro. A inven\u00e7\u00e3o prop\u00f5e um sistema de simula\u00e7\u00e3o distribu\u00edda em multiresolu\u00e7\u00e3o, com controle adaptativo e intera\u00e7\u00e3o do usu\u00e1rio, aplic\u00e1vel a diferentes contextos de modelagem e simula\u00e7\u00e3o computacional.<\/span><\/p>\n<p><span style=\"font-weight: 400\">Outro destaque \u00e9 a patente BR 102019024299 &#8211; \u201cDispositivo e m\u00e9todo de an\u00e1lise do protocolo DMX\u201d, desenvolvida pelo professor Cristiano Bertolini, em parceria com a empresa Som Maior Proaudio. A tecnologia permite o diagn\u00f3stico de redes DMX, amplamente utilizadas em ilumina\u00e7\u00e3o profissional, por meio da an\u00e1lise autom\u00e1tica de dados el\u00e9tricos e de comunica\u00e7\u00e3o. A patente encontra-se licenciada pela UFSM para a empresa Som Maior.<\/span><\/p>\n<p><span style=\"font-weight: 400\">Al\u00e9m dessas, o conjunto de patentes concedidas em 2025 inclui inven\u00e7\u00f5es voltadas \u00e0 seguran\u00e7a de comunica\u00e7\u00e3o de dados, sistemas de descarga autom\u00e1tica de silos, materiais nanoestruturados, monitoramento de arranjos fotovoltaicos, captura de imagens em espa\u00e7o a\u00e9reo, ensaios de prote\u00e7\u00e3o el\u00e9trica e desenvolvimento de composi\u00e7\u00f5es cosm\u00e9ticas nanoestruturadas, todas com titularidade da UFSM, isoladamente ou em cotitularidade com outras institui\u00e7\u00f5es e empresas.<\/span><\/p>\n<p>\u00a0<\/p>\n<h3><b>Patentes e propriedade intelectual<\/b><\/h3>\n<p><span style=\"font-weight: 400\">Os resultados tamb\u00e9m ajudam a evidenciar uma dimens\u00e3o muitas vezes pouco conhecida da atividade cient\u00edfica: a prote\u00e7\u00e3o da propriedade intelectual. No caso das patentes, a concess\u00e3o pelo INPI representa o reconhecimento de que determinada cria\u00e7\u00e3o atende requisitos legais e t\u00e9cnicos para prote\u00e7\u00e3o, o que fortalece a seguran\u00e7a jur\u00eddica sobre o conhecimento gerado e amplia as possibilidades de transfer\u00eancia de tecnologia, parcerias e inova\u00e7\u00e3o.\u00a0<\/span><\/p>\n<p><span style=\"font-weight: 400\">No Brasil, o sistema de patentes contempla, entre outras modalidades, a patente de inven\u00e7\u00e3o, voltada para tecnologias, produtos e processos, e a patente de modelo de utilidade, relacionada a aperfei\u00e7oamentos funcionais em objetos de uso pr\u00e1tico. A prote\u00e7\u00e3o tem prazo determinado: no caso das patentes de inven\u00e7\u00e3o, a vig\u00eancia \u00e9 de 20 anos a partir da data do dep\u00f3sito; para modelos de utilidade, o prazo \u00e9 de 15 anos.<\/span><\/p>\n<p><span style=\"font-weight: 400\">A concess\u00e3o, por\u00e9m, n\u00e3o ocorre de forma imediata.\u00a0 Ap\u00f3s o dep\u00f3sito, o pedido pode permanecer em sigilo por at\u00e9 18 meses antes da publica\u00e7\u00e3o, e o exame t\u00e9cnico deve ser requerido em at\u00e9 36 meses, conforme a legisla\u00e7\u00e3o brasileira. Nesse contexto, os resultados alcan\u00e7ados pela UFSM em 2025 refor\u00e7am n\u00e3o apenas a qualidade da produ\u00e7\u00e3o cient\u00edfica, mas tamb\u00e9m sua capacidade de transformar pesquisa em ativos de inova\u00e7\u00e3o com potencial de impacto social e econ\u00f4mico.\u00a0<\/span><\/p>\n<p>\u00a0<\/p>\n<p><strong>Texto:<\/strong> Gabriela de Almeida e Gabriela Alves.<\/p>\n<p><strong>Revis\u00e3o:\u00a0<\/strong>Debora Tamiosso.<\/p>\n<p>\u00a0<\/p>\n\n\n","protected":false},"excerpt":{"rendered":"<p>A UFSM encerrou o per\u00edodo at\u00e9 31 de dezembro de 2025 com a concess\u00e3o de 13 patentes de inven\u00e7\u00e3o pelo Instituto Nacional da Propriedade Industrial (INPI). Os resultados refletem a diversidade das pesquisas desenvolvidas na institui\u00e7\u00e3o e o fortalecimento das a\u00e7\u00f5es de prote\u00e7\u00e3o intelectual conduzidas com o apoio da Pr\u00f3-Reitoria de Inova\u00e7\u00e3o e Empreendedorismo (Proinova). [&hellip;]<\/p>\n","protected":false},"author":9526,"featured_media":9415,"comment_status":"closed","ping_status":"closed","sticky":false,"template":"","format":"standard","meta":{"episode_type":"","audio_file":"","cover_image":"","cover_image_id":"","duration":"","filesize":"","date_recorded":"","explicit":"","block":"","filesize_raw":"","footnotes":""},"categories":[6],"tags":[152,215,778,173],"class_list":["post-9416","post","type-post","status-publish","format-standard","has-post-thumbnail","hentry","category-noticias","tag-empreendedorismoufsm","tag-inovacaoufsm","tag-proinova-2","tag-ufsm-2"],"acf":[],"_links":{"self":[{"href":"https:\/\/www.ufsm.br\/pro-reitorias\/proinova\/wp-json\/wp\/v2\/posts\/9416","targetHints":{"allow":["GET"]}}],"collection":[{"href":"https:\/\/www.ufsm.br\/pro-reitorias\/proinova\/wp-json\/wp\/v2\/posts"}],"about":[{"href":"https:\/\/www.ufsm.br\/pro-reitorias\/proinova\/wp-json\/wp\/v2\/types\/post"}],"author":[{"embeddable":true,"href":"https:\/\/www.ufsm.br\/pro-reitorias\/proinova\/wp-json\/wp\/v2\/users\/9526"}],"replies":[{"embeddable":true,"href":"https:\/\/www.ufsm.br\/pro-reitorias\/proinova\/wp-json\/wp\/v2\/comments?post=9416"}],"version-history":[{"count":0,"href":"https:\/\/www.ufsm.br\/pro-reitorias\/proinova\/wp-json\/wp\/v2\/posts\/9416\/revisions"}],"wp:featuredmedia":[{"embeddable":true,"href":"https:\/\/www.ufsm.br\/pro-reitorias\/proinova\/wp-json\/wp\/v2\/media\/9415"}],"wp:attachment":[{"href":"https:\/\/www.ufsm.br\/pro-reitorias\/proinova\/wp-json\/wp\/v2\/media?parent=9416"}],"wp:term":[{"taxonomy":"category","embeddable":true,"href":"https:\/\/www.ufsm.br\/pro-reitorias\/proinova\/wp-json\/wp\/v2\/categories?post=9416"},{"taxonomy":"post_tag","embeddable":true,"href":"https:\/\/www.ufsm.br\/pro-reitorias\/proinova\/wp-json\/wp\/v2\/tags?post=9416"}],"curies":[{"name":"wp","href":"https:\/\/api.w.org\/{rel}","templated":true}]}}