{"id":9433,"date":"2026-04-06T14:12:49","date_gmt":"2026-04-06T17:12:49","guid":{"rendered":"https:\/\/www.ufsm.br\/pro-reitorias\/proinova\/?p=9433"},"modified":"2026-04-06T14:19:55","modified_gmt":"2026-04-06T17:19:55","slug":"pulsar-incubadora-tecnologica-da-ufsm-e-finalista-do-premio-nacional-de-empreendedorismo-inovador-2026","status":"publish","type":"post","link":"https:\/\/www.ufsm.br\/pro-reitorias\/proinova\/2026\/04\/06\/pulsar-incubadora-tecnologica-da-ufsm-e-finalista-do-premio-nacional-de-empreendedorismo-inovador-2026","title":{"rendered":"Pulsar Incubadora Tecnol\u00f3gica da UFSM \u00e9 finalista do Pr\u00eamio Nacional de Empreendedorismo Inovador 2026"},"content":{"rendered":"\t\t<div data-elementor-type=\"wp-post\" data-elementor-id=\"9433\" class=\"elementor elementor-9433\">\n\t\t\t\t\t\t<section class=\"elementor-section elementor-top-section elementor-element elementor-element-171b1a4c elementor-section-boxed elementor-section-height-default elementor-section-height-default\" data-id=\"171b1a4c\" data-element_type=\"section\">\n\t\t\t\t\t\t<div class=\"elementor-container elementor-column-gap-default\">\n\t\t\t\t\t<div class=\"elementor-column elementor-col-100 elementor-top-column elementor-element elementor-element-5f0496b5\" data-id=\"5f0496b5\" data-element_type=\"column\">\n\t\t\t<div class=\"elementor-widget-wrap elementor-element-populated\">\n\t\t\t\t\t\t<div class=\"elementor-element elementor-element-1ad3b342 elementor-widget elementor-widget-text-editor\" data-id=\"1ad3b342\" data-element_type=\"widget\" data-widget_type=\"text-editor.default\">\n\t\t\t\t<div class=\"elementor-widget-container\">\n\t\t\t\t\t\t\t<!-- wp:tadv\/classic-paragraph \/-->\n<p>\u00a0<\/p>\n<!-- wp:tadv\/classic-paragraph -->\n<p><span style=\"font-weight: 400\">A Pulsar Incubadora Tecnol\u00f3gica da Universidade Federal de Santa Maria (UFSM) \u00e9 finalista do Pr\u00eamio Nacional de Empreendedorismo Inovador 2026. O resultado da etapa classificat\u00f3ria foi divulgado em 2 de abril pela Associa\u00e7\u00e3o Nacional de Entidades Promotoras de Empreendimentos Inovadores (Anprotec).\u00a0<\/span><\/p>\n<p><span style=\"font-weight: 400\">Vinculada ao Parque de Inova\u00e7\u00e3o, Ci\u00eancia e Tecnologia da UFSM (InovaTec), a Pulsar atua no apoio \u00e0 cria\u00e7\u00e3o e ao desenvolvimento de startups de base tecnol\u00f3gica, oferecendo infraestrutura, acompanhamento de neg\u00f3cios e conex\u00e3o com o ecossistema de inova\u00e7\u00e3o.<\/span><\/p>\n<p><span style=\"font-weight: 400\">O pr\u00eamio reconhece iniciativas desenvolvidas por incubadoras de empresas, aceleradoras, hubs de inova\u00e7\u00e3o e parques cient\u00edficos e tecnol\u00f3gicos, al\u00e9m de empreendimentos vinculados a esses ambientes. Na premia\u00e7\u00e3o, a incubadora concorre na categoria Incubadora de Empresas \u2013 Trof\u00e9u Adelino Medeiros, voltada ao reconhecimento de programas de incuba\u00e7\u00e3o com impacto no fortalecimento do empreendedorismo inovador e na qualifica\u00e7\u00e3o de processos como pr\u00e9-incuba\u00e7\u00e3o, sele\u00e7\u00e3o e desenvolvimento de empreendimentos.<\/span><\/p>\n<p><span style=\"font-weight: 400\">Al\u00e9m da UFSM, tamb\u00e9m s\u00e3o finalistas na categoria o Centro de Empreendimentos em Inform\u00e1tica (CEI), da Universidade Federal do Rio Grande do Sul (UFRGS), com a iniciativa <\/span><i><span style=\"font-weight: 400\">Metodologia CEI: Excel\u00eancia em Deep Techs e a Institucionaliza\u00e7\u00e3o do Pipeline de Inova\u00e7\u00e3o na UFRGS<\/span><\/i><span style=\"font-weight: 400\">, e a Unitec, da Universidade do Vale do Rio dos Sinos (Unisinos), com a iniciativa <\/span><i><span style=\"font-weight: 400\">Promo\u00e7\u00e3o do desenvolvimento por meio do Empreendedorismo Inovador<\/span><\/i><span style=\"font-weight: 400\">.<\/span><\/p>\n<p><span style=\"font-weight: 400\">Para Anderson Cardozo Paim, gestor da Pulsar Incubadora Tecnol\u00f3gica, a indica\u00e7\u00e3o reconhece o trabalho desenvolvido pela incubadora e o fortalecimento do ecossistema de inova\u00e7\u00e3o da universidade.<\/span><\/p>\n<p><span style=\"font-weight: 400\">\u201cEstar entre os finalistas do pr\u00eamio reconhece o trabalho que desenvolvemos na Pulsar no apoio \u00e0 transforma\u00e7\u00e3o de ideias em neg\u00f3cios de base tecnol\u00f3gica. Tamb\u00e9m mostra a for\u00e7a do ecossistema de inova\u00e7\u00e3o que vem sendo constru\u00eddo em Santa Maria e o impacto das startups apoiadas pela incubadora\u201d, afirma.<\/span><\/p>\n<p><span style=\"font-weight: 400\">Os finalistas apresentar\u00e3o suas iniciativas durante a Confer\u00eancia Anprotec de Empreendedorismo e Ambientes de Inova\u00e7\u00e3o 2026, que ser\u00e1 realizada de 29 de junho a 2 de julho, em Manaus (AM). Na ocasi\u00e3o, ser\u00e3o anunciados os vencedores de cada categoria.<\/span><\/p>\n<p><em><b>Texto:<\/b><span style=\"font-weight: 400\"> Gabriela Alves &#8211; bolsista de jornalismo.<\/span><\/em><\/p>\n<p><em><b>Revis\u00e3o:<\/b><span style=\"font-weight: 400\"> Debora Tamiosso &#8211; Comunica\u00e7\u00e3o PROINOVA.<\/span><\/em><\/p>\n<!-- \/wp:tadv\/classic-paragraph --><!-- wp:tadv\/classic-paragraph \/--><!-- wp:tadv\/classic-paragraph \/--><!-- wp:tadv\/classic-paragraph \/--><!-- wp:tadv\/classic-paragraph \/--><!-- wp:tadv\/classic-paragraph \/-->\t\t\t\t\t\t<\/div>\n\t\t\t\t<\/div>\n\t\t\t\t\t<\/div>\n\t\t<\/div>\n\t\t\t\t\t<\/div>\n\t\t<\/section>\n\t\t\t\t<\/div>\n\t\t","protected":false},"excerpt":{"rendered":"<p>Iniciativa vinculada ao Inovatec UFSM Parque Tecnol\u00f3gico est\u00e1 entre os selecionados da premia\u00e7\u00e3o promovida pela Anprotec.<\/p>\n","protected":false},"author":9526,"featured_media":9434,"comment_status":"closed","ping_status":"closed","sticky":false,"template":"","format":"standard","meta":{"episode_type":"","audio_file":"","cover_image":"","cover_image_id":"","duration":"","filesize":"","date_recorded":"","explicit":"","block":"","filesize_raw":"","footnotes":""},"categories":[6],"tags":[152,215,210,304,173],"class_list":["post-9433","post","type-post","status-publish","format-standard","has-post-thumbnail","hentry","category-noticias","tag-empreendedorismoufsm","tag-inovacaoufsm","tag-pulsar","tag-startups","tag-ufsm-2"],"acf":[],"_links":{"self":[{"href":"https:\/\/www.ufsm.br\/pro-reitorias\/proinova\/wp-json\/wp\/v2\/posts\/9433","targetHints":{"allow":["GET"]}}],"collection":[{"href":"https:\/\/www.ufsm.br\/pro-reitorias\/proinova\/wp-json\/wp\/v2\/posts"}],"about":[{"href":"https:\/\/www.ufsm.br\/pro-reitorias\/proinova\/wp-json\/wp\/v2\/types\/post"}],"author":[{"embeddable":true,"href":"https:\/\/www.ufsm.br\/pro-reitorias\/proinova\/wp-json\/wp\/v2\/users\/9526"}],"replies":[{"embeddable":true,"href":"https:\/\/www.ufsm.br\/pro-reitorias\/proinova\/wp-json\/wp\/v2\/comments?post=9433"}],"version-history":[{"count":0,"href":"https:\/\/www.ufsm.br\/pro-reitorias\/proinova\/wp-json\/wp\/v2\/posts\/9433\/revisions"}],"wp:featuredmedia":[{"embeddable":true,"href":"https:\/\/www.ufsm.br\/pro-reitorias\/proinova\/wp-json\/wp\/v2\/media\/9434"}],"wp:attachment":[{"href":"https:\/\/www.ufsm.br\/pro-reitorias\/proinova\/wp-json\/wp\/v2\/media?parent=9433"}],"wp:term":[{"taxonomy":"category","embeddable":true,"href":"https:\/\/www.ufsm.br\/pro-reitorias\/proinova\/wp-json\/wp\/v2\/categories?post=9433"},{"taxonomy":"post_tag","embeddable":true,"href":"https:\/\/www.ufsm.br\/pro-reitorias\/proinova\/wp-json\/wp\/v2\/tags?post=9433"}],"curies":[{"name":"wp","href":"https:\/\/api.w.org\/{rel}","templated":true}]}}