{"id":401,"date":"2021-05-12T11:04:29","date_gmt":"2021-05-12T14:04:29","guid":{"rendered":"https:\/\/www.ufsm.br\/pro-reitorias\/proplan\/gap\/?p=401"},"modified":"2021-05-12T15:09:24","modified_gmt":"2021-05-12T18:09:24","slug":"incubadora-social-ufsm-seleciona-novas-propostas-de-empreendedorismo-social","status":"publish","type":"post","link":"https:\/\/www.ufsm.br\/pro-reitorias\/proplan\/gap\/2021\/05\/12\/incubadora-social-ufsm-seleciona-novas-propostas-de-empreendedorismo-social","title":{"rendered":"Incubadora Social UFSM seleciona novas propostas de Empreendedorismo Social"},"content":{"rendered":"\t\t<div data-elementor-type=\"wp-post\" data-elementor-id=\"401\" class=\"elementor elementor-401\">\n\t\t\t\t\t\t<section class=\"elementor-section elementor-top-section elementor-element elementor-element-6553d86a elementor-section-boxed elementor-section-height-default elementor-section-height-default\" data-id=\"6553d86a\" data-element_type=\"section\">\n\t\t\t\t\t\t<div class=\"elementor-container elementor-column-gap-default\">\n\t\t\t\t\t<div class=\"elementor-column elementor-col-100 elementor-top-column elementor-element elementor-element-37ed49a7\" data-id=\"37ed49a7\" data-element_type=\"column\">\n\t\t\t<div class=\"elementor-widget-wrap elementor-element-populated\">\n\t\t\t\t\t\t<div class=\"elementor-element elementor-element-47582f2d elementor-widget elementor-widget-text-editor\" data-id=\"47582f2d\" data-element_type=\"widget\" data-widget_type=\"text-editor.default\">\n\t\t\t\t<div class=\"elementor-widget-container\">\n\t\t\t\t\t\t\t<!-- wp:tadv\/classic-paragraph -->\n<p class=\"western\" align=\"justify\">A Incubadora Social da UFSM, vinculada \u00e0 Pr\u00f3-Reitoria de Extens\u00e3o, est\u00e1 com inscri\u00e7\u00f5es abertas para o processo seletivo de empreendedores e\/ou empreendimentos sociais interessados em participar do per\u00edodo de incuba\u00e7\u00e3o junto \u00e0 Universidade Federal de Santa Maria. Podem submeter propostas servidores da\u00a0<span lang=\"pt-BR\">I<\/span>nstitui\u00e7\u00e3o e membros da comunidade externa, que atuem em Santa Maria, Frederico Westphalen, Palmeira das Miss\u00f5es ou Cachoeir<span lang=\"pt-BR\">a<\/span>\u00a0do Sul. As a\u00e7\u00f5es propostas devem ser voltadas ao empreendedorismo social, \u00e0 economia solid\u00e1ria ou\u00a0<span lang=\"pt-BR\">a\u00a0<\/span>empreendimentos com o prop\u00f3sito de solucionar problemas sociais existentes.<\/p>\n<p class=\"western\" align=\"justify\">A Incuba\u00e7\u00e3o de Empreendimentos Econ\u00f4micos Solid\u00e1rios compreende um conjunto de atividades de forma\u00e7\u00e3o e de assessoria que v\u00e3o desde o surgimento do Empreendimento Econ\u00f4mico Solid\u00e1rio at\u00e9 a sua consolida\u00e7\u00e3o, buscando, por meio de troca de conhecimentos, fazer com que o Empreendimento conquiste autonomia organizativa e viabilidade econ\u00f4mica. Dentre os benef\u00edcio<span lang=\"pt-BR\">s<\/span>\u00a0recebidos pelos empreendimentos selecionados<span lang=\"pt-BR\">,<\/span>\u00a0e<span lang=\"pt-BR\">s<\/span>t\u00e3o o est\u00edmulo \u00e0 cultura empreendedora e inovadora nas comunidades vulner\u00e1veis e\/ou perif\u00e9ricas; o suporte ao empreendedor atrav\u00e9s de capacita\u00e7\u00f5es e treinamentos; o planejamento,<span lang=\"pt-BR\">\u00a0a<\/span>\u00a0implanta\u00e7\u00e3o e\u00a0<span lang=\"pt-BR\">a\u00a0<\/span>gest\u00e3o de neg\u00f3cios que utilizem tecnologias sociais; o incentivo \u00e0 participa\u00e7\u00e3o de editais de fomento; a participa\u00e7\u00e3o de espa\u00e7os formativos e viv\u00eancias concretas de produ\u00e7\u00e3o, comercializa\u00e7\u00e3o e autogest\u00e3o; e o est\u00edmulo \u00e0 organiza\u00e7\u00e3o de cadeias produtivas e cria\u00e7\u00e3o de redes solid\u00e1rias.<\/p>\n<p class=\"western\" align=\"justify\">O per\u00edodo de inscri\u00e7\u00e3o vai at\u00e9 o dia 30 de maio de 2021. D\u00favidas podem ser encaminhadas pelo e-mail<a href=\"mailto:incubadorasocial@ufsm.br\"><u>\u00a0incubadorasocial@ufsm.br<\/u><\/a>\u00a0ou pelo telefone (55) 99158-0632.<\/p>\n<p class=\"western\" align=\"justify\"><a href=\"https:\/\/www.ufsm.br\/pro-reitorias\/pre\/editais\/001-2021-3\/\"><u>Acesse a Chamada de Credenciamento da Incubadora Social.<\/u><\/a><\/p>\n<p align=\"justify\">Fonte: https:\/\/www.ufsm.br\/pro-reitorias\/pre\/2021\/04\/19\/incubadora-social-ufsm-seleciona-novas-propostas-de-empreendedorismo-social\/<\/p>\n<!-- \/wp:tadv\/classic-paragraph -->\t\t\t\t\t\t<\/div>\n\t\t\t\t<\/div>\n\t\t\t\t\t<\/div>\n\t\t<\/div>\n\t\t\t\t\t<\/div>\n\t\t<\/section>\n\t\t\t\t<\/div>\n\t\t","protected":false},"excerpt":{"rendered":"<p>A Incubadora Social da UFSM, vinculada \u00e0 Pr\u00f3-Reitoria de Extens\u00e3o, est\u00e1 com inscri\u00e7\u00f5es abertas para o processo seletivo de empreendedores e\/ou empreendimentos sociais interessados em participar do per\u00edodo de incuba\u00e7\u00e3o junto \u00e0 Universidade Federal de Santa Maria. Podem submeter propostas servidores da\u00a0Institui\u00e7\u00e3o e membros da comunidade externa, que atuem em Santa Maria, Frederico Westphalen, Palmeira [&hellip;]<\/p>\n","protected":false},"author":223,"featured_media":0,"comment_status":"closed","ping_status":"closed","sticky":false,"template":"","format":"standard","meta":{"footnotes":""},"categories":[48,37,1],"tags":[78,80],"class_list":["post-401","post","type-post","status-publish","format-standard","hentry","category-noticias-cs","category-noticias-ct","category-sem-categoria","tag-gap","tag-gap-cachs"],"acf":[],"_links":{"self":[{"href":"https:\/\/www.ufsm.br\/pro-reitorias\/proplan\/gap\/wp-json\/wp\/v2\/posts\/401","targetHints":{"allow":["GET"]}}],"collection":[{"href":"https:\/\/www.ufsm.br\/pro-reitorias\/proplan\/gap\/wp-json\/wp\/v2\/posts"}],"about":[{"href":"https:\/\/www.ufsm.br\/pro-reitorias\/proplan\/gap\/wp-json\/wp\/v2\/types\/post"}],"author":[{"embeddable":true,"href":"https:\/\/www.ufsm.br\/pro-reitorias\/proplan\/gap\/wp-json\/wp\/v2\/users\/223"}],"replies":[{"embeddable":true,"href":"https:\/\/www.ufsm.br\/pro-reitorias\/proplan\/gap\/wp-json\/wp\/v2\/comments?post=401"}],"version-history":[{"count":0,"href":"https:\/\/www.ufsm.br\/pro-reitorias\/proplan\/gap\/wp-json\/wp\/v2\/posts\/401\/revisions"}],"wp:attachment":[{"href":"https:\/\/www.ufsm.br\/pro-reitorias\/proplan\/gap\/wp-json\/wp\/v2\/media?parent=401"}],"wp:term":[{"taxonomy":"category","embeddable":true,"href":"https:\/\/www.ufsm.br\/pro-reitorias\/proplan\/gap\/wp-json\/wp\/v2\/categories?post=401"},{"taxonomy":"post_tag","embeddable":true,"href":"https:\/\/www.ufsm.br\/pro-reitorias\/proplan\/gap\/wp-json\/wp\/v2\/tags?post=401"}],"curies":[{"name":"wp","href":"https:\/\/api.w.org\/{rel}","templated":true}]}}