{"id":736,"date":"2022-04-26T08:38:29","date_gmt":"2022-04-26T11:38:29","guid":{"rendered":"https:\/\/www.ufsm.br\/pro-reitorias\/proplan\/gap\/?p=736"},"modified":"2022-04-26T10:17:09","modified_gmt":"2022-04-26T13:17:09","slug":"2a-chamada-ao-edital-fipe-unificado","status":"publish","type":"post","link":"https:\/\/www.ufsm.br\/pro-reitorias\/proplan\/gap\/2022\/04\/26\/2a-chamada-ao-edital-fipe-unificado","title":{"rendered":"2\u00aa Chamada ao edital FIPE UNIFICADO"},"content":{"rendered":"\t\t<div data-elementor-type=\"wp-post\" data-elementor-id=\"736\" class=\"elementor elementor-736\">\n\t\t\t\t\t\t<section class=\"elementor-section elementor-top-section elementor-element elementor-element-6469113 elementor-section-boxed elementor-section-height-default elementor-section-height-default\" data-id=\"6469113\" data-element_type=\"section\">\n\t\t\t\t\t\t<div class=\"elementor-container elementor-column-gap-default\">\n\t\t\t\t\t<div class=\"elementor-column elementor-col-100 elementor-top-column elementor-element elementor-element-0687f08\" data-id=\"0687f08\" data-element_type=\"column\">\n\t\t\t<div class=\"elementor-widget-wrap elementor-element-populated\">\n\t\t\t\t\t\t<div class=\"elementor-element elementor-element-816ba3c elementor-widget elementor-widget-text-editor\" data-id=\"816ba3c\" data-element_type=\"widget\" data-widget_type=\"text-editor.default\">\n\t\t\t\t<div class=\"elementor-widget-container\">\n\t\t\t\t\t\t\t<div style=\"color: #222222;font-family: Arial, Helvetica, sans-serif;font-size: small\">A CIC\/PRPGP publica o<a style=\"color: #1155cc\" href=\"https:\/\/www.ufsm.br\/app\/uploads\/sites\/345\/2022\/04\/Edital-011_2022_2a-chamada_FIPE-UNIFICADO.pdf\" target=\"_blank\" rel=\"noopener\" data-saferedirecturl=\"https:\/\/www.google.com\/url?q=https:\/\/www.ufsm.br\/app\/uploads\/sites\/345\/2022\/04\/Edital-011_2022_2a-chamada_FIPE-UNIFICADO.pdf&amp;source=gmail&amp;ust=1651054729736000&amp;usg=AOvVaw2S8xoSVXTGLSMYkvy3wnY9\">\u00a0Edital 011\/2022 FIPE UNIFICADO &#8211; 2\u00aa chamada<\/a>, que permite solicita\u00e7\u00f5es de bolsas e aux\u00edlios para professores que n\u00e3o obtiveram concess\u00f5es no edital 03\/2022 &#8211; FIPE UNIFICADO.<\/div><div style=\"color: #222222;font-family: Arial, Helvetica, sans-serif;font-size: small\">\u00a0<\/div><div style=\"color: #222222;font-family: Arial, Helvetica, sans-serif;font-size: small\">A CIC\/PRPGP informa que este edital \u00e9 restrito \u00e0s unidades de ensino que n\u00e3o tiveram demanda qualificada para utiliza\u00e7\u00e3o da totalidade dos recursos disponibilizados ao FIPE 2022, as quais seguem abaixo:<\/div><div style=\"color: #222222;font-family: Arial, Helvetica, sans-serif;font-size: small\">CENTRO DE CI\u00caNCIAS RURAIS<\/div><div style=\"color: #222222;font-family: Arial, Helvetica, sans-serif;font-size: small\"><strong>CENTRO DE CI\u00caNCIAS SOCIAIS E HUMANAS<\/strong><\/div><div style=\"color: #222222;font-family: Arial, Helvetica, sans-serif;font-size: small\">CENTRO DE TECNOLOGIA<\/div><div style=\"color: #222222;font-family: Arial, Helvetica, sans-serif;font-size: small\">CENTRO DE EDUCA\u00c7\u00c3O F\u00cdSICA E DESPORTOS<\/div><div style=\"color: #222222;font-family: Arial, Helvetica, sans-serif;font-size: small\">CAMPUS DE PALMEIRA DAS MISS\u00d5ES.<\/div><div>\u00a0<\/div>\t\t\t\t\t\t<\/div>\n\t\t\t\t<\/div>\n\t\t\t\t\t<\/div>\n\t\t<\/div>\n\t\t\t\t\t<\/div>\n\t\t<\/section>\n\t\t\t\t<section class=\"elementor-section elementor-top-section elementor-element elementor-element-1e086d3 elementor-section-boxed elementor-section-height-default elementor-section-height-default\" data-id=\"1e086d3\" data-element_type=\"section\">\n\t\t\t\t\t\t<div class=\"elementor-container elementor-column-gap-default\">\n\t\t\t\t\t<div class=\"elementor-column elementor-col-100 elementor-top-column elementor-element elementor-element-ec1d92e\" data-id=\"ec1d92e\" data-element_type=\"column\">\n\t\t\t<div class=\"elementor-widget-wrap elementor-element-populated\">\n\t\t\t\t\t\t<div class=\"elementor-element elementor-element-31c9a38 elementor-widget elementor-widget-text-editor\" data-id=\"31c9a38\" data-element_type=\"widget\" data-widget_type=\"text-editor.default\">\n\t\t\t\t<div class=\"elementor-widget-container\">\n\t\t\t\t\t\t\t<p><img fetchpriority=\"high\" decoding=\"async\" class=\"alignnone wp-image-737 size-full\" src=\"https:\/\/www.ufsm.br\/app\/uploads\/sites\/819\/2022\/04\/Edital-011_2022_2a-chamada_FIPE-UNIFICADO_pages-to-jpg-0001-e1650972862853.jpg\" alt=\"\" width=\"1053\" height=\"649\" srcset=\"https:\/\/www.ufsm.br\/app\/uploads\/sites\/819\/2022\/04\/Edital-011_2022_2a-chamada_FIPE-UNIFICADO_pages-to-jpg-0001-e1650972862853.jpg 1053w, https:\/\/www.ufsm.br\/app\/uploads\/sites\/819\/2022\/04\/Edital-011_2022_2a-chamada_FIPE-UNIFICADO_pages-to-jpg-0001-e1650972862853-300x185.jpg 300w, https:\/\/www.ufsm.br\/app\/uploads\/sites\/819\/2022\/04\/Edital-011_2022_2a-chamada_FIPE-UNIFICADO_pages-to-jpg-0001-e1650972862853-1024x631.jpg 1024w, https:\/\/www.ufsm.br\/app\/uploads\/sites\/819\/2022\/04\/Edital-011_2022_2a-chamada_FIPE-UNIFICADO_pages-to-jpg-0001-e1650972862853-768x473.jpg 768w\" sizes=\"(max-width: 1053px) 100vw, 1053px\" \/><\/p>\t\t\t\t\t\t<\/div>\n\t\t\t\t<\/div>\n\t\t\t\t\t<\/div>\n\t\t<\/div>\n\t\t\t\t\t<\/div>\n\t\t<\/section>\n\t\t\t\t<section class=\"elementor-section elementor-top-section elementor-element elementor-element-0e45a4d elementor-section-boxed elementor-section-height-default elementor-section-height-default\" data-id=\"0e45a4d\" data-element_type=\"section\">\n\t\t\t\t\t\t<div class=\"elementor-container elementor-column-gap-default\">\n\t\t\t\t\t<div class=\"elementor-column elementor-col-100 elementor-top-column elementor-element elementor-element-ca8f6d1\" data-id=\"ca8f6d1\" data-element_type=\"column\">\n\t\t\t<div class=\"elementor-widget-wrap elementor-element-populated\">\n\t\t\t\t\t\t<div class=\"elementor-element elementor-element-e381ee4 elementor-widget elementor-widget-text-editor\" data-id=\"e381ee4\" data-element_type=\"widget\" data-widget_type=\"text-editor.default\">\n\t\t\t\t<div class=\"elementor-widget-container\">\n\t\t\t\t\t\t\t<p>Confira o edital completo em:\u00a0<a href=\"https:\/\/www.ufsm.br\/app\/uploads\/sites\/345\/2022\/04\/Edital-011_2022_2a-chamada_FIPE-UNIFICADO-2.pdf\" target=\"_blank\" rel=\"noopener\">EDITAL 011\/2022 PRPGP<\/a><\/p>\t\t\t\t\t\t<\/div>\n\t\t\t\t<\/div>\n\t\t\t\t\t<\/div>\n\t\t<\/div>\n\t\t\t\t\t<\/div>\n\t\t<\/section>\n\t\t\t\t<\/div>\n\t\t","protected":false},"excerpt":{"rendered":"<p>A CIC\/PRPGP publica o\u00a0Edital 011\/2022 FIPE UNIFICADO &#8211; 2\u00aa chamada, que permite solicita\u00e7\u00f5es de bolsas e aux\u00edlios para professores que n\u00e3o obtiveram concess\u00f5es no edital 03\/2022 &#8211; FIPE UNIFICADO.\u00a0A CIC\/PRPGP informa que este edital \u00e9 restrito \u00e0s unidades de ensino que n\u00e3o tiveram demanda qualificada para utiliza\u00e7\u00e3o da totalidade dos recursos disponibilizados ao FIPE 2022, [&hellip;]<\/p>\n","protected":false},"author":2814,"featured_media":0,"comment_status":"closed","ping_status":"closed","sticky":false,"template":"","format":"standard","meta":{"footnotes":""},"categories":[43,11],"tags":[56,88],"class_list":["post-736","post","type-post","status-publish","format-standard","hentry","category-noticias-ccsh","category-noticias","tag-edital-ccsh","tag-fipe"],"acf":[],"_links":{"self":[{"href":"https:\/\/www.ufsm.br\/pro-reitorias\/proplan\/gap\/wp-json\/wp\/v2\/posts\/736","targetHints":{"allow":["GET"]}}],"collection":[{"href":"https:\/\/www.ufsm.br\/pro-reitorias\/proplan\/gap\/wp-json\/wp\/v2\/posts"}],"about":[{"href":"https:\/\/www.ufsm.br\/pro-reitorias\/proplan\/gap\/wp-json\/wp\/v2\/types\/post"}],"author":[{"embeddable":true,"href":"https:\/\/www.ufsm.br\/pro-reitorias\/proplan\/gap\/wp-json\/wp\/v2\/users\/2814"}],"replies":[{"embeddable":true,"href":"https:\/\/www.ufsm.br\/pro-reitorias\/proplan\/gap\/wp-json\/wp\/v2\/comments?post=736"}],"version-history":[{"count":0,"href":"https:\/\/www.ufsm.br\/pro-reitorias\/proplan\/gap\/wp-json\/wp\/v2\/posts\/736\/revisions"}],"wp:attachment":[{"href":"https:\/\/www.ufsm.br\/pro-reitorias\/proplan\/gap\/wp-json\/wp\/v2\/media?parent=736"}],"wp:term":[{"taxonomy":"category","embeddable":true,"href":"https:\/\/www.ufsm.br\/pro-reitorias\/proplan\/gap\/wp-json\/wp\/v2\/categories?post=736"},{"taxonomy":"post_tag","embeddable":true,"href":"https:\/\/www.ufsm.br\/pro-reitorias\/proplan\/gap\/wp-json\/wp\/v2\/tags?post=736"}],"curies":[{"name":"wp","href":"https:\/\/api.w.org\/{rel}","templated":true}]}}