{"id":982,"date":"2023-04-14T12:18:54","date_gmt":"2023-04-14T15:18:54","guid":{"rendered":"https:\/\/www.ufsm.br\/pro-reitorias\/proplan\/gap\/?p=982"},"modified":"2023-04-14T15:26:10","modified_gmt":"2023-04-14T18:26:10","slug":"resultado-final-editais-fipe-ccsh-2023","status":"publish","type":"post","link":"https:\/\/www.ufsm.br\/pro-reitorias\/proplan\/gap\/2023\/04\/14\/resultado-final-editais-fipe-ccsh-2023","title":{"rendered":"Resultado Final Editais FIPE  CCSH 2023"},"content":{"rendered":"\n\n\n<h2 class=\"text-start text-muted text-break h4 mb-0\">Divulga\u00e7\u00e3o do resultado final Edital FIPE 2023.<\/h2>\n<p>A Comiss\u00e3o de Pesquisa do CCSH e a Subdivis\u00e3o de Projetos divulga abaixo a listagem oficial (em ordem de pontua\u00e7\u00e3o) do servidor docente contemplado no Fundo de Incentivo \u00e0 Pesquisa 2023, ap\u00f3s avalia\u00e7\u00e3o de recursos.<\/p>\n<p>O Centro de Ci\u00eancias Sociais e Humanas recebeu o montante de R$ 122.824,75 para contemplar os editais FIPE 2023, o mesmo valor recebido no ano de 2022.<\/p>\n<p>Em virtude disso e do aumento no n\u00famero de inscritos, a Comiss\u00e3o de pesquisa em <span style=\"text-decoration: underline\">atendimento ao Termo Aditivo 05\/2023<\/span>, decidiu que as <span style=\"text-decoration: underline\"><strong>bolsas ter\u00e3o dura\u00e7\u00e3o de 7 meses e a vig\u00eancia das mesmas ser\u00e3o de 01 de maio de 2023 \u00e0 30 de novembro de 2023<\/strong><\/span>, para que mais solicitantes pudessem ser contemplados.<\/p>\n<p>Um modelo de edital para o processo seletivo de bolsistas est\u00e1 dispon\u00edvel aos contemplados no s\u00edtio da PRPGP.<br><strong>Todos os editais para sele\u00e7\u00e3o de bolsistas dos professores devem ser divulgados na p\u00e1gina da respectiva Unidade de Ensino com pelo menos 48h de anteced\u00eancia ao in\u00edcio das inscri\u00e7\u00f5es<\/strong>. <br>Os editais de devem ser enviados para o e-mail <a href=\"mailto:oportunidade.bolsas.ccsh@ufsm.br\">oportunidade.bolsas.ccsh@ufsm.br<\/a> para a divulga\u00e7\u00e3o no site.<\/p>\n\n\n\n<p>Clique aqui para acessar o&nbsp;<a href=\"https:\/\/www.ufsm.br\/app\/uploads\/sites\/819\/2023\/04\/Memorando_NBA_002_Resultado_Final_FIPE_assinado.pdf\" target=\"_blank\" rel=\"noopener\">Resultado Final FIPE 2023<\/a><\/p>\n","protected":false},"excerpt":{"rendered":"<p>Divulga\u00e7\u00e3o do resultado final Edital FIPE 2023. A Comiss\u00e3o de Pesquisa do CCSH e a Subdivis\u00e3o de Projetos divulga abaixo a listagem oficial (em ordem de pontua\u00e7\u00e3o) do servidor docente contemplado no Fundo de Incentivo \u00e0 Pesquisa 2023, ap\u00f3s avalia\u00e7\u00e3o de recursos. O Centro de Ci\u00eancias Sociais e Humanas recebeu o montante de R$ 122.824,75 [&hellip;]<\/p>\n","protected":false},"author":2814,"featured_media":0,"comment_status":"closed","ping_status":"closed","sticky":true,"template":"","format":"standard","meta":{"footnotes":""},"categories":[43,11],"tags":[120,56,88,106,39],"class_list":["post-982","post","type-post","status-publish","format-standard","hentry","category-noticias-ccsh","category-noticias","tag-ccsh","tag-edital-ccsh","tag-fipe","tag-gap-ccsh","tag-resultado"],"acf":[],"_links":{"self":[{"href":"https:\/\/www.ufsm.br\/pro-reitorias\/proplan\/gap\/wp-json\/wp\/v2\/posts\/982","targetHints":{"allow":["GET"]}}],"collection":[{"href":"https:\/\/www.ufsm.br\/pro-reitorias\/proplan\/gap\/wp-json\/wp\/v2\/posts"}],"about":[{"href":"https:\/\/www.ufsm.br\/pro-reitorias\/proplan\/gap\/wp-json\/wp\/v2\/types\/post"}],"author":[{"embeddable":true,"href":"https:\/\/www.ufsm.br\/pro-reitorias\/proplan\/gap\/wp-json\/wp\/v2\/users\/2814"}],"replies":[{"embeddable":true,"href":"https:\/\/www.ufsm.br\/pro-reitorias\/proplan\/gap\/wp-json\/wp\/v2\/comments?post=982"}],"version-history":[{"count":0,"href":"https:\/\/www.ufsm.br\/pro-reitorias\/proplan\/gap\/wp-json\/wp\/v2\/posts\/982\/revisions"}],"wp:attachment":[{"href":"https:\/\/www.ufsm.br\/pro-reitorias\/proplan\/gap\/wp-json\/wp\/v2\/media?parent=982"}],"wp:term":[{"taxonomy":"category","embeddable":true,"href":"https:\/\/www.ufsm.br\/pro-reitorias\/proplan\/gap\/wp-json\/wp\/v2\/categories?post=982"},{"taxonomy":"post_tag","embeddable":true,"href":"https:\/\/www.ufsm.br\/pro-reitorias\/proplan\/gap\/wp-json\/wp\/v2\/tags?post=982"}],"curies":[{"name":"wp","href":"https:\/\/api.w.org\/{rel}","templated":true}]}}