{"id":2155,"date":"2019-04-26T11:42:30","date_gmt":"2019-04-26T14:42:30","guid":{"rendered":"https:\/\/www.ufsm.br\/pro-reitorias\/proplan\/?p=2155"},"modified":"2019-05-13T09:45:21","modified_gmt":"2019-05-13T12:45:21","slug":"universidades-membro-da-augm-realizam-planejamento-integrado","status":"publish","type":"post","link":"https:\/\/www.ufsm.br\/pro-reitorias\/proplan\/2019\/04\/26\/universidades-membro-da-augm-realizam-planejamento-integrado","title":{"rendered":"Universidades-membro da  AUGM realizam planejamento integrado"},"content":{"rendered":"\n<p>A partir do trabalho do N\u00facleo Disciplinar de Avalia\u00e7\u00e3o Institucional, Planejamento Estrat\u00e9gico e Gest\u00e3o Universit\u00e1ria da Associa\u00e7\u00e3o de Universidades Grupo Montevideo (AUGM), a rede de universidades p\u00fablicas de pa\u00edses que inclui Brasil, Chile, Argentina, Paraguai e Uruguai objetiva compartilhar experi\u00eancias e planejar a\u00e7\u00f5es de forma conjunta.<\/p>\n<p>Todos os semestres, o n\u00facleo re\u00fane seus integrantes e realiza um encontro para compartilhar experi\u00eancias acerca de avalia\u00e7\u00e3o institucional, planejamento estrat\u00e9gico e gest\u00e3o universit\u00e1ria a partir da viv\u00eancia de cada membro em suas respectivas universidades. Neste<br>primeiro semestre de 2019, a sede escolhida para o encontro foi a Universidade Federal de Santa Maria. A Pr\u00f3-Reitoria de Planejamento da UFSM conversou com a diretora do n\u00facleo, Maria Francisca Briones Rosas.<\/p>\n<p>Ao ser questionada sobre a fun\u00e7\u00e3o do N\u00facleo Disciplinar de Avalia\u00e7\u00e3o Institucional, Planejamento Estrat\u00e9gico e Gest\u00e3o Universit\u00e1ria, Francisca comenta que atualmente o grupo est\u00e1 com desafio de apoiar a formula\u00e7\u00e3o do plano de desenvolvimento da AUGM. A diretora acredita ser uma oportunidade para repensar o passado e prever algumas tem\u00e1ticas que ser\u00e3o abordadas futuramente.<\/p>\n<p>A partir da reuni\u00e3o, que ocorreu no dia 10 de abril na UFSM, o diagn\u00f3stico institucional da AUGM, primeira etapa do plano de desenvolvimento, foi conclu\u00eddo. Al\u00e9m disso, algumas atividades como um curso de inverno sobre macroprocessos de gest\u00e3o e a segunda etapa do planejamento, foram programadas para o segundo semestre.<\/p>\n<p>Por fim, no que diz respeito \u00e0 perspectivas futuras, Francisca assegurou a continuidade do trabalho de levantamento de indicadores de desempenho para monitorar e atualizar os indicadores institucionais e afirmou: \u201co que mais queremos \u00e9 seguir compartilhando experi\u00eancias e boas pr\u00e1ticas entre as universidades-membro da AUGM\u201d.<\/p>\n","protected":false},"excerpt":{"rendered":"<p>A partir do trabalho do N\u00facleo Disciplinar de Avalia\u00e7\u00e3o Institucional, Planejamento Estrat\u00e9gico e Gest\u00e3o Universit\u00e1ria da Associa\u00e7\u00e3o de Universidades Grupo Montevideo (AUGM), a rede de universidades p\u00fablicas de pa\u00edses que inclui Brasil, Chile, Argentina, Paraguai e Uruguai objetiva compartilhar experi\u00eancias e planejar a\u00e7\u00f5es de forma conjunta. Todos os semestres, o n\u00facleo re\u00fane seus integrantes e [&hellip;]<\/p>\n","protected":false},"author":704,"featured_media":0,"comment_status":"closed","ping_status":"closed","sticky":false,"template":"","format":"standard","meta":{"footnotes":""},"categories":[1],"tags":[138],"class_list":["post-2155","post","type-post","status-publish","format-standard","hentry","category-sem-categoria","tag-evento"],"acf":[],"_links":{"self":[{"href":"https:\/\/www.ufsm.br\/pro-reitorias\/proplan\/wp-json\/wp\/v2\/posts\/2155","targetHints":{"allow":["GET"]}}],"collection":[{"href":"https:\/\/www.ufsm.br\/pro-reitorias\/proplan\/wp-json\/wp\/v2\/posts"}],"about":[{"href":"https:\/\/www.ufsm.br\/pro-reitorias\/proplan\/wp-json\/wp\/v2\/types\/post"}],"author":[{"embeddable":true,"href":"https:\/\/www.ufsm.br\/pro-reitorias\/proplan\/wp-json\/wp\/v2\/users\/704"}],"replies":[{"embeddable":true,"href":"https:\/\/www.ufsm.br\/pro-reitorias\/proplan\/wp-json\/wp\/v2\/comments?post=2155"}],"version-history":[{"count":0,"href":"https:\/\/www.ufsm.br\/pro-reitorias\/proplan\/wp-json\/wp\/v2\/posts\/2155\/revisions"}],"wp:attachment":[{"href":"https:\/\/www.ufsm.br\/pro-reitorias\/proplan\/wp-json\/wp\/v2\/media?parent=2155"}],"wp:term":[{"taxonomy":"category","embeddable":true,"href":"https:\/\/www.ufsm.br\/pro-reitorias\/proplan\/wp-json\/wp\/v2\/categories?post=2155"},{"taxonomy":"post_tag","embeddable":true,"href":"https:\/\/www.ufsm.br\/pro-reitorias\/proplan\/wp-json\/wp\/v2\/tags?post=2155"}],"curies":[{"name":"wp","href":"https:\/\/api.w.org\/{rel}","templated":true}]}}