{"id":2322,"date":"2019-07-16T15:06:30","date_gmt":"2019-07-16T18:06:30","guid":{"rendered":"https:\/\/www.ufsm.br\/pro-reitorias\/proplan\/?p=2322"},"modified":"2019-07-16T15:06:33","modified_gmt":"2019-07-16T18:06:33","slug":"publicada-resolucao-que-atualiza-o-regimento-geral-da-ufsm","status":"publish","type":"post","link":"https:\/\/www.ufsm.br\/pro-reitorias\/proplan\/2019\/07\/16\/publicada-resolucao-que-atualiza-o-regimento-geral-da-ufsm","title":{"rendered":"Publicada resolu\u00e7\u00e3o que atualiza o Regimento Geral da UFSM"},"content":{"rendered":"\n<p>O Conselho Universit\u00e1rio (Consu) aprovou na reuni\u00e3o do dia 28 de junho a Resolu\u00e7\u00e3o N\u00ba 016\/2019, que re\u00fane altera\u00e7\u00f5es no Regimento Geral da Universidade Federal de Santa Maria. As mudan\u00e7as ocorrem para adequ\u00e1-lo \u00e0 legisla\u00e7\u00e3o vigente e para o ajuste redacional resultante da publica\u00e7\u00e3o de normas internas.<\/p>\n<p>A \u00faltima vers\u00e3o do Regimento Geral havia sido atualizada em 2011, por meio da Resolu\u00e7\u00e3o N\u00ba 006\/2011. Dessa forma, a nova resolu\u00e7\u00e3o compilou todas as altera\u00e7\u00f5es regimentais compreendidas no per\u00edodo de abril de 2011 at\u00e9 os dias atuais.<\/p>\n<p>Segundo a coordenadora da Coordenadoria de Planejamento Administrativo (Coplad), Daniele Rizzetti, o novo documento re\u00fane altera\u00e7\u00f5es como a cria\u00e7\u00e3o da Auditoria Interna na estrutura organizacional (008\/2011), a reestrutura\u00e7\u00e3o da Pr\u00f3-Reitoria de Gest\u00e3o de Pessoas (029\/2012), a cria\u00e7\u00e3o da Coordenadoria de A\u00e7\u00f5es Educacionais (019\/2016), a institui\u00e7\u00e3o do C\u00f3digo de \u00c9tica e Conviv\u00eancia Discente (017\/2018), entre outras. A lista completa consta na Resolu\u00e7\u00e3o N\u00ba 016\/2019.<\/p>\n<p>A compila\u00e7\u00e3o das altera\u00e7\u00f5es busca facilitar as consultas relativas ao Regimento Geral, visando dirimir cita\u00e7\u00f5es a itens do regimento j\u00e1 revisados e alterados pelas demais normativas internas e contribuindo para um melhor funcionamento das atividades institucionais.<\/p>\n<p>A Coordenadoria de Planejamento Administrativo alerta para que servidores que fizeram download anteriormente do arquivo do Regimento para consultas acessem o documento atualizado, que pode ser encontrado no link abaixo, junto \u00e0 resolu\u00e7\u00e3o.<\/p>\n<p><a href=\"https:\/\/portal.ufsm.br\/documentos\/publico\/documento.html?id=12579396\">Regimento Geral da UFSM e Resolu\u00e7\u00e3o N. 016\/2019<\/a><\/p>\n","protected":false},"excerpt":{"rendered":"<p>O Conselho Universit\u00e1rio (Consu) aprovou na reuni\u00e3o do dia 28 de junho a Resolu\u00e7\u00e3o N\u00ba 016\/2019, que re\u00fane altera\u00e7\u00f5es no Regimento Geral da Universidade Federal de Santa Maria. As mudan\u00e7as ocorrem para adequ\u00e1-lo \u00e0 legisla\u00e7\u00e3o vigente e para o ajuste redacional resultante da publica\u00e7\u00e3o de normas internas. A \u00faltima vers\u00e3o do Regimento Geral havia sido [&hellip;]<\/p>\n","protected":false},"author":75,"featured_media":0,"comment_status":"closed","ping_status":"closed","sticky":false,"template":"","format":"standard","meta":{"footnotes":""},"categories":[1],"tags":[151],"class_list":["post-2322","post","type-post","status-publish","format-standard","hentry","category-sem-categoria","tag-regimento-geral"],"acf":[],"_links":{"self":[{"href":"https:\/\/www.ufsm.br\/pro-reitorias\/proplan\/wp-json\/wp\/v2\/posts\/2322","targetHints":{"allow":["GET"]}}],"collection":[{"href":"https:\/\/www.ufsm.br\/pro-reitorias\/proplan\/wp-json\/wp\/v2\/posts"}],"about":[{"href":"https:\/\/www.ufsm.br\/pro-reitorias\/proplan\/wp-json\/wp\/v2\/types\/post"}],"author":[{"embeddable":true,"href":"https:\/\/www.ufsm.br\/pro-reitorias\/proplan\/wp-json\/wp\/v2\/users\/75"}],"replies":[{"embeddable":true,"href":"https:\/\/www.ufsm.br\/pro-reitorias\/proplan\/wp-json\/wp\/v2\/comments?post=2322"}],"version-history":[{"count":0,"href":"https:\/\/www.ufsm.br\/pro-reitorias\/proplan\/wp-json\/wp\/v2\/posts\/2322\/revisions"}],"wp:attachment":[{"href":"https:\/\/www.ufsm.br\/pro-reitorias\/proplan\/wp-json\/wp\/v2\/media?parent=2322"}],"wp:term":[{"taxonomy":"category","embeddable":true,"href":"https:\/\/www.ufsm.br\/pro-reitorias\/proplan\/wp-json\/wp\/v2\/categories?post=2322"},{"taxonomy":"post_tag","embeddable":true,"href":"https:\/\/www.ufsm.br\/pro-reitorias\/proplan\/wp-json\/wp\/v2\/tags?post=2322"}],"curies":[{"name":"wp","href":"https:\/\/api.w.org\/{rel}","templated":true}]}}