{"id":2323,"date":"2019-07-17T08:58:13","date_gmt":"2019-07-17T11:58:13","guid":{"rendered":"https:\/\/www.ufsm.br\/pro-reitorias\/proplan\/?p=2323"},"modified":"2019-07-18T08:13:56","modified_gmt":"2019-07-18T11:13:56","slug":"atendimento-suspenso-na-manha-de-18-7","status":"publish","type":"post","link":"https:\/\/www.ufsm.br\/pro-reitorias\/proplan\/2019\/07\/17\/atendimento-suspenso-na-manha-de-18-7","title":{"rendered":"Atendimento parcialmente suspenso na manh\u00e3 de 18\/7"},"content":{"rendered":"\n<p>Informamos que o atendimento da Pr\u00f3-Reitoria de Planejamento estar\u00e1 suspenso na manh\u00e3 desta quinta-feira (18\/7), das 9h \u00e0s 11h. A equipe participar\u00e1 de reuni\u00e3o geral sobre reestrutura\u00e7\u00e3o administrativa.<\/p>\n","protected":false},"excerpt":{"rendered":"<p>Informamos que o atendimento da Pr\u00f3-Reitoria de Planejamento estar\u00e1 suspenso na manh\u00e3 desta quinta-feira (18\/7), das 9h \u00e0s 11h. A equipe participar\u00e1 de reuni\u00e3o geral sobre reestrutura\u00e7\u00e3o administrativa.<\/p>\n","protected":false},"author":80,"featured_media":0,"comment_status":"closed","ping_status":"closed","sticky":false,"template":"","format":"standard","meta":{"footnotes":""},"categories":[1],"tags":[],"class_list":["post-2323","post","type-post","status-publish","format-standard","hentry","category-sem-categoria"],"acf":[],"_links":{"self":[{"href":"https:\/\/www.ufsm.br\/pro-reitorias\/proplan\/wp-json\/wp\/v2\/posts\/2323","targetHints":{"allow":["GET"]}}],"collection":[{"href":"https:\/\/www.ufsm.br\/pro-reitorias\/proplan\/wp-json\/wp\/v2\/posts"}],"about":[{"href":"https:\/\/www.ufsm.br\/pro-reitorias\/proplan\/wp-json\/wp\/v2\/types\/post"}],"author":[{"embeddable":true,"href":"https:\/\/www.ufsm.br\/pro-reitorias\/proplan\/wp-json\/wp\/v2\/users\/80"}],"replies":[{"embeddable":true,"href":"https:\/\/www.ufsm.br\/pro-reitorias\/proplan\/wp-json\/wp\/v2\/comments?post=2323"}],"version-history":[{"count":0,"href":"https:\/\/www.ufsm.br\/pro-reitorias\/proplan\/wp-json\/wp\/v2\/posts\/2323\/revisions"}],"wp:attachment":[{"href":"https:\/\/www.ufsm.br\/pro-reitorias\/proplan\/wp-json\/wp\/v2\/media?parent=2323"}],"wp:term":[{"taxonomy":"category","embeddable":true,"href":"https:\/\/www.ufsm.br\/pro-reitorias\/proplan\/wp-json\/wp\/v2\/categories?post=2323"},{"taxonomy":"post_tag","embeddable":true,"href":"https:\/\/www.ufsm.br\/pro-reitorias\/proplan\/wp-json\/wp\/v2\/tags?post=2323"}],"curies":[{"name":"wp","href":"https:\/\/api.w.org\/{rel}","templated":true}]}}