{"id":2334,"date":"2019-07-17T11:32:03","date_gmt":"2019-07-17T14:32:03","guid":{"rendered":"https:\/\/www.ufsm.br\/pro-reitorias\/proplan\/?p=2334"},"modified":"2019-07-17T11:32:05","modified_gmt":"2019-07-17T14:32:05","slug":"proplan-atualiza-guia-de-processos-e-apresenta-portal-de-processos","status":"publish","type":"post","link":"https:\/\/www.ufsm.br\/pro-reitorias\/proplan\/2019\/07\/17\/proplan-atualiza-guia-de-processos-e-apresenta-portal-de-processos","title":{"rendered":"Proplan atualiza Guia de Processos e apresenta Portal de Processos"},"content":{"rendered":"\n<p>O\u00a0<a href=\"http:\/\/w3.ufsm.br\/proplan\/pp\/GUIA%20MAPEAMENTO%20PROCESSOS%202.0.pdf\" target=\"_blank\" rel=\"noopener noreferrer\" data-saferedirecturl=\"https:\/\/www.google.com\/url?q=http:\/\/w3.ufsm.br\/proplan\/pp\/GUIA%2520MAPEAMENTO%2520PROCESSOS%25202.0.pdf&amp;source=gmail&amp;ust=1563459227575000&amp;usg=AFQjCNERVJfJrRoc0BFZzu8euZZx9Ywdgw\"><b>Guia de Mapeamento de Processos<\/b><\/a>\u00a0lan\u00e7ado em 2018 pela Pr\u00f3-Reitoria de Planejamento ganha nova edi\u00e7\u00e3o com conte\u00fado aprofundado. A segunda edi\u00e7\u00e3o do Manual apresenta, al\u00e9m de conceitos sobre mapeamento de processos, elementos de nota\u00e7\u00e3o de modelagem de processos e exemplos de transforma\u00e7\u00e3o de processos.<\/p>\n<p>No cap\u00edtulo 3 foram acrescentados elementos avan\u00e7ados de modelagem de processos conforme a Nota\u00e7\u00e3o de Modelagem de Processos de Neg\u00f3cio (BPMN), nota\u00e7\u00e3o utilizado pelo Projeto de Moderniza\u00e7\u00e3o Administrativa para desenhar os processos mapeados na administra\u00e7\u00e3o central da UFSM. Dessa forma, \u00e9 poss\u00edvel entender os fluxos dos processos que passam pelas pr\u00f3-reitorias e \u00f3rg\u00e3os da institui\u00e7\u00e3o. O cap\u00edtulo 4, Transforma\u00e7\u00e3o de Processos demonstra como \u00e9 poss\u00edvel propor melhorias e at\u00e9 redesenhos nos processos existentes.<\/p>\n<p><b><a href=\"http:\/\/processos.ufsm.br\/\" target=\"_blank\" rel=\"noopener noreferrer\" data-saferedirecturl=\"https:\/\/www.google.com\/url?q=http:\/\/processos.ufsm.br\/&amp;source=gmail&amp;ust=1563459227575000&amp;usg=AFQjCNF2HCwM-hvfWURxOMDzZ0jCKJrCdg\">Portal de Processos<\/a><\/b><\/p>\n<p>Al\u00e9m da publica\u00e7\u00e3o do Guia e da promo\u00e7\u00e3o de cursos semestrais sobre Gest\u00e3o de Processos, a Proplan disponibiliza para a comunidade acad\u00eamica um\u00a0<a href=\"http:\/\/processos.ufsm.br\/\" target=\"_blank\" rel=\"noopener noreferrer\" data-saferedirecturl=\"https:\/\/www.google.com\/url?q=http:\/\/processos.ufsm.br\/&amp;source=gmail&amp;ust=1563459227575000&amp;usg=AFQjCNF2HCwM-hvfWURxOMDzZ0jCKJrCdg\">Portal de Processos<\/a>, onde est\u00e3o publicados todos os processos mapeados, Al\u00e9m dos desenhos dos processos, \u00e9 poss\u00edvel visualizar quais processos pertencem a quais setores e como est\u00e3o ligados \u00e0 Cadeia de Valor e aos desafios e objetivos do Plano de Desenvolvimento Institucional (PDI 2016-2026).<\/p>\n<p>\u00a0<\/p>\n<p><img fetchpriority=\"high\" decoding=\"async\" class=\"aligncenter size-medium wp-image-2336\" src=\"https:\/\/www.ufsm.br\/pro-reitorias\/proplan\/wp-content\/uploads\/sites\/344\/2019\/07\/processo_afastamento1-292x300.png\" alt=\"\" width=\"292\" height=\"300\" srcset=\"https:\/\/www.ufsm.br\/app\/uploads\/sites\/344\/2019\/07\/processo_afastamento1-292x300.png 292w, https:\/\/www.ufsm.br\/app\/uploads\/sites\/344\/2019\/07\/processo_afastamento1.png 463w\" sizes=\"(max-width: 292px) 100vw, 292px\" \/><\/p>\n","protected":false},"excerpt":{"rendered":"<p>O\u00a0Guia de Mapeamento de Processos\u00a0lan\u00e7ado em 2018 pela Pr\u00f3-Reitoria de Planejamento ganha nova edi\u00e7\u00e3o com conte\u00fado aprofundado. A segunda edi\u00e7\u00e3o do Manual apresenta, al\u00e9m de conceitos sobre mapeamento de processos, elementos de nota\u00e7\u00e3o de modelagem de processos e exemplos de transforma\u00e7\u00e3o de processos. No cap\u00edtulo 3 foram acrescentados elementos avan\u00e7ados de modelagem de processos conforme [&hellip;]<\/p>\n","protected":false},"author":80,"featured_media":0,"comment_status":"closed","ping_status":"closed","sticky":false,"template":"","format":"standard","meta":{"footnotes":""},"categories":[1],"tags":[],"class_list":["post-2334","post","type-post","status-publish","format-standard","hentry","category-sem-categoria"],"acf":[],"_links":{"self":[{"href":"https:\/\/www.ufsm.br\/pro-reitorias\/proplan\/wp-json\/wp\/v2\/posts\/2334","targetHints":{"allow":["GET"]}}],"collection":[{"href":"https:\/\/www.ufsm.br\/pro-reitorias\/proplan\/wp-json\/wp\/v2\/posts"}],"about":[{"href":"https:\/\/www.ufsm.br\/pro-reitorias\/proplan\/wp-json\/wp\/v2\/types\/post"}],"author":[{"embeddable":true,"href":"https:\/\/www.ufsm.br\/pro-reitorias\/proplan\/wp-json\/wp\/v2\/users\/80"}],"replies":[{"embeddable":true,"href":"https:\/\/www.ufsm.br\/pro-reitorias\/proplan\/wp-json\/wp\/v2\/comments?post=2334"}],"version-history":[{"count":0,"href":"https:\/\/www.ufsm.br\/pro-reitorias\/proplan\/wp-json\/wp\/v2\/posts\/2334\/revisions"}],"wp:attachment":[{"href":"https:\/\/www.ufsm.br\/pro-reitorias\/proplan\/wp-json\/wp\/v2\/media?parent=2334"}],"wp:term":[{"taxonomy":"category","embeddable":true,"href":"https:\/\/www.ufsm.br\/pro-reitorias\/proplan\/wp-json\/wp\/v2\/categories?post=2334"},{"taxonomy":"post_tag","embeddable":true,"href":"https:\/\/www.ufsm.br\/pro-reitorias\/proplan\/wp-json\/wp\/v2\/tags?post=2334"}],"curies":[{"name":"wp","href":"https:\/\/api.w.org\/{rel}","templated":true}]}}