{"id":4960,"date":"2022-06-15T15:21:02","date_gmt":"2022-06-15T18:21:02","guid":{"rendered":"https:\/\/www.ufsm.br\/pro-reitorias\/proplan\/?p=4960"},"modified":"2022-08-05T16:47:17","modified_gmt":"2022-08-05T19:47:17","slug":"reputacao-academica-e-destaque-da-ufsm-no-qs-ranking","status":"publish","type":"post","link":"https:\/\/www.ufsm.br\/pro-reitorias\/proplan\/2022\/06\/15\/reputacao-academica-e-destaque-da-ufsm-no-qs-ranking","title":{"rendered":"Reputa\u00e7\u00e3o Acad\u00eamica \u00e9 destaque da UFSM no QS Ranking"},"content":{"rendered":"\n<h2 class=\"wp-block-heading\"><\/h2>\n\n\n\n<p>A companhia brit\u00e2nica Quacquarelli Symonds (QS) publicou, nesta semana, a edi\u00e7\u00e3o 2023 do ranking das melhores universidades do mundo. Neste ano foram avaliadas mais de 2,4 mil institui\u00e7\u00f5es de diferentes pa\u00edses. A UFSM obteve destaque positivo em um dos crit\u00e9rios mais importantes da avalia\u00e7\u00e3o: a Reputa\u00e7\u00e3o Acad\u00eamica.\u00a0<\/p>\n<p>No ranking 2023, a Universidade teve uma pontua\u00e7\u00e3o de 5,3 neste indicador. Um crescimento considerado positivo em rela\u00e7\u00e3o ao ano anterior, em que a nota foi de 4,5. Lucas Langner, da Coordenadoria de Planejamento Informacional da Pr\u00f3-Reitoria de Planejamento (Proplan) da UFSM, aponta que a Reputa\u00e7\u00e3o Acad\u00eamica \u00e9 o crit\u00e9rio mais relevante do QS Ranking j\u00e1 que, a partir dele, \u00e9 poss\u00edvel destacar a import\u00e2ncia que a comunidade acad\u00eamica global d\u00e1 para o ensino, a pesquisa e o ambiente acad\u00eamico de cada institui\u00e7\u00e3o. Metodologicamente, Langner explica que \u201ca avalia\u00e7\u00e3o deste item \u00e9 feita atrav\u00e9s de uma extensa pesquisa global em que milhares de docentes, gestores, pesquisadores e demais nomes reconhecidos do ensino mundial, selecionam as institui\u00e7\u00f5es que consideram as melhores em sua \u00e1rea de atua\u00e7\u00e3o\u201d.<\/p>\n<p>Na classifica\u00e7\u00e3o geral, a UFSM ocupa a 18\u00ba posi\u00e7\u00e3o no ranking nacional.\u00a0<\/p>\n<h3><b>Atua\u00e7\u00e3o integrada aos ODS<\/b><\/h3>\n<p>Outro aspecto divulgado pelo QS ranking \u00e9 com rela\u00e7\u00e3o aos Objetivos do Desenvolvimento Sustent\u00e1vel (ODS) da ONU. De acordo com os resultados e dados apresentados pelas Institui\u00e7\u00f5es para o trabalho feito com os ODS, elas s\u00e3o classificadas como Ouro, Prata, Bronze ou Candidatas.\u00a0<\/p>\n<p>At\u00e9 o ano passado a UFSM estava neste \u00faltimo grupo. No resultado divulgado agora, a Universidade recebeu a classifica\u00e7\u00e3o Bronze e integra um grupo de apenas 253 medalhistas de bronze no mundo todo. No Brasil, apenas 13 institui\u00e7\u00f5es receberam essa condecora\u00e7\u00e3o.\u00a0<\/p>\n<p>Em abril de 2022 a UFSM tamb\u00e9m obteve <a href=\"https:\/\/www.ufsm.br\/2022\/04\/27\/ufsm-e-destaque-na-erradicacao-da-fome-de-acordo-com-ranking-the\/\">destaque em rela\u00e7\u00e3o aos ODS no ranking THE<\/a>.<\/p>\n<h3><b>Balan\u00e7o dos resultados e perspectivas futuras<\/b><\/h3>\n<p>Marcelo Lopes Kroth, Coordenador de Planejamento Informacional, avalia que os resultados positivos que a UFSM v\u00eam apresentando em diversos rankings \u00e9 fruto do trabalho qualificado e integrado desenvolvido na Institui\u00e7\u00e3o. Em rela\u00e7\u00e3o ao QS Ranking, Kroth destaca que \u201co resultado n\u00e3o demonstra apenas a qualidade da pesquisa, mas a for\u00e7a em comunicar e o impacto que essa pesquisa causa em todo o mundo\u201d.<\/p>\n<p>Para que esses n\u00fameros e resultados sejam cada vez mais positivos, a Proplan tem buscado desenvolver estrat\u00e9gias para que a UFSM figure com cada vez mais protagonismo em diferentes rankings. Al\u00e9m de um extenso trabalho de organiza\u00e7\u00e3o de dados e iniciativas realizadas, de forma a atender as exig\u00eancias de cada tipo de avalia\u00e7\u00e3o, Langner explica que uma s\u00e9rie de a\u00e7\u00f5es afirmativas est\u00e3o sendo feitas para aumentar o reconhecimento da UFSM entre a comunidade acad\u00eamica mundial. Neste caso, foram contatados respondentes buscando lembrar e informar da import\u00e2ncia cient\u00edfica e protagonismo da institui\u00e7\u00e3o perante o mundo. \u201cEsse trabalho j\u00e1 apresentou \u00a0resultados positivos para a Universidade. Essa a\u00e7\u00e3o, iniciada no ano passado, possibilitou que a UFSM aumentasse sua nota de Reputa\u00e7\u00e3o Acad\u00eamica\u201d, exemplifica Lucas.<\/p>\n<h3><b>O ranking<\/b><\/h3>\n<p>O QS ranking \u00e9 um levantamento global que analisa e compara, anualmente, as melhores universidades do mundo por regi\u00e3o e assunto. Os resultados apresentados neste ano se referem a 2023 pois a iniciativa visa orientar estudantes para a escolha da melhor institui\u00e7\u00e3o de ensino para o ano seguinte. \u00a0<\/p>\n<p>Al\u00e9m da Reputa\u00e7\u00e3o Acad\u00eamica, para realizar a classifica\u00e7\u00e3o das institui\u00e7\u00f5es, s\u00e3o avaliados outros sete crit\u00e9rios: Reputa\u00e7\u00e3o entre empregadores; Propor\u00e7\u00e3o de professores e alunos; Cita\u00e7\u00f5es cient\u00edficas; Propor\u00e7\u00e3o de docentes estrangeiros; Propor\u00e7\u00e3o de estudantes internacionais; Rede Internacional de Pesquisa e Resultados de emprego.<\/p>\n<p>Os resultados completos podem ser encontrados no <a href=\"https:\/\/www.topuniversities.com\/university-rankings\/world-university-rankings\/2023\">site do QS Ranking<\/a>.<\/p>\n<p>\u00a0<\/p>\n<p><em>Texto: Mariana Henriques, Ag\u00eancia de Not\u00edcias da UFSM<\/em><\/p>\n","protected":false},"excerpt":{"rendered":"<p>A companhia brit\u00e2nica Quacquarelli Symonds (QS) publicou, nesta semana, a edi\u00e7\u00e3o 2023 do ranking das melhores universidades do mundo. Neste ano foram avaliadas mais de 2,4 mil institui\u00e7\u00f5es de diferentes pa\u00edses. A UFSM obteve destaque positivo em um dos crit\u00e9rios mais importantes da avalia\u00e7\u00e3o: a Reputa\u00e7\u00e3o Acad\u00eamica.\u00a0 No ranking 2023, a Universidade teve uma pontua\u00e7\u00e3o [&hellip;]<\/p>\n","protected":false},"author":5398,"featured_media":4997,"comment_status":"closed","ping_status":"closed","sticky":false,"template":"","format":"standard","meta":{"footnotes":""},"categories":[61,1],"tags":[],"class_list":["post-4960","post","type-post","status-publish","format-standard","has-post-thumbnail","hentry","category-banner-home","category-sem-categoria"],"acf":[],"_links":{"self":[{"href":"https:\/\/www.ufsm.br\/pro-reitorias\/proplan\/wp-json\/wp\/v2\/posts\/4960","targetHints":{"allow":["GET"]}}],"collection":[{"href":"https:\/\/www.ufsm.br\/pro-reitorias\/proplan\/wp-json\/wp\/v2\/posts"}],"about":[{"href":"https:\/\/www.ufsm.br\/pro-reitorias\/proplan\/wp-json\/wp\/v2\/types\/post"}],"author":[{"embeddable":true,"href":"https:\/\/www.ufsm.br\/pro-reitorias\/proplan\/wp-json\/wp\/v2\/users\/5398"}],"replies":[{"embeddable":true,"href":"https:\/\/www.ufsm.br\/pro-reitorias\/proplan\/wp-json\/wp\/v2\/comments?post=4960"}],"version-history":[{"count":0,"href":"https:\/\/www.ufsm.br\/pro-reitorias\/proplan\/wp-json\/wp\/v2\/posts\/4960\/revisions"}],"wp:featuredmedia":[{"embeddable":true,"href":"https:\/\/www.ufsm.br\/pro-reitorias\/proplan\/wp-json\/wp\/v2\/media\/4997"}],"wp:attachment":[{"href":"https:\/\/www.ufsm.br\/pro-reitorias\/proplan\/wp-json\/wp\/v2\/media?parent=4960"}],"wp:term":[{"taxonomy":"category","embeddable":true,"href":"https:\/\/www.ufsm.br\/pro-reitorias\/proplan\/wp-json\/wp\/v2\/categories?post=4960"},{"taxonomy":"post_tag","embeddable":true,"href":"https:\/\/www.ufsm.br\/pro-reitorias\/proplan\/wp-json\/wp\/v2\/tags?post=4960"}],"curies":[{"name":"wp","href":"https:\/\/api.w.org\/{rel}","templated":true}]}}